{"id":19590,"date":"2024-04-29T18:45:57","date_gmt":"2024-04-29T21:45:57","guid":{"rendered":"https:\/\/pc.sc.gov.br\/?p=19590"},"modified":"2024-04-29T18:47:35","modified_gmt":"2024-04-29T21:47:35","slug":"em-garopaba-acao-conjunta-entre-pcsc-e-pmsc-resulta-na-prisao-de-individuo-que-estaria-perseguindo-ex-companheira","status":"publish","type":"post","link":"https:\/\/pc.sc.gov.br\/?p=19590","title":{"rendered":"Em Garopaba, a\u00e7\u00e3o conjunta entre PCSC e PMSC resulta na pris\u00e3o de indiv\u00edduo que estaria perseguindo ex-companheira"},"content":{"rendered":"\t\t<div data-elementor-type=\"wp-post\" data-elementor-id=\"19590\" class=\"elementor elementor-19590\" data-elementor-post-type=\"post\">\n\t\t\t\t\t\t<section class=\"elementor-section elementor-top-section elementor-element elementor-element-28acfc1 elementor-section-boxed elementor-section-height-default elementor-section-height-default\" data-id=\"28acfc1\" data-element_type=\"section\">\n\t\t\t\t\t\t<div class=\"elementor-container elementor-column-gap-default\">\n\t\t\t\t\t<div class=\"elementor-column elementor-col-100 elementor-top-column elementor-element elementor-element-27d5897\" data-id=\"27d5897\" data-element_type=\"column\">\n\t\t\t<div class=\"elementor-widget-wrap elementor-element-populated\">\n\t\t\t\t\t\t<div class=\"elementor-element elementor-element-6697e81 elementor-widget elementor-widget-heading\" data-id=\"6697e81\" data-element_type=\"widget\" data-widget_type=\"heading.default\">\n\t\t\t\t<div class=\"elementor-widget-container\">\n\t\t\t\t\t<h2 class=\"elementor-heading-title elementor-size-default\">Em Garopaba, a\u00e7\u00e3o conjunta entre PCSC e PMSC resulta na pris\u00e3o de indiv\u00edduo que estaria perseguindo ex-companheira<\/h2>\t\t\t\t<\/div>\n\t\t\t\t<\/div>\n\t\t\t\t\t<\/div>\n\t\t<\/div>\n\t\t\t\t\t<\/div>\n\t\t<\/section>\n\t\t\t\t<section class=\"elementor-section elementor-top-section elementor-element elementor-element-5de999a elementor-section-boxed elementor-section-height-default elementor-section-height-default\" data-id=\"5de999a\" data-element_type=\"section\">\n\t\t\t\t\t\t<div class=\"elementor-container elementor-column-gap-default\">\n\t\t\t\t\t<div class=\"elementor-column elementor-col-100 elementor-top-column elementor-element elementor-element-9c75b65\" data-id=\"9c75b65\" data-element_type=\"column\">\n\t\t\t<div class=\"elementor-widget-wrap elementor-element-populated\">\n\t\t\t\t\t\t<div class=\"elementor-element elementor-element-24a30fc elementor-widget elementor-widget-image\" data-id=\"24a30fc\" data-element_type=\"widget\" data-widget_type=\"image.default\">\n\t\t\t\t<div class=\"elementor-widget-container\">\n\t\t\t\t\t\t\t\t\t\t\t\t\t\t\t<img fetchpriority=\"high\" decoding=\"async\" width=\"696\" height=\"513\" src=\"https:\/\/pc.sc.gov.br\/\/wp-content\/uploads\/2024\/04\/WhatsApp-Image-2024-04-15-at-08.55.30-fotor-20240416144718-1-1024x755.jpg\" class=\"attachment-large size-large wp-image-19524\" alt=\"\" srcset=\"https:\/\/pc.sc.gov.br\/\/wp-content\/uploads\/2024\/04\/WhatsApp-Image-2024-04-15-at-08.55.30-fotor-20240416144718-1-1024x755.jpg 1024w, https:\/\/pc.sc.gov.br\/\/wp-content\/uploads\/2024\/04\/WhatsApp-Image-2024-04-15-at-08.55.30-fotor-20240416144718-1-300x221.jpg 300w, https:\/\/pc.sc.gov.br\/\/wp-content\/uploads\/2024\/04\/WhatsApp-Image-2024-04-15-at-08.55.30-fotor-20240416144718-1-768x566.jpg 768w, https:\/\/pc.sc.gov.br\/\/wp-content\/uploads\/2024\/04\/WhatsApp-Image-2024-04-15-at-08.55.30-fotor-20240416144718-1.jpg 1186w\" sizes=\"(max-width: 696px) 100vw, 696px\" \/>\t\t\t\t\t\t\t\t\t\t\t\t\t\t\t<\/div>\n\t\t\t\t<\/div>\n\t\t\t\t\t<\/div>\n\t\t<\/div>\n\t\t\t\t\t<\/div>\n\t\t<\/section>\n\t\t\t\t<section class=\"elementor-section elementor-top-section elementor-element elementor-element-b3f3cad elementor-section-boxed elementor-section-height-default elementor-section-height-default\" data-id=\"b3f3cad\" data-element_type=\"section\">\n\t\t\t\t\t\t<div class=\"elementor-container elementor-column-gap-default\">\n\t\t\t\t\t<div class=\"elementor-column elementor-col-100 elementor-top-column elementor-element elementor-element-1f06b6b\" data-id=\"1f06b6b\" data-element_type=\"column\">\n\t\t\t<div class=\"elementor-widget-wrap elementor-element-populated\">\n\t\t\t\t\t\t<div class=\"elementor-element elementor-element-e2406fa elementor-widget elementor-widget-text-editor\" data-id=\"e2406fa\" data-element_type=\"widget\" data-widget_type=\"text-editor.default\">\n\t\t\t\t<div class=\"elementor-widget-container\">\n\t\t\t\t\t\t\t\t\t<p>No in\u00edcio de mar\u00e7o de 2024, uma mulher procurou a Pol\u00edcia Militar de Garopaba para relatar que seu ex-companheiro, insatisfeito com o t\u00e9rmino da rela\u00e7\u00e3o, estaria perseguindo-a, valendo-se de amea\u00e7as, ofensas e promessas de divulga\u00e7\u00e3o de v\u00eddeos \u00edntimos dela.&nbsp;<\/p>\n<p>O registro foi encaminhado \u00e0 Pol\u00edcia Civil de Garopaba, que passou a colher elementos dos fatos narrados, com a oitiva da v\u00edtima e testemunhas, e providenciou o encaminhamento do pedido de medidas protetivas de urg\u00eancia ao Poder Judici\u00e1rio, que imediatamente as deferiu.&nbsp;<\/p>\n<p>Nos dias seguintes, a mulher registrou novas investidas do homem contra ela, o que motivou a autoridade policial a requerer a pris\u00e3o preventiva dele, obtendo, novamente, a manifesta\u00e7\u00e3o favor\u00e1vel do Minist\u00e9rio P\u00fablico e o deferimento judicial.&nbsp;<\/p>\n<p>Desde ent\u00e3o, o homem vinha sendo procurado pelas equipes das Pol\u00edcias Civil e Militar de Garopaba. Com a atua\u00e7\u00e3o conjunta das for\u00e7as policiais, o indiv\u00edduo foi localizado, na \u00faltima sexta-feira (26), na praia central e encaminhado ao Pres\u00eddio de Imbituba, onde permanecer\u00e1 \u00e0 disposi\u00e7\u00e3o da Justi\u00e7a. O inqu\u00e9rito policial ser\u00e1 remetido ao Poder Judici\u00e1rio e Minist\u00e9rio P\u00fablico para continuidade da persecu\u00e7\u00e3o penal.&nbsp;<\/p>\n<p><b>Colabore com a Pol\u00edcia Civil. Denuncie! Disque 181, escreva para (48) 98844-0011 (WhatsApp) ou acesse www.pc.sc.gov.br.<\/b><\/p>\t\t\t\t\t\t\t\t<\/div>\n\t\t\t\t<\/div>\n\t\t\t\t\t<\/div>\n\t\t<\/div>\n\t\t\t\t\t<\/div>\n\t\t<\/section>\n\t\t\t\t<\/div>\n\t\t","protected":false},"excerpt":{"rendered":"<p>Em Garopaba, a\u00e7\u00e3o conjunta entre PCSC e PMSC resulta na pris\u00e3o de indiv\u00edduo que estaria perseguindo ex-companheira No in\u00edcio de mar\u00e7o de 2024, uma mulher procurou a Pol\u00edcia Militar de Garopaba para relatar que seu ex-companheiro, insatisfeito com o t\u00e9rmino da rela\u00e7\u00e3o, estaria perseguindo-a, valendo-se de amea\u00e7as, ofensas e promessas de divulga\u00e7\u00e3o de v\u00eddeos \u00edntimos [&hellip;]<\/p>\n","protected":false},"author":5,"featured_media":18565,"comment_status":"closed","ping_status":"open","sticky":false,"template":"","format":"standard","meta":{"_monsterinsights_skip_tracking":false,"_monsterinsights_sitenote_active":false,"_monsterinsights_sitenote_note":"","_monsterinsights_sitenote_category":0,"footnotes":""},"categories":[1],"tags":[],"class_list":["post-19590","post","type-post","status-publish","format-standard","has-post-thumbnail","hentry","category-sem-categoria"],"_links":{"self":[{"href":"https:\/\/pc.sc.gov.br\/index.php?rest_route=\/wp\/v2\/posts\/19590","targetHints":{"allow":["GET"]}}],"collection":[{"href":"https:\/\/pc.sc.gov.br\/index.php?rest_route=\/wp\/v2\/posts"}],"about":[{"href":"https:\/\/pc.sc.gov.br\/index.php?rest_route=\/wp\/v2\/types\/post"}],"author":[{"embeddable":true,"href":"https:\/\/pc.sc.gov.br\/index.php?rest_route=\/wp\/v2\/users\/5"}],"replies":[{"embeddable":true,"href":"https:\/\/pc.sc.gov.br\/index.php?rest_route=%2Fwp%2Fv2%2Fcomments&post=19590"}],"version-history":[{"count":4,"href":"https:\/\/pc.sc.gov.br\/index.php?rest_route=\/wp\/v2\/posts\/19590\/revisions"}],"predecessor-version":[{"id":19594,"href":"https:\/\/pc.sc.gov.br\/index.php?rest_route=\/wp\/v2\/posts\/19590\/revisions\/19594"}],"wp:featuredmedia":[{"embeddable":true,"href":"https:\/\/pc.sc.gov.br\/index.php?rest_route=\/wp\/v2\/media\/18565"}],"wp:attachment":[{"href":"https:\/\/pc.sc.gov.br\/index.php?rest_route=%2Fwp%2Fv2%2Fmedia&parent=19590"}],"wp:term":[{"taxonomy":"category","embeddable":true,"href":"https:\/\/pc.sc.gov.br\/index.php?rest_route=%2Fwp%2Fv2%2Fcategories&post=19590"},{"taxonomy":"post_tag","embeddable":true,"href":"https:\/\/pc.sc.gov.br\/index.php?rest_route=%2Fwp%2Fv2%2Ftags&post=19590"}],"curies":[{"name":"wp","href":"https:\/\/api.w.org\/{rel}","templated":true}]}}