{"id":19595,"date":"2024-04-29T18:56:55","date_gmt":"2024-04-29T21:56:55","guid":{"rendered":"https:\/\/pc.sc.gov.br\/?p=19595"},"modified":"2024-04-29T18:59:59","modified_gmt":"2024-04-29T21:59:59","slug":"delegacia-de-turvo-prende-homem-condenado-por-tentativa-de-homicidio","status":"publish","type":"post","link":"https:\/\/pc.sc.gov.br\/?p=19595","title":{"rendered":"Pol\u00edcia Civil prende homem condenado por tentativa de homic\u00eddio em Turvo"},"content":{"rendered":"\t\t<div data-elementor-type=\"wp-post\" data-elementor-id=\"19595\" class=\"elementor elementor-19595\" data-elementor-post-type=\"post\">\n\t\t\t\t\t\t<section class=\"elementor-section elementor-top-section elementor-element elementor-element-d14f459 elementor-section-boxed elementor-section-height-default elementor-section-height-default\" data-id=\"d14f459\" data-element_type=\"section\">\n\t\t\t\t\t\t<div class=\"elementor-container elementor-column-gap-default\">\n\t\t\t\t\t<div class=\"elementor-column elementor-col-100 elementor-top-column elementor-element elementor-element-7162738\" data-id=\"7162738\" data-element_type=\"column\">\n\t\t\t<div class=\"elementor-widget-wrap elementor-element-populated\">\n\t\t\t\t\t\t<div class=\"elementor-element elementor-element-f9b52dc elementor-widget elementor-widget-heading\" data-id=\"f9b52dc\" data-element_type=\"widget\" data-widget_type=\"heading.default\">\n\t\t\t\t<div class=\"elementor-widget-container\">\n\t\t\t\t\t<h2 class=\"elementor-heading-title elementor-size-default\">Pol\u00edcia Civil prende homem condenado por tentativa de homic\u00eddio em Turvo<\/h2>\t\t\t\t<\/div>\n\t\t\t\t<\/div>\n\t\t\t\t\t<\/div>\n\t\t<\/div>\n\t\t\t\t\t<\/div>\n\t\t<\/section>\n\t\t\t\t<section class=\"elementor-section elementor-top-section elementor-element elementor-element-9a37edd elementor-section-boxed elementor-section-height-default elementor-section-height-default\" data-id=\"9a37edd\" data-element_type=\"section\">\n\t\t\t\t\t\t<div class=\"elementor-container elementor-column-gap-default\">\n\t\t\t\t\t<div class=\"elementor-column elementor-col-100 elementor-top-column elementor-element elementor-element-3f15765\" data-id=\"3f15765\" data-element_type=\"column\">\n\t\t\t<div class=\"elementor-widget-wrap elementor-element-populated\">\n\t\t\t\t\t\t<div class=\"elementor-element elementor-element-63c9368 elementor-widget elementor-widget-image\" data-id=\"63c9368\" data-element_type=\"widget\" data-widget_type=\"image.default\">\n\t\t\t\t<div class=\"elementor-widget-container\">\n\t\t\t\t\t\t\t\t\t\t\t\t\t\t\t<img fetchpriority=\"high\" decoding=\"async\" width=\"696\" height=\"522\" src=\"https:\/\/pc.sc.gov.br\/\/wp-content\/uploads\/2024\/04\/WhatsApp-Image-2024-04-29-at-18.46.53.jpeg\" class=\"attachment-large size-large wp-image-19596\" alt=\"\" srcset=\"https:\/\/pc.sc.gov.br\/\/wp-content\/uploads\/2024\/04\/WhatsApp-Image-2024-04-29-at-18.46.53.jpeg 768w, https:\/\/pc.sc.gov.br\/\/wp-content\/uploads\/2024\/04\/WhatsApp-Image-2024-04-29-at-18.46.53-300x225.jpeg 300w\" sizes=\"(max-width: 696px) 100vw, 696px\" \/>\t\t\t\t\t\t\t\t\t\t\t\t\t\t\t<\/div>\n\t\t\t\t<\/div>\n\t\t\t\t\t<\/div>\n\t\t<\/div>\n\t\t\t\t\t<\/div>\n\t\t<\/section>\n\t\t\t\t<section class=\"elementor-section elementor-top-section elementor-element elementor-element-bc17b1f elementor-section-boxed elementor-section-height-default elementor-section-height-default\" data-id=\"bc17b1f\" data-element_type=\"section\">\n\t\t\t\t\t\t<div class=\"elementor-container elementor-column-gap-default\">\n\t\t\t\t\t<div class=\"elementor-column elementor-col-100 elementor-top-column elementor-element elementor-element-b7abfcb\" data-id=\"b7abfcb\" data-element_type=\"column\">\n\t\t\t<div class=\"elementor-widget-wrap elementor-element-populated\">\n\t\t\t\t\t\t<div class=\"elementor-element elementor-element-8fc5f38 elementor-widget elementor-widget-text-editor\" data-id=\"8fc5f38\" data-element_type=\"widget\" data-widget_type=\"text-editor.default\">\n\t\t\t\t<div class=\"elementor-widget-container\">\n\t\t\t\t\t\t\t\t\t<p>Os policiais civis da Delegacia de Turvo realizaram, na sexta-feira (26), a pris\u00e3o de um homem em raz\u00e3o de senten\u00e7a definitiva por tentativa de homic\u00eddio em 2016. Este indiv\u00edduo, cujo hist\u00f3rico criminal \u00e9 vasto, acumulou ao longo dos anos uma s\u00e9rie de delitos graves.&nbsp;<\/p>\n<p>Segundo informa\u00e7\u00f5es obtidas junto \u00e0s autoridades policiais, o homem possui em sua ficha criminal diversos boletins de ocorr\u00eancia, abrangendo uma gama de crimes que v\u00e3o desde posse ou porte de drogas para uso pessoal at\u00e9 tentativas de homic\u00eddio.<\/p>\n<p>Dentre os crimes registrados em sua ficha est\u00e1 a tentativa de homic\u00eddio, pelo qual foi condenado de forma definitiva. Apesar de n\u00e3o haver outras condena\u00e7\u00f5es formais, o hist\u00f3rico de delitos aponta para uma conduta criminosa recorrente.<\/p>\n<p>Ap\u00f3s um longo processo judicial, que incluiu recursos at\u00e9 o Supremo Tribunal Federal (STF), o r\u00e9u teve seu \u00faltimo recurso negado, culminando na emiss\u00e3o de um mandado de pris\u00e3o.&nbsp;<\/p>\n<p>O homem detido foi encaminhado para o pres\u00eddio Regional de Ararangu\u00e1, onde permanecer\u00e1 \u00e0 disposi\u00e7\u00e3o da justi\u00e7a para cumprimento de sua pena e demais provid\u00eancias legais pertinentes ao caso.&nbsp;<span style=\"font-family: var( --e-global-typography-primary-font-family ), Sans-serif; font-size: var( --e-global-typography-primary-font-size ); font-weight: var( --e-global-typography-primary-font-weight ); letter-spacing: var( --e-global-typography-primary-letter-spacing );\">A Pol\u00edcia Civil ressalta o compromisso em combater o crime e proteger os cidad\u00e3os de Turvo e regi\u00e3o.<\/span><\/p>\n<div>&nbsp;<\/div>\t\t\t\t\t\t\t\t<\/div>\n\t\t\t\t<\/div>\n\t\t\t\t\t<\/div>\n\t\t<\/div>\n\t\t\t\t\t<\/div>\n\t\t<\/section>\n\t\t\t\t<\/div>\n\t\t","protected":false},"excerpt":{"rendered":"<p>Pol\u00edcia Civil prende homem condenado por tentativa de homic\u00eddio em Turvo Os policiais civis da Delegacia de Turvo realizaram, na sexta-feira (26), a pris\u00e3o de um homem em raz\u00e3o de senten\u00e7a definitiva por tentativa de homic\u00eddio em 2016. Este indiv\u00edduo, cujo hist\u00f3rico criminal \u00e9 vasto, acumulou ao longo dos anos uma s\u00e9rie de delitos graves.&nbsp; [&hellip;]<\/p>\n","protected":false},"author":5,"featured_media":19596,"comment_status":"closed","ping_status":"open","sticky":false,"template":"","format":"standard","meta":{"_monsterinsights_skip_tracking":false,"_monsterinsights_sitenote_active":false,"_monsterinsights_sitenote_note":"","_monsterinsights_sitenote_category":0,"footnotes":""},"categories":[1],"tags":[],"class_list":["post-19595","post","type-post","status-publish","format-standard","has-post-thumbnail","hentry","category-sem-categoria"],"_links":{"self":[{"href":"https:\/\/pc.sc.gov.br\/index.php?rest_route=\/wp\/v2\/posts\/19595","targetHints":{"allow":["GET"]}}],"collection":[{"href":"https:\/\/pc.sc.gov.br\/index.php?rest_route=\/wp\/v2\/posts"}],"about":[{"href":"https:\/\/pc.sc.gov.br\/index.php?rest_route=\/wp\/v2\/types\/post"}],"author":[{"embeddable":true,"href":"https:\/\/pc.sc.gov.br\/index.php?rest_route=\/wp\/v2\/users\/5"}],"replies":[{"embeddable":true,"href":"https:\/\/pc.sc.gov.br\/index.php?rest_route=%2Fwp%2Fv2%2Fcomments&post=19595"}],"version-history":[{"count":5,"href":"https:\/\/pc.sc.gov.br\/index.php?rest_route=\/wp\/v2\/posts\/19595\/revisions"}],"predecessor-version":[{"id":19601,"href":"https:\/\/pc.sc.gov.br\/index.php?rest_route=\/wp\/v2\/posts\/19595\/revisions\/19601"}],"wp:featuredmedia":[{"embeddable":true,"href":"https:\/\/pc.sc.gov.br\/index.php?rest_route=\/wp\/v2\/media\/19596"}],"wp:attachment":[{"href":"https:\/\/pc.sc.gov.br\/index.php?rest_route=%2Fwp%2Fv2%2Fmedia&parent=19595"}],"wp:term":[{"taxonomy":"category","embeddable":true,"href":"https:\/\/pc.sc.gov.br\/index.php?rest_route=%2Fwp%2Fv2%2Fcategories&post=19595"},{"taxonomy":"post_tag","embeddable":true,"href":"https:\/\/pc.sc.gov.br\/index.php?rest_route=%2Fwp%2Fv2%2Ftags&post=19595"}],"curies":[{"name":"wp","href":"https:\/\/api.w.org\/{rel}","templated":true}]}}