{"id":19673,"date":"2024-04-30T17:52:50","date_gmt":"2024-04-30T20:52:50","guid":{"rendered":"https:\/\/pc.sc.gov.br\/?p=19673"},"modified":"2024-04-30T18:02:28","modified_gmt":"2024-04-30T21:02:28","slug":"policia-civil-realiza-operacao-contra-crime-organizado-e-cumpre-oito-mandados-de-prisao-preventiva-em-blumenau-palhoca-e-joinville","status":"publish","type":"post","link":"https:\/\/pc.sc.gov.br\/?p=19673","title":{"rendered":"Pol\u00edcia Civil realiza opera\u00e7\u00e3o contra crime organizado e cumpre oito mandados de pris\u00e3o preventiva em Blumenau, Palho\u00e7a e Joinville"},"content":{"rendered":"\t\t<div data-elementor-type=\"wp-post\" data-elementor-id=\"19673\" class=\"elementor elementor-19673\" data-elementor-post-type=\"post\">\n\t\t\t\t\t\t<section class=\"elementor-section elementor-top-section elementor-element elementor-element-db088d2 elementor-section-boxed elementor-section-height-default elementor-section-height-default\" data-id=\"db088d2\" data-element_type=\"section\">\n\t\t\t\t\t\t<div class=\"elementor-container elementor-column-gap-default\">\n\t\t\t\t\t<div class=\"elementor-column elementor-col-100 elementor-top-column elementor-element elementor-element-945c1e6\" data-id=\"945c1e6\" data-element_type=\"column\">\n\t\t\t<div class=\"elementor-widget-wrap elementor-element-populated\">\n\t\t\t\t\t\t<div class=\"elementor-element elementor-element-8a455ea elementor-widget elementor-widget-heading\" data-id=\"8a455ea\" data-element_type=\"widget\" data-widget_type=\"heading.default\">\n\t\t\t\t<div class=\"elementor-widget-container\">\n\t\t\t\t\t<h2 class=\"elementor-heading-title elementor-size-default\">PCSC realiza opera\u00e7\u00e3o contra crime organizado e cumpre oito mandados de pris\u00e3o preventiva em Blumenau, Palho\u00e7a e Joinville<\/h2>\t\t\t\t<\/div>\n\t\t\t\t<\/div>\n\t\t\t\t\t<\/div>\n\t\t<\/div>\n\t\t\t\t\t<\/div>\n\t\t<\/section>\n\t\t\t\t<section class=\"elementor-section elementor-top-section elementor-element elementor-element-2c2897b elementor-section-boxed elementor-section-height-default elementor-section-height-default\" data-id=\"2c2897b\" data-element_type=\"section\">\n\t\t\t\t\t\t<div class=\"elementor-container elementor-column-gap-default\">\n\t\t\t\t\t<div class=\"elementor-column elementor-col-100 elementor-top-column elementor-element elementor-element-52a4b80\" data-id=\"52a4b80\" data-element_type=\"column\">\n\t\t\t<div class=\"elementor-widget-wrap elementor-element-populated\">\n\t\t\t\t\t\t<div class=\"elementor-element elementor-element-13cc44c elementor-widget elementor-widget-image\" data-id=\"13cc44c\" data-element_type=\"widget\" data-widget_type=\"image.default\">\n\t\t\t\t<div class=\"elementor-widget-container\">\n\t\t\t\t\t\t\t\t\t\t\t\t\t\t\t<img fetchpriority=\"high\" decoding=\"async\" width=\"696\" height=\"671\" src=\"https:\/\/pc.sc.gov.br\/\/wp-content\/uploads\/2024\/04\/ccd027e3-1ae6-44a9-9192-0bed3bb5fc1e-fotor-20240430175147-1024x987.jpg\" class=\"attachment-large size-large wp-image-19674\" alt=\"\" srcset=\"https:\/\/pc.sc.gov.br\/\/wp-content\/uploads\/2024\/04\/ccd027e3-1ae6-44a9-9192-0bed3bb5fc1e-fotor-20240430175147-1024x987.jpg 1024w, https:\/\/pc.sc.gov.br\/\/wp-content\/uploads\/2024\/04\/ccd027e3-1ae6-44a9-9192-0bed3bb5fc1e-fotor-20240430175147-300x289.jpg 300w, https:\/\/pc.sc.gov.br\/\/wp-content\/uploads\/2024\/04\/ccd027e3-1ae6-44a9-9192-0bed3bb5fc1e-fotor-20240430175147-768x740.jpg 768w, https:\/\/pc.sc.gov.br\/\/wp-content\/uploads\/2024\/04\/ccd027e3-1ae6-44a9-9192-0bed3bb5fc1e-fotor-20240430175147.jpg 1193w\" sizes=\"(max-width: 696px) 100vw, 696px\" \/>\t\t\t\t\t\t\t\t\t\t\t\t\t\t\t<\/div>\n\t\t\t\t<\/div>\n\t\t\t\t\t<\/div>\n\t\t<\/div>\n\t\t\t\t\t<\/div>\n\t\t<\/section>\n\t\t\t\t<section class=\"elementor-section elementor-top-section elementor-element elementor-element-ec6e5d7 elementor-section-boxed elementor-section-height-default elementor-section-height-default\" data-id=\"ec6e5d7\" data-element_type=\"section\">\n\t\t\t\t\t\t<div class=\"elementor-container elementor-column-gap-default\">\n\t\t\t\t\t<div class=\"elementor-column elementor-col-100 elementor-top-column elementor-element elementor-element-b342bd1\" data-id=\"b342bd1\" data-element_type=\"column\">\n\t\t\t<div class=\"elementor-widget-wrap elementor-element-populated\">\n\t\t\t\t\t\t<div class=\"elementor-element elementor-element-c182cb7 elementor-widget elementor-widget-text-editor\" data-id=\"c182cb7\" data-element_type=\"widget\" data-widget_type=\"text-editor.default\">\n\t\t\t\t<div class=\"elementor-widget-container\">\n\t\t\t\t\t\t\t\t\t<p>Nesta ter\u00e7a-feira (30), a Pol\u00edcia Civil de Santa Catarina, por interm\u00e9dio da Divis\u00e3o de Investiga\u00e7\u00e3o Criminal (DIC), Delegacia de Repress\u00e3o a Furtos e Roubos &#8211; DRFR, com apoio de policiais civis do 1\u00ba DP, DTCA, 3\u00aa DRP de Blumenau, DPCo de Ascurra, Gaspar, DIC de Palho\u00e7a e Joinville, realizaram opera\u00e7\u00e3o contra uma organiza\u00e7\u00e3o criminosa que atua dentro e fora dos pres\u00eddios catarinenses, visando dar cumprimento a 22 mandados de busca e apreens\u00e3o domiciliar e nove mandados de pris\u00e3o preventiva, decorrente de uma investiga\u00e7\u00e3o iniciada a partir da pris\u00e3o de um homem no m\u00eas de fevereiro de 2023. Apenas um investigado permanece foragido.<\/p>\n<p>As investiga\u00e7\u00f5es demonstraram que o grupo criminoso atuava de forma organizada na regi\u00e3o do Bairro Fortaleza, na cidade de Blumenau, principalmente, na promo\u00e7\u00e3o do crime de tr\u00e1fico de drogas. As buscas foram realizadas nas cidades de Blumenau, Palho\u00e7a e Joinville, oportunidade em que foi colhido vasto material que ser\u00e1 analisado para continuidade das dilig\u00eancias.&nbsp;<\/p>\n<p>Dois homens foram atuados em flagrante por tr\u00e1fico de drogas, sendo um na cidade de Blumenau, no bairro Fortaleza, que j\u00e1 estava com mandado de pris\u00e3o decretada, outro na cidade de Palho\u00e7a, no bairro Nova Palho\u00e7a. Os outros sete investigados, dois foram presos nos bairros Ponta Aguda e Fortaleza, cinco tiveram mandados cumpridos nos pres\u00eddios de Blumenau e Itaja\u00ed. E apenas um homem encontra-se foragido.&nbsp;<\/p>\n<p>Os presos foram trazidos para sede de DIC, interrogados e depois encaminhados ao Pres\u00eddio Regional de Blumenau, ficando \u00e0 disposi\u00e7\u00e3o do Poder Judici\u00e1rio.<\/p>\t\t\t\t\t\t\t\t<\/div>\n\t\t\t\t<\/div>\n\t\t\t\t\t<\/div>\n\t\t<\/div>\n\t\t\t\t\t<\/div>\n\t\t<\/section>\n\t\t\t\t<\/div>\n\t\t","protected":false},"excerpt":{"rendered":"<p>PCSC realiza opera\u00e7\u00e3o contra crime organizado e cumpre oito mandados de pris\u00e3o preventiva em Blumenau, Palho\u00e7a e Joinville Nesta ter\u00e7a-feira (30), a Pol\u00edcia Civil de Santa Catarina, por interm\u00e9dio da Divis\u00e3o de Investiga\u00e7\u00e3o Criminal (DIC), Delegacia de Repress\u00e3o a Furtos e Roubos &#8211; DRFR, com apoio de policiais civis do 1\u00ba DP, DTCA, 3\u00aa DRP [&hellip;]<\/p>\n","protected":false},"author":5,"featured_media":19674,"comment_status":"closed","ping_status":"open","sticky":false,"template":"","format":"standard","meta":{"_monsterinsights_skip_tracking":false,"_monsterinsights_sitenote_active":false,"_monsterinsights_sitenote_note":"","_monsterinsights_sitenote_category":0,"footnotes":""},"categories":[1],"tags":[],"class_list":["post-19673","post","type-post","status-publish","format-standard","has-post-thumbnail","hentry","category-sem-categoria"],"_links":{"self":[{"href":"https:\/\/pc.sc.gov.br\/index.php?rest_route=\/wp\/v2\/posts\/19673","targetHints":{"allow":["GET"]}}],"collection":[{"href":"https:\/\/pc.sc.gov.br\/index.php?rest_route=\/wp\/v2\/posts"}],"about":[{"href":"https:\/\/pc.sc.gov.br\/index.php?rest_route=\/wp\/v2\/types\/post"}],"author":[{"embeddable":true,"href":"https:\/\/pc.sc.gov.br\/index.php?rest_route=\/wp\/v2\/users\/5"}],"replies":[{"embeddable":true,"href":"https:\/\/pc.sc.gov.br\/index.php?rest_route=%2Fwp%2Fv2%2Fcomments&post=19673"}],"version-history":[{"count":8,"href":"https:\/\/pc.sc.gov.br\/index.php?rest_route=\/wp\/v2\/posts\/19673\/revisions"}],"predecessor-version":[{"id":19682,"href":"https:\/\/pc.sc.gov.br\/index.php?rest_route=\/wp\/v2\/posts\/19673\/revisions\/19682"}],"wp:featuredmedia":[{"embeddable":true,"href":"https:\/\/pc.sc.gov.br\/index.php?rest_route=\/wp\/v2\/media\/19674"}],"wp:attachment":[{"href":"https:\/\/pc.sc.gov.br\/index.php?rest_route=%2Fwp%2Fv2%2Fmedia&parent=19673"}],"wp:term":[{"taxonomy":"category","embeddable":true,"href":"https:\/\/pc.sc.gov.br\/index.php?rest_route=%2Fwp%2Fv2%2Fcategories&post=19673"},{"taxonomy":"post_tag","embeddable":true,"href":"https:\/\/pc.sc.gov.br\/index.php?rest_route=%2Fwp%2Fv2%2Ftags&post=19673"}],"curies":[{"name":"wp","href":"https:\/\/api.w.org\/{rel}","templated":true}]}}