{"id":19695,"date":"2024-04-30T18:38:30","date_gmt":"2024-04-30T21:38:30","guid":{"rendered":"https:\/\/pc.sc.gov.br\/?p=19695"},"modified":"2024-04-30T18:46:16","modified_gmt":"2024-04-30T21:46:16","slug":"em-sao-joao-batista-policia-civil-prende-homem-suspeito-de-ter-cometido-dois-homicidios-em-goiania-e-recife","status":"publish","type":"post","link":"https:\/\/pc.sc.gov.br\/?p=19695","title":{"rendered":"Em S\u00e3o Jo\u00e3o Batista, Pol\u00edcia Civil prende homem suspeito de ter cometido dois homic\u00eddios em Goiana e Recife"},"content":{"rendered":"\t\t<div data-elementor-type=\"wp-post\" data-elementor-id=\"19695\" class=\"elementor elementor-19695\" data-elementor-post-type=\"post\">\n\t\t\t\t\t\t<section class=\"elementor-section elementor-top-section elementor-element elementor-element-d9d9289 elementor-section-boxed elementor-section-height-default elementor-section-height-default\" data-id=\"d9d9289\" data-element_type=\"section\">\n\t\t\t\t\t\t<div class=\"elementor-container elementor-column-gap-default\">\n\t\t\t\t\t<div class=\"elementor-column elementor-col-100 elementor-top-column elementor-element elementor-element-010e8af\" data-id=\"010e8af\" data-element_type=\"column\">\n\t\t\t<div class=\"elementor-widget-wrap elementor-element-populated\">\n\t\t\t\t\t\t<div class=\"elementor-element elementor-element-8b14ebf elementor-widget elementor-widget-heading\" data-id=\"8b14ebf\" data-element_type=\"widget\" data-widget_type=\"heading.default\">\n\t\t\t\t<div class=\"elementor-widget-container\">\n\t\t\t\t\t<h2 class=\"elementor-heading-title elementor-size-default\">Em S\u00e3o Jo\u00e3o Batista, Pol\u00edcia Civil prende homem suspeito de ter cometido dois homic\u00eddios em GoIANA e Recife<\/h2>\t\t\t\t<\/div>\n\t\t\t\t<\/div>\n\t\t\t\t\t<\/div>\n\t\t<\/div>\n\t\t\t\t\t<\/div>\n\t\t<\/section>\n\t\t\t\t<section class=\"elementor-section elementor-top-section elementor-element elementor-element-424dfde elementor-section-boxed elementor-section-height-default elementor-section-height-default\" data-id=\"424dfde\" data-element_type=\"section\">\n\t\t\t\t\t\t<div class=\"elementor-container elementor-column-gap-default\">\n\t\t\t\t\t<div class=\"elementor-column elementor-col-100 elementor-top-column elementor-element elementor-element-061838f\" data-id=\"061838f\" data-element_type=\"column\">\n\t\t\t<div class=\"elementor-widget-wrap elementor-element-populated\">\n\t\t\t\t\t\t<div class=\"elementor-element elementor-element-5399cfe elementor-widget elementor-widget-image\" data-id=\"5399cfe\" data-element_type=\"widget\" data-widget_type=\"image.default\">\n\t\t\t\t<div class=\"elementor-widget-container\">\n\t\t\t\t\t\t\t\t\t\t\t\t\t\t\t<img fetchpriority=\"high\" decoding=\"async\" width=\"696\" height=\"583\" src=\"https:\/\/pc.sc.gov.br\/\/wp-content\/uploads\/2024\/04\/52798047036_d7bc95aaed_k-fotor-20231101135311.jpg\" class=\"attachment-large size-large wp-image-19696\" alt=\"\" srcset=\"https:\/\/pc.sc.gov.br\/\/wp-content\/uploads\/2024\/04\/52798047036_d7bc95aaed_k-fotor-20231101135311.jpg 961w, https:\/\/pc.sc.gov.br\/\/wp-content\/uploads\/2024\/04\/52798047036_d7bc95aaed_k-fotor-20231101135311-300x251.jpg 300w, https:\/\/pc.sc.gov.br\/\/wp-content\/uploads\/2024\/04\/52798047036_d7bc95aaed_k-fotor-20231101135311-768x643.jpg 768w\" sizes=\"(max-width: 696px) 100vw, 696px\" \/>\t\t\t\t\t\t\t\t\t\t\t\t\t\t\t<\/div>\n\t\t\t\t<\/div>\n\t\t\t\t\t<\/div>\n\t\t<\/div>\n\t\t\t\t\t<\/div>\n\t\t<\/section>\n\t\t\t\t<section class=\"elementor-section elementor-top-section elementor-element elementor-element-d062c17 elementor-section-boxed elementor-section-height-default elementor-section-height-default\" data-id=\"d062c17\" data-element_type=\"section\">\n\t\t\t\t\t\t<div class=\"elementor-container elementor-column-gap-default\">\n\t\t\t\t\t<div class=\"elementor-column elementor-col-100 elementor-top-column elementor-element elementor-element-a755ca7\" data-id=\"a755ca7\" data-element_type=\"column\">\n\t\t\t<div class=\"elementor-widget-wrap elementor-element-populated\">\n\t\t\t\t\t\t<div class=\"elementor-element elementor-element-5b5b1ab elementor-widget elementor-widget-text-editor\" data-id=\"5b5b1ab\" data-element_type=\"widget\" data-widget_type=\"text-editor.default\">\n\t\t\t\t<div class=\"elementor-widget-container\">\n\t\t\t\t\t\t\t\t\t<p>Nesta ter\u00e7a-feira (30), a Pol\u00edcia Civil de Santa Catarina, por meio da Delegacia de Pol\u00edcia da Comarca de S\u00e3o Jo\u00e3o Batista, prendeu preventivamente um homem que estava sendo procurado por dois homic\u00eddios: um em Goiana e o outro em Abreu e Lima, regi\u00e3o metropolitana de Recife. Al\u00e9m disso, ele tamb\u00e9m tem passagens por tr\u00e1fico de drogas e posse irregular de arma de fogo.<\/p><p>Ap\u00f3s tomar conhecimento de que o homem realmente se encontrava em S\u00e3o Jo\u00e3o Batista, a equipe policial realizou levantamentos durante alguns dias e logrou \u00eaxito no cumprimento dos mandados de pris\u00e3o que pesavam contra ele.<\/p><p>O trabalho contou com o apoio da Diretoria de Intelig\u00eancia da Pol\u00edcia Civil de Santa Catarina e da Pol\u00edcia Civil de Pernambuco, mais precisamente da 16\u00aa Delegacia de Pol\u00edcia de Homic\u00eddios de Goiana e 6\u00aa Delegacia de Pol\u00edcia de Homic\u00eddios de Paulista.<\/p><p>Conclu\u00eddos os procedimentos, ele foi levado ao pres\u00eddio de Tijucas e permanecer\u00e1 \u00e0 disposi\u00e7\u00e3o do Poder Judici\u00e1rio.<\/p>\t\t\t\t\t\t\t\t<\/div>\n\t\t\t\t<\/div>\n\t\t\t\t\t<\/div>\n\t\t<\/div>\n\t\t\t\t\t<\/div>\n\t\t<\/section>\n\t\t\t\t<\/div>\n\t\t","protected":false},"excerpt":{"rendered":"<p>Em S\u00e3o Jo\u00e3o Batista, Pol\u00edcia Civil prende homem suspeito de ter cometido dois homic\u00eddios em GoIANA e Recife Nesta ter\u00e7a-feira (30), a Pol\u00edcia Civil de Santa Catarina, por meio da Delegacia de Pol\u00edcia da Comarca de S\u00e3o Jo\u00e3o Batista, prendeu preventivamente um homem que estava sendo procurado por dois homic\u00eddios: um em Goiana e o [&hellip;]<\/p>\n","protected":false},"author":5,"featured_media":19696,"comment_status":"closed","ping_status":"open","sticky":false,"template":"","format":"standard","meta":{"_monsterinsights_skip_tracking":false,"_monsterinsights_sitenote_active":false,"_monsterinsights_sitenote_note":"","_monsterinsights_sitenote_category":0,"footnotes":""},"categories":[1],"tags":[],"class_list":["post-19695","post","type-post","status-publish","format-standard","has-post-thumbnail","hentry","category-sem-categoria"],"_links":{"self":[{"href":"https:\/\/pc.sc.gov.br\/index.php?rest_route=\/wp\/v2\/posts\/19695","targetHints":{"allow":["GET"]}}],"collection":[{"href":"https:\/\/pc.sc.gov.br\/index.php?rest_route=\/wp\/v2\/posts"}],"about":[{"href":"https:\/\/pc.sc.gov.br\/index.php?rest_route=\/wp\/v2\/types\/post"}],"author":[{"embeddable":true,"href":"https:\/\/pc.sc.gov.br\/index.php?rest_route=\/wp\/v2\/users\/5"}],"replies":[{"embeddable":true,"href":"https:\/\/pc.sc.gov.br\/index.php?rest_route=%2Fwp%2Fv2%2Fcomments&post=19695"}],"version-history":[{"count":8,"href":"https:\/\/pc.sc.gov.br\/index.php?rest_route=\/wp\/v2\/posts\/19695\/revisions"}],"predecessor-version":[{"id":19705,"href":"https:\/\/pc.sc.gov.br\/index.php?rest_route=\/wp\/v2\/posts\/19695\/revisions\/19705"}],"wp:featuredmedia":[{"embeddable":true,"href":"https:\/\/pc.sc.gov.br\/index.php?rest_route=\/wp\/v2\/media\/19696"}],"wp:attachment":[{"href":"https:\/\/pc.sc.gov.br\/index.php?rest_route=%2Fwp%2Fv2%2Fmedia&parent=19695"}],"wp:term":[{"taxonomy":"category","embeddable":true,"href":"https:\/\/pc.sc.gov.br\/index.php?rest_route=%2Fwp%2Fv2%2Fcategories&post=19695"},{"taxonomy":"post_tag","embeddable":true,"href":"https:\/\/pc.sc.gov.br\/index.php?rest_route=%2Fwp%2Fv2%2Ftags&post=19695"}],"curies":[{"name":"wp","href":"https:\/\/api.w.org\/{rel}","templated":true}]}}