{"id":19719,"date":"2024-05-02T16:25:50","date_gmt":"2024-05-02T19:25:50","guid":{"rendered":"https:\/\/pc.sc.gov.br\/?p=19719"},"modified":"2024-05-02T16:28:39","modified_gmt":"2024-05-02T19:28:39","slug":"operacao-conjunta-entre-pcsc-e-pcrs-resulta-na-prisao-de-foragido-procurado-por-roubos-e-investigado-por-uma-serie-de-assassinatos-no-rs","status":"publish","type":"post","link":"https:\/\/pc.sc.gov.br\/?p=19719","title":{"rendered":"Opera\u00e7\u00e3o conjunta entre PCSC e PCRS resulta na pris\u00e3o de foragido procurado por roubos e investigado por uma s\u00e9rie de assassinatos no RS"},"content":{"rendered":"\t\t<div data-elementor-type=\"wp-post\" data-elementor-id=\"19719\" class=\"elementor elementor-19719\" data-elementor-post-type=\"post\">\n\t\t\t\t\t\t<section class=\"elementor-section elementor-top-section elementor-element elementor-element-a85f0b5 elementor-section-boxed elementor-section-height-default elementor-section-height-default\" data-id=\"a85f0b5\" data-element_type=\"section\">\n\t\t\t\t\t\t<div class=\"elementor-container elementor-column-gap-default\">\n\t\t\t\t\t<div class=\"elementor-column elementor-col-100 elementor-top-column elementor-element elementor-element-28a0225\" data-id=\"28a0225\" data-element_type=\"column\">\n\t\t\t<div class=\"elementor-widget-wrap elementor-element-populated\">\n\t\t\t\t\t\t<div class=\"elementor-element elementor-element-11f81e8 elementor-widget elementor-widget-heading\" data-id=\"11f81e8\" data-element_type=\"widget\" data-widget_type=\"heading.default\">\n\t\t\t\t<div class=\"elementor-widget-container\">\n\t\t\t\t\t<h2 class=\"elementor-heading-title elementor-size-default\">Opera\u00e7\u00e3o conjunta entre PCSC e PCRS resulta na pris\u00e3o de foragido procurado por roubos e investigado por uma s\u00e9rie de assassinatos no RS<\/h2>\t\t\t\t<\/div>\n\t\t\t\t<\/div>\n\t\t\t\t\t<\/div>\n\t\t<\/div>\n\t\t\t\t\t<\/div>\n\t\t<\/section>\n\t\t\t\t<section class=\"elementor-section elementor-top-section elementor-element elementor-element-0c3858f elementor-section-boxed elementor-section-height-default elementor-section-height-default\" data-id=\"0c3858f\" data-element_type=\"section\">\n\t\t\t\t\t\t<div class=\"elementor-container elementor-column-gap-default\">\n\t\t\t\t\t<div class=\"elementor-column elementor-col-100 elementor-top-column elementor-element elementor-element-a3d4239\" data-id=\"a3d4239\" data-element_type=\"column\">\n\t\t\t<div class=\"elementor-widget-wrap elementor-element-populated\">\n\t\t\t\t\t\t<div class=\"elementor-element elementor-element-0ea8458 elementor-widget elementor-widget-image\" data-id=\"0ea8458\" data-element_type=\"widget\" data-widget_type=\"image.default\">\n\t\t\t\t<div class=\"elementor-widget-container\">\n\t\t\t\t\t\t\t\t\t\t\t\t\t\t\t<img fetchpriority=\"high\" decoding=\"async\" width=\"696\" height=\"611\" src=\"https:\/\/pc.sc.gov.br\/\/wp-content\/uploads\/2024\/05\/WhatsApp-Image-2024-05-02-at-11.06.17-fotor-20240502162120.jpg\" class=\"attachment-large size-large wp-image-19725\" alt=\"\" srcset=\"https:\/\/pc.sc.gov.br\/\/wp-content\/uploads\/2024\/05\/WhatsApp-Image-2024-05-02-at-11.06.17-fotor-20240502162120.jpg 954w, https:\/\/pc.sc.gov.br\/\/wp-content\/uploads\/2024\/05\/WhatsApp-Image-2024-05-02-at-11.06.17-fotor-20240502162120-300x264.jpg 300w, https:\/\/pc.sc.gov.br\/\/wp-content\/uploads\/2024\/05\/WhatsApp-Image-2024-05-02-at-11.06.17-fotor-20240502162120-768x675.jpg 768w\" sizes=\"(max-width: 696px) 100vw, 696px\" \/>\t\t\t\t\t\t\t\t\t\t\t\t\t\t\t<\/div>\n\t\t\t\t<\/div>\n\t\t\t\t\t<\/div>\n\t\t<\/div>\n\t\t\t\t\t<\/div>\n\t\t<\/section>\n\t\t\t\t<section class=\"elementor-section elementor-top-section elementor-element elementor-element-05f176f elementor-section-boxed elementor-section-height-default elementor-section-height-default\" data-id=\"05f176f\" data-element_type=\"section\">\n\t\t\t\t\t\t<div class=\"elementor-container elementor-column-gap-default\">\n\t\t\t\t\t<div class=\"elementor-column elementor-col-100 elementor-top-column elementor-element elementor-element-277b442\" data-id=\"277b442\" data-element_type=\"column\">\n\t\t\t<div class=\"elementor-widget-wrap elementor-element-populated\">\n\t\t\t\t\t\t<div class=\"elementor-element elementor-element-0babe07 elementor-widget elementor-widget-text-editor\" data-id=\"0babe07\" data-element_type=\"widget\" data-widget_type=\"text-editor.default\">\n\t\t\t\t<div class=\"elementor-widget-container\">\n\t\t\t\t\t\t\t\t\t<p>Uma a\u00e7\u00e3o integrada da 2\u00aa Delegacia de Pol\u00edcia de Gravata\u00ed (RS), junto com a Delegacia de Roubos e Antissequestro (DRAS\/DEIC) da Pol\u00edcia Civil de Santa Catarina prendeu na manh\u00e3 desta quinta-feira (02), na cidade de Bigua\u00e7u\/SC, o indiv\u00edduo foragido, procurado por roubo a estabelecimento comercial e uma s\u00e9rie de assassinatos investigados pela Pol\u00edcia Civil ga\u00facha.&nbsp;<\/p>\n<p>A investiga\u00e7\u00e3o durou oito meses, a partir do envolvimento com o tr\u00e1fico de drogas na regi\u00e3o metropolitana de Porto Alegre, mais precisamente no munic\u00edpio de Gravata\u00ed\/RS, identificando que estava foragido do sistema prisional do Rio Grande do Sul, al\u00e9m de ter mandados de pris\u00f5es preventiva e tempor\u00e1ria .<\/p>\n<p>Dentre os crimes que responde, o homem de 28 anos \u00e9 investigado pelo roubo de celulares do dep\u00f3sito da empresa Multisom, numa carga estimada de R$ 3 milh\u00f5es.&nbsp; &nbsp;<span style=\"font-family: var( --e-global-typography-primary-font-family ), Sans-serif; font-size: var( --e-global-typography-primary-font-size ); font-weight: var( --e-global-typography-primary-font-weight ); letter-spacing: var( --e-global-typography-primary-letter-spacing );\">O homem tamb\u00e9m \u00e9 investigado por 25 homic\u00eddios no munic\u00edpio de Alvorada (RS), com 16 v\u00edtimas fatais e nove tentativas de homic\u00eddio.&nbsp;<\/span><\/p>\n<p>Dentre as ocorr\u00eancias de homic\u00eddio, est\u00e1 a mais cruel j\u00e1 noticiada no RS, quando em 2016 foram encontrados quatro jovens decapitados e com sinais de tortura em um ve\u00edculo na cidade de Alvorada\/RS. Os corpos estavam com m\u00e3os e p\u00e9s amarrados, sem marcas de tiros e com marcas de tortura, tendo sido mortos pela decapita\u00e7\u00e3o.<\/p>\n<p>O criminoso foi preso numa resid\u00eancia do Bairro Bom Viver, onde estava escondido h\u00e1 quatro meses, e com ele foi apreendida uma pistola calibre 9mm, al\u00e9m de documentos com sua foto, mas com nome falso.<\/p>\n<p><span style=\"font-family: var( --e-global-typography-primary-font-family ), Sans-serif; font-size: var( --e-global-typography-primary-font-size ); letter-spacing: var( --e-global-typography-primary-letter-spacing );\"><b>V<\/b><\/span><b><span style=\"font-family: var( --e-global-typography-primary-font-family ), Sans-serif; font-size: var( --e-global-typography-primary-font-size ); letter-spacing: var( --e-global-typography-primary-letter-spacing );\">\u00eddeo: d<\/span>elegado Anselmo Cruz, da PCSC e delegado Joel Henrique Wagner, da PCRS.<\/b><\/p>\t\t\t\t\t\t\t\t<\/div>\n\t\t\t\t<\/div>\n\t\t\t\t\t<\/div>\n\t\t<\/div>\n\t\t\t\t\t<\/div>\n\t\t<\/section>\n\t\t\t\t<section class=\"elementor-section elementor-top-section elementor-element elementor-element-84c9d43 elementor-section-boxed elementor-section-height-default elementor-section-height-default\" data-id=\"84c9d43\" data-element_type=\"section\">\n\t\t\t\t\t\t<div class=\"elementor-container elementor-column-gap-default\">\n\t\t\t\t\t<div class=\"elementor-column elementor-col-100 elementor-top-column elementor-element elementor-element-79f6b05\" data-id=\"79f6b05\" data-element_type=\"column\">\n\t\t\t<div class=\"elementor-widget-wrap elementor-element-populated\">\n\t\t\t\t\t\t<div class=\"elementor-element elementor-element-139096e elementor-widget__width-initial elementor-widget elementor-widget-video\" data-id=\"139096e\" data-element_type=\"widget\" data-settings=\"{&quot;video_type&quot;:&quot;hosted&quot;,&quot;controls&quot;:&quot;yes&quot;}\" data-widget_type=\"video.default\">\n\t\t\t\t<div class=\"elementor-widget-container\">\n\t\t\t\t\t\t\t<div class=\"e-hosted-video elementor-wrapper elementor-open-inline\">\n\t\t\t\t\t<video class=\"elementor-video\" src=\"https:\/\/pc.sc.gov.br\/wp-content\/uploads\/2024\/05\/WhatsApp-Video-2024-05-02-at-11.06.16.mp4\" controls=\"\" preload=\"metadata\"><\/video>\n\t\t\t\t<\/div>\n\t\t\t\t\t\t<\/div>\n\t\t\t\t<\/div>\n\t\t\t\t\t<\/div>\n\t\t<\/div>\n\t\t\t\t\t<\/div>\n\t\t<\/section>\n\t\t\t\t<\/div>\n\t\t","protected":false},"excerpt":{"rendered":"<p>Opera\u00e7\u00e3o conjunta entre PCSC e PCRS resulta na pris\u00e3o de foragido procurado por roubos e investigado por uma s\u00e9rie de assassinatos no RS Uma a\u00e7\u00e3o integrada da 2\u00aa Delegacia de Pol\u00edcia de Gravata\u00ed (RS), junto com a Delegacia de Roubos e Antissequestro (DRAS\/DEIC) da Pol\u00edcia Civil de Santa Catarina prendeu na manh\u00e3 desta quinta-feira (02), [&hellip;]<\/p>\n","protected":false},"author":5,"featured_media":19725,"comment_status":"closed","ping_status":"open","sticky":false,"template":"","format":"standard","meta":{"_monsterinsights_skip_tracking":false,"_monsterinsights_sitenote_active":false,"_monsterinsights_sitenote_note":"","_monsterinsights_sitenote_category":0,"footnotes":""},"categories":[1],"tags":[],"class_list":["post-19719","post","type-post","status-publish","format-standard","has-post-thumbnail","hentry","category-sem-categoria"],"_links":{"self":[{"href":"https:\/\/pc.sc.gov.br\/index.php?rest_route=\/wp\/v2\/posts\/19719","targetHints":{"allow":["GET"]}}],"collection":[{"href":"https:\/\/pc.sc.gov.br\/index.php?rest_route=\/wp\/v2\/posts"}],"about":[{"href":"https:\/\/pc.sc.gov.br\/index.php?rest_route=\/wp\/v2\/types\/post"}],"author":[{"embeddable":true,"href":"https:\/\/pc.sc.gov.br\/index.php?rest_route=\/wp\/v2\/users\/5"}],"replies":[{"embeddable":true,"href":"https:\/\/pc.sc.gov.br\/index.php?rest_route=%2Fwp%2Fv2%2Fcomments&post=19719"}],"version-history":[{"count":3,"href":"https:\/\/pc.sc.gov.br\/index.php?rest_route=\/wp\/v2\/posts\/19719\/revisions"}],"predecessor-version":[{"id":19732,"href":"https:\/\/pc.sc.gov.br\/index.php?rest_route=\/wp\/v2\/posts\/19719\/revisions\/19732"}],"wp:featuredmedia":[{"embeddable":true,"href":"https:\/\/pc.sc.gov.br\/index.php?rest_route=\/wp\/v2\/media\/19725"}],"wp:attachment":[{"href":"https:\/\/pc.sc.gov.br\/index.php?rest_route=%2Fwp%2Fv2%2Fmedia&parent=19719"}],"wp:term":[{"taxonomy":"category","embeddable":true,"href":"https:\/\/pc.sc.gov.br\/index.php?rest_route=%2Fwp%2Fv2%2Fcategories&post=19719"},{"taxonomy":"post_tag","embeddable":true,"href":"https:\/\/pc.sc.gov.br\/index.php?rest_route=%2Fwp%2Fv2%2Ftags&post=19719"}],"curies":[{"name":"wp","href":"https:\/\/api.w.org\/{rel}","templated":true}]}}