{"id":19720,"date":"2024-05-02T16:21:13","date_gmt":"2024-05-02T19:21:13","guid":{"rendered":"https:\/\/pc.sc.gov.br\/?p=19720"},"modified":"2024-05-02T16:22:33","modified_gmt":"2024-05-02T19:22:33","slug":"policia-civil-prende-dois-homens-em-investigacao-por-estupro-majorado-contra-adolescente","status":"publish","type":"post","link":"https:\/\/pc.sc.gov.br\/?p=19720","title":{"rendered":"Pol\u00edcia Civil prende dois homens em investiga\u00e7\u00e3o por estupro majorado contra adolescente"},"content":{"rendered":"\t\t<div data-elementor-type=\"wp-post\" data-elementor-id=\"19720\" class=\"elementor elementor-19720\" data-elementor-post-type=\"post\">\n\t\t\t\t\t\t<section class=\"elementor-section elementor-top-section elementor-element elementor-element-e76ab8a elementor-section-boxed elementor-section-height-default elementor-section-height-default\" data-id=\"e76ab8a\" data-element_type=\"section\">\n\t\t\t\t\t\t<div class=\"elementor-container elementor-column-gap-default\">\n\t\t\t\t\t<div class=\"elementor-column elementor-col-100 elementor-top-column elementor-element elementor-element-c177a59\" data-id=\"c177a59\" data-element_type=\"column\">\n\t\t\t<div class=\"elementor-widget-wrap elementor-element-populated\">\n\t\t\t\t\t\t<div class=\"elementor-element elementor-element-2b1f577 elementor-widget elementor-widget-heading\" data-id=\"2b1f577\" data-element_type=\"widget\" data-widget_type=\"heading.default\">\n\t\t\t\t<div class=\"elementor-widget-container\">\n\t\t\t\t\t<h2 class=\"elementor-heading-title elementor-size-default\">Pol\u00edcia Civil prende dois homens em investiga\u00e7\u00e3o por estupro majorado contra adolescente<\/h2>\t\t\t\t<\/div>\n\t\t\t\t<\/div>\n\t\t\t\t\t<\/div>\n\t\t<\/div>\n\t\t\t\t\t<\/div>\n\t\t<\/section>\n\t\t\t\t<section class=\"elementor-section elementor-top-section elementor-element elementor-element-7c6c3e3 elementor-section-boxed elementor-section-height-default elementor-section-height-default\" data-id=\"7c6c3e3\" data-element_type=\"section\">\n\t\t\t\t\t\t<div class=\"elementor-container elementor-column-gap-default\">\n\t\t\t\t\t<div class=\"elementor-column elementor-col-100 elementor-top-column elementor-element elementor-element-17378e4\" data-id=\"17378e4\" data-element_type=\"column\">\n\t\t\t<div class=\"elementor-widget-wrap elementor-element-populated\">\n\t\t\t\t\t\t<div class=\"elementor-element elementor-element-889b2f6 elementor-widget elementor-widget-image\" data-id=\"889b2f6\" data-element_type=\"widget\" data-widget_type=\"image.default\">\n\t\t\t\t<div class=\"elementor-widget-container\">\n\t\t\t\t\t\t\t\t\t\t\t\t\t\t\t<img fetchpriority=\"high\" decoding=\"async\" width=\"696\" height=\"928\" src=\"https:\/\/pc.sc.gov.br\/\/wp-content\/uploads\/2024\/05\/WhatsApp-Image-2024-05-01-at-12.50.58-768x1024.jpeg\" class=\"attachment-large size-large wp-image-19723\" alt=\"\" srcset=\"https:\/\/pc.sc.gov.br\/\/wp-content\/uploads\/2024\/05\/WhatsApp-Image-2024-05-01-at-12.50.58-768x1024.jpeg 768w, https:\/\/pc.sc.gov.br\/\/wp-content\/uploads\/2024\/05\/WhatsApp-Image-2024-05-01-at-12.50.58-225x300.jpeg 225w, https:\/\/pc.sc.gov.br\/\/wp-content\/uploads\/2024\/05\/WhatsApp-Image-2024-05-01-at-12.50.58.jpeg 960w\" sizes=\"(max-width: 696px) 100vw, 696px\" \/>\t\t\t\t\t\t\t\t\t\t\t\t\t\t\t<\/div>\n\t\t\t\t<\/div>\n\t\t\t\t\t<\/div>\n\t\t<\/div>\n\t\t\t\t\t<\/div>\n\t\t<\/section>\n\t\t\t\t<section class=\"elementor-section elementor-top-section elementor-element elementor-element-7ec51b9 elementor-section-boxed elementor-section-height-default elementor-section-height-default\" data-id=\"7ec51b9\" data-element_type=\"section\">\n\t\t\t\t\t\t<div class=\"elementor-container elementor-column-gap-default\">\n\t\t\t\t\t<div class=\"elementor-column elementor-col-100 elementor-top-column elementor-element elementor-element-3b5686b\" data-id=\"3b5686b\" data-element_type=\"column\">\n\t\t\t<div class=\"elementor-widget-wrap elementor-element-populated\">\n\t\t\t\t\t\t<div class=\"elementor-element elementor-element-eec402c elementor-widget elementor-widget-text-editor\" data-id=\"eec402c\" data-element_type=\"widget\" data-widget_type=\"text-editor.default\">\n\t\t\t\t<div class=\"elementor-widget-container\">\n\t\t\t\t\t\t\t\t\t<p>Na manh\u00e3 do Dia do Trabalhador, a Pol\u00edcia Civil de Santa Catarina, por meio da Delegacia de Prote\u00e7\u00e3o \u00e0 Crian\u00e7a, ao Adolescente, \u00e0 Mulher e ao Idoso (DPCAMI) de Canoinhas, com apoio da Divis\u00e3o de Investiga\u00e7\u00e3o Criminal e do Setor de Investiga\u00e7\u00e3o Criminal de Canoinhas, prendeu dois homens, investigados pelo crime de estupro majorado contra v\u00edtima adolescente. Ap\u00f3s obter informa\u00e7\u00f5es sobre o paradeiro dos homens, as equipes da Pol\u00edcia Civil deslocaram at\u00e9 o interior do munic\u00edpio de Tr\u00eas Barras, onde realizam a captura dos alvos.<\/p><p>\u00a0O caso em apura\u00e7\u00e3o na DPCAMI indica que a viol\u00eancia sexual era praticada por integrante da pr\u00f3pria fam\u00edlia no ambiente dom\u00e9stico. A inescus\u00e1vel omiss\u00e3o dos pais em comunicar aos \u00f3rg\u00e3os p\u00fablicos e em agir para impedir que o estupro ocorresse \u00e9 analisada no \u00e2mbito do Inqu\u00e9rito Policial. Uma medida protetiva\/cautelar de afastamento e proibi\u00e7\u00e3o de contato foi executada para prote\u00e7\u00e3o integral da v\u00edtima.<\/p><p>Com a expedi\u00e7\u00e3o das ordens pelo Poder Judici\u00e1rio, ap\u00f3s parecer favor\u00e1vel do Minist\u00e9rio P\u00fablico local, foram ainda executadas duas buscas no munic\u00edpio de Canoinhas, com a apreens\u00e3o de telefones celulares a serem periciados para subsidiar o procedimento investigat\u00f3rio. Havendo condena\u00e7\u00e3o, a pena aos respons\u00e1veis pode atingir at\u00e9 18 anos de reclus\u00e3o.<\/p><p>As a\u00e7\u00f5es foram executadas dentro do planejamento previsto pela DPCAMI para o primeiro semestre e somam-se aos esfor\u00e7os conjuntos dos \u00f3rg\u00e3os e poderes da comarca, demonstrando intoler\u00e2ncia quanto \u00e0s condutas envolvendo viol\u00eancia sexual, dom\u00e9stica e familiar em Canoinhas e regi\u00e3o.<\/p>\t\t\t\t\t\t\t\t<\/div>\n\t\t\t\t<\/div>\n\t\t\t\t\t<\/div>\n\t\t<\/div>\n\t\t\t\t\t<\/div>\n\t\t<\/section>\n\t\t\t\t<section class=\"elementor-section elementor-top-section elementor-element elementor-element-bd27d63 elementor-section-boxed elementor-section-height-default elementor-section-height-default\" data-id=\"bd27d63\" data-element_type=\"section\">\n\t\t\t\t\t\t<div class=\"elementor-container elementor-column-gap-default\">\n\t\t\t\t\t<div class=\"elementor-column elementor-col-100 elementor-top-column elementor-element elementor-element-1d4579d\" data-id=\"1d4579d\" data-element_type=\"column\">\n\t\t\t<div class=\"elementor-widget-wrap elementor-element-populated\">\n\t\t\t\t\t\t<div class=\"elementor-element elementor-element-79c06bf elementor-widget elementor-widget-image\" data-id=\"79c06bf\" data-element_type=\"widget\" data-widget_type=\"image.default\">\n\t\t\t\t<div class=\"elementor-widget-container\">\n\t\t\t\t\t\t\t\t\t\t\t\t\t\t\t<img decoding=\"async\" width=\"696\" height=\"928\" src=\"https:\/\/pc.sc.gov.br\/\/wp-content\/uploads\/2024\/05\/WhatsApp-Image-2024-05-01-at-12.50.58-1-768x1024.jpeg\" class=\"attachment-large size-large wp-image-19722\" alt=\"\" srcset=\"https:\/\/pc.sc.gov.br\/\/wp-content\/uploads\/2024\/05\/WhatsApp-Image-2024-05-01-at-12.50.58-1-768x1024.jpeg 768w, https:\/\/pc.sc.gov.br\/\/wp-content\/uploads\/2024\/05\/WhatsApp-Image-2024-05-01-at-12.50.58-1-225x300.jpeg 225w, https:\/\/pc.sc.gov.br\/\/wp-content\/uploads\/2024\/05\/WhatsApp-Image-2024-05-01-at-12.50.58-1-1152x1536.jpeg 1152w, https:\/\/pc.sc.gov.br\/\/wp-content\/uploads\/2024\/05\/WhatsApp-Image-2024-05-01-at-12.50.58-1.jpeg 1200w\" sizes=\"(max-width: 696px) 100vw, 696px\" \/>\t\t\t\t\t\t\t\t\t\t\t\t\t\t\t<\/div>\n\t\t\t\t<\/div>\n\t\t\t\t\t<\/div>\n\t\t<\/div>\n\t\t\t\t\t<\/div>\n\t\t<\/section>\n\t\t\t\t<section class=\"elementor-section elementor-top-section elementor-element elementor-element-51038e7 elementor-section-boxed elementor-section-height-default elementor-section-height-default\" data-id=\"51038e7\" data-element_type=\"section\">\n\t\t\t\t\t\t<div class=\"elementor-container elementor-column-gap-default\">\n\t\t\t\t\t<div class=\"elementor-column elementor-col-100 elementor-top-column elementor-element elementor-element-c8e52db\" data-id=\"c8e52db\" data-element_type=\"column\">\n\t\t\t<div class=\"elementor-widget-wrap elementor-element-populated\">\n\t\t\t\t\t\t<div class=\"elementor-element elementor-element-52c7a0a elementor-widget elementor-widget-image\" data-id=\"52c7a0a\" data-element_type=\"widget\" data-widget_type=\"image.default\">\n\t\t\t\t<div class=\"elementor-widget-container\">\n\t\t\t\t\t\t\t\t\t\t\t\t\t\t\t<img decoding=\"async\" width=\"696\" height=\"928\" src=\"https:\/\/pc.sc.gov.br\/\/wp-content\/uploads\/2024\/05\/WhatsApp-Image-2024-05-01-at-12.50.58-2-768x1024.jpeg\" class=\"attachment-large size-large wp-image-19721\" alt=\"\" srcset=\"https:\/\/pc.sc.gov.br\/\/wp-content\/uploads\/2024\/05\/WhatsApp-Image-2024-05-01-at-12.50.58-2-768x1024.jpeg 768w, https:\/\/pc.sc.gov.br\/\/wp-content\/uploads\/2024\/05\/WhatsApp-Image-2024-05-01-at-12.50.58-2-225x300.jpeg 225w, https:\/\/pc.sc.gov.br\/\/wp-content\/uploads\/2024\/05\/WhatsApp-Image-2024-05-01-at-12.50.58-2-1152x1536.jpeg 1152w, https:\/\/pc.sc.gov.br\/\/wp-content\/uploads\/2024\/05\/WhatsApp-Image-2024-05-01-at-12.50.58-2.jpeg 1200w\" sizes=\"(max-width: 696px) 100vw, 696px\" \/>\t\t\t\t\t\t\t\t\t\t\t\t\t\t\t<\/div>\n\t\t\t\t<\/div>\n\t\t\t\t\t<\/div>\n\t\t<\/div>\n\t\t\t\t\t<\/div>\n\t\t<\/section>\n\t\t\t\t<\/div>\n\t\t","protected":false},"excerpt":{"rendered":"<p>Pol\u00edcia Civil prende dois homens em investiga\u00e7\u00e3o por estupro majorado contra adolescente Na manh\u00e3 do Dia do Trabalhador, a Pol\u00edcia Civil de Santa Catarina, por meio da Delegacia de Prote\u00e7\u00e3o \u00e0 Crian\u00e7a, ao Adolescente, \u00e0 Mulher e ao Idoso (DPCAMI) de Canoinhas, com apoio da Divis\u00e3o de Investiga\u00e7\u00e3o Criminal e do Setor de Investiga\u00e7\u00e3o Criminal [&hellip;]<\/p>\n","protected":false},"author":5,"featured_media":19723,"comment_status":"closed","ping_status":"open","sticky":false,"template":"","format":"standard","meta":{"_monsterinsights_skip_tracking":false,"_monsterinsights_sitenote_active":false,"_monsterinsights_sitenote_note":"","_monsterinsights_sitenote_category":0,"footnotes":""},"categories":[1],"tags":[],"class_list":["post-19720","post","type-post","status-publish","format-standard","has-post-thumbnail","hentry","category-sem-categoria"],"_links":{"self":[{"href":"https:\/\/pc.sc.gov.br\/index.php?rest_route=\/wp\/v2\/posts\/19720","targetHints":{"allow":["GET"]}}],"collection":[{"href":"https:\/\/pc.sc.gov.br\/index.php?rest_route=\/wp\/v2\/posts"}],"about":[{"href":"https:\/\/pc.sc.gov.br\/index.php?rest_route=\/wp\/v2\/types\/post"}],"author":[{"embeddable":true,"href":"https:\/\/pc.sc.gov.br\/index.php?rest_route=\/wp\/v2\/users\/5"}],"replies":[{"embeddable":true,"href":"https:\/\/pc.sc.gov.br\/index.php?rest_route=%2Fwp%2Fv2%2Fcomments&post=19720"}],"version-history":[{"count":4,"href":"https:\/\/pc.sc.gov.br\/index.php?rest_route=\/wp\/v2\/posts\/19720\/revisions"}],"predecessor-version":[{"id":19728,"href":"https:\/\/pc.sc.gov.br\/index.php?rest_route=\/wp\/v2\/posts\/19720\/revisions\/19728"}],"wp:featuredmedia":[{"embeddable":true,"href":"https:\/\/pc.sc.gov.br\/index.php?rest_route=\/wp\/v2\/media\/19723"}],"wp:attachment":[{"href":"https:\/\/pc.sc.gov.br\/index.php?rest_route=%2Fwp%2Fv2%2Fmedia&parent=19720"}],"wp:term":[{"taxonomy":"category","embeddable":true,"href":"https:\/\/pc.sc.gov.br\/index.php?rest_route=%2Fwp%2Fv2%2Fcategories&post=19720"},{"taxonomy":"post_tag","embeddable":true,"href":"https:\/\/pc.sc.gov.br\/index.php?rest_route=%2Fwp%2Fv2%2Ftags&post=19720"}],"curies":[{"name":"wp","href":"https:\/\/api.w.org\/{rel}","templated":true}]}}