{"id":19733,"date":"2024-05-02T18:49:07","date_gmt":"2024-05-02T21:49:07","guid":{"rendered":"https:\/\/pc.sc.gov.br\/?p=19733"},"modified":"2024-05-02T18:49:59","modified_gmt":"2024-05-02T21:49:59","slug":"policia-civil-prende-homem-responsavel-por-subtracao-de-carga-de-vinho-no-final-do-ano-passado","status":"publish","type":"post","link":"https:\/\/pc.sc.gov.br\/?p=19733","title":{"rendered":"Pol\u00edcia Civil prende homem respons\u00e1vel por subtra\u00e7\u00e3o de carga de vinho no final do ano passado"},"content":{"rendered":"\t\t<div data-elementor-type=\"wp-post\" data-elementor-id=\"19733\" class=\"elementor elementor-19733\" data-elementor-post-type=\"post\">\n\t\t\t\t\t\t<section class=\"elementor-section elementor-top-section elementor-element elementor-element-687a0b1 elementor-section-boxed elementor-section-height-default elementor-section-height-default\" data-id=\"687a0b1\" data-element_type=\"section\">\n\t\t\t\t\t\t<div class=\"elementor-container elementor-column-gap-default\">\n\t\t\t\t\t<div class=\"elementor-column elementor-col-100 elementor-top-column elementor-element elementor-element-612f560\" data-id=\"612f560\" data-element_type=\"column\">\n\t\t\t<div class=\"elementor-widget-wrap elementor-element-populated\">\n\t\t\t\t\t\t<div class=\"elementor-element elementor-element-511216a elementor-widget elementor-widget-heading\" data-id=\"511216a\" data-element_type=\"widget\" data-widget_type=\"heading.default\">\n\t\t\t\t<div class=\"elementor-widget-container\">\n\t\t\t\t\t<h2 class=\"elementor-heading-title elementor-size-default\">Pol\u00edcia Civil prende homem respons\u00e1vel por subtra\u00e7\u00e3o de carga de vinho no final do ano passado<\/h2>\t\t\t\t<\/div>\n\t\t\t\t<\/div>\n\t\t\t\t\t<\/div>\n\t\t<\/div>\n\t\t\t\t\t<\/div>\n\t\t<\/section>\n\t\t\t\t<section class=\"elementor-section elementor-top-section elementor-element elementor-element-58281f7 elementor-section-boxed elementor-section-height-default elementor-section-height-default\" data-id=\"58281f7\" data-element_type=\"section\">\n\t\t\t\t\t\t<div class=\"elementor-container elementor-column-gap-default\">\n\t\t\t\t\t<div class=\"elementor-column elementor-col-100 elementor-top-column elementor-element elementor-element-84f91ad\" data-id=\"84f91ad\" data-element_type=\"column\">\n\t\t\t<div class=\"elementor-widget-wrap elementor-element-populated\">\n\t\t\t\t\t\t<div class=\"elementor-element elementor-element-fb05edb elementor-widget elementor-widget-image\" data-id=\"fb05edb\" data-element_type=\"widget\" data-widget_type=\"image.default\">\n\t\t\t\t<div class=\"elementor-widget-container\">\n\t\t\t\t\t\t\t\t\t\t\t\t\t\t\t<img fetchpriority=\"high\" decoding=\"async\" width=\"696\" height=\"395\" src=\"https:\/\/pc.sc.gov.br\/\/wp-content\/uploads\/2024\/05\/WhatsApp-Image-2024-05-02-at-18.40.34-1024x581.jpeg\" class=\"attachment-large size-large wp-image-19734\" alt=\"\" srcset=\"https:\/\/pc.sc.gov.br\/\/wp-content\/uploads\/2024\/05\/WhatsApp-Image-2024-05-02-at-18.40.34-1024x581.jpeg 1024w, https:\/\/pc.sc.gov.br\/\/wp-content\/uploads\/2024\/05\/WhatsApp-Image-2024-05-02-at-18.40.34-300x170.jpeg 300w, https:\/\/pc.sc.gov.br\/\/wp-content\/uploads\/2024\/05\/WhatsApp-Image-2024-05-02-at-18.40.34-768x436.jpeg 768w, https:\/\/pc.sc.gov.br\/\/wp-content\/uploads\/2024\/05\/WhatsApp-Image-2024-05-02-at-18.40.34.jpeg 1290w\" sizes=\"(max-width: 696px) 100vw, 696px\" \/>\t\t\t\t\t\t\t\t\t\t\t\t\t\t\t<\/div>\n\t\t\t\t<\/div>\n\t\t\t\t\t<\/div>\n\t\t<\/div>\n\t\t\t\t\t<\/div>\n\t\t<\/section>\n\t\t\t\t<section class=\"elementor-section elementor-top-section elementor-element elementor-element-7cacb64 elementor-section-boxed elementor-section-height-default elementor-section-height-default\" data-id=\"7cacb64\" data-element_type=\"section\">\n\t\t\t\t\t\t<div class=\"elementor-container elementor-column-gap-default\">\n\t\t\t\t\t<div class=\"elementor-column elementor-col-100 elementor-top-column elementor-element elementor-element-7bbe18e\" data-id=\"7bbe18e\" data-element_type=\"column\">\n\t\t\t<div class=\"elementor-widget-wrap elementor-element-populated\">\n\t\t\t\t\t\t<div class=\"elementor-element elementor-element-80fca00 elementor-widget elementor-widget-text-editor\" data-id=\"80fca00\" data-element_type=\"widget\" data-widget_type=\"text-editor.default\">\n\t\t\t\t<div class=\"elementor-widget-container\">\n\t\t\t\t\t\t\t\t\t<p>Na quarta-feira (1\/5), a Pol\u00edcia Civil de Santa Catarina, por meio da Delegacia de Furtos e Roubos de Cargas da Diretoria Estadual de Investiga\u00e7\u00f5es Criminais, em a\u00e7\u00e3o conjunta com a Central de Plant\u00e3o Policial e a Divis\u00e3o de Investiga\u00e7\u00e3o Criminal de Jaragu\u00e1 do Sul, cumpriu mandado de pris\u00e3o preventiva, expedido em desfavor de um homem respons\u00e1vel pela subtra\u00e7\u00e3o de carga de vinho argentino, ocorrida no dia 05 de dezembro de 2023.<\/p><p>A carga de vinho foi recuperada pela DFRC\/DEIC no dia 10 de abril de 2024 no bairro Cordeiros, em Itaja\u00ed. Os documentos e objetos apreendidos foram minuciosamente analisados pela equipe de investiga\u00e7\u00e3o, resultando na identifica\u00e7\u00e3o do homem respons\u00e1vel por coletar a carga na empresa v\u00edtima.<\/p><p>Esse homem j\u00e1 havia sido alvo da DFRC\/DEIC em outros procedimentos investigativos, al\u00e9m de atuar praticando a mesma modalidade delitiva no estado do Paran\u00e1. Com sua identifica\u00e7\u00e3o e demonstrada sua habitualidade delitiva, pugnou-se pela decreta\u00e7\u00e3o da pris\u00e3o preventiva, o que foi deferido pelo Poder Judici\u00e1rio.<\/p><p>Den\u00fancias e informa\u00e7\u00f5es relacionadas a roubo de cargas podem ser encaminhadas para o e-mail _deic-dfrc@pc.sc.gov.br da Pol\u00edcia Civil, sendo garantido o anonimato.<\/p>\t\t\t\t\t\t\t\t<\/div>\n\t\t\t\t<\/div>\n\t\t\t\t\t<\/div>\n\t\t<\/div>\n\t\t\t\t\t<\/div>\n\t\t<\/section>\n\t\t\t\t<\/div>\n\t\t","protected":false},"excerpt":{"rendered":"<p>Pol\u00edcia Civil prende homem respons\u00e1vel por subtra\u00e7\u00e3o de carga de vinho no final do ano passado Na quarta-feira (1\/5), a Pol\u00edcia Civil de Santa Catarina, por meio da Delegacia de Furtos e Roubos de Cargas da Diretoria Estadual de Investiga\u00e7\u00f5es Criminais, em a\u00e7\u00e3o conjunta com a Central de Plant\u00e3o Policial e a Divis\u00e3o de Investiga\u00e7\u00e3o [&hellip;]<\/p>\n","protected":false},"author":5,"featured_media":19734,"comment_status":"closed","ping_status":"open","sticky":false,"template":"","format":"standard","meta":{"_monsterinsights_skip_tracking":false,"_monsterinsights_sitenote_active":false,"_monsterinsights_sitenote_note":"","_monsterinsights_sitenote_category":0,"footnotes":""},"categories":[1],"tags":[],"class_list":["post-19733","post","type-post","status-publish","format-standard","has-post-thumbnail","hentry","category-sem-categoria"],"_links":{"self":[{"href":"https:\/\/pc.sc.gov.br\/index.php?rest_route=\/wp\/v2\/posts\/19733","targetHints":{"allow":["GET"]}}],"collection":[{"href":"https:\/\/pc.sc.gov.br\/index.php?rest_route=\/wp\/v2\/posts"}],"about":[{"href":"https:\/\/pc.sc.gov.br\/index.php?rest_route=\/wp\/v2\/types\/post"}],"author":[{"embeddable":true,"href":"https:\/\/pc.sc.gov.br\/index.php?rest_route=\/wp\/v2\/users\/5"}],"replies":[{"embeddable":true,"href":"https:\/\/pc.sc.gov.br\/index.php?rest_route=%2Fwp%2Fv2%2Fcomments&post=19733"}],"version-history":[{"count":4,"href":"https:\/\/pc.sc.gov.br\/index.php?rest_route=\/wp\/v2\/posts\/19733\/revisions"}],"predecessor-version":[{"id":19738,"href":"https:\/\/pc.sc.gov.br\/index.php?rest_route=\/wp\/v2\/posts\/19733\/revisions\/19738"}],"wp:featuredmedia":[{"embeddable":true,"href":"https:\/\/pc.sc.gov.br\/index.php?rest_route=\/wp\/v2\/media\/19734"}],"wp:attachment":[{"href":"https:\/\/pc.sc.gov.br\/index.php?rest_route=%2Fwp%2Fv2%2Fmedia&parent=19733"}],"wp:term":[{"taxonomy":"category","embeddable":true,"href":"https:\/\/pc.sc.gov.br\/index.php?rest_route=%2Fwp%2Fv2%2Fcategories&post=19733"},{"taxonomy":"post_tag","embeddable":true,"href":"https:\/\/pc.sc.gov.br\/index.php?rest_route=%2Fwp%2Fv2%2Ftags&post=19733"}],"curies":[{"name":"wp","href":"https:\/\/api.w.org\/{rel}","templated":true}]}}