{"id":19745,"date":"2024-05-02T19:44:50","date_gmt":"2024-05-02T22:44:50","guid":{"rendered":"https:\/\/pc.sc.gov.br\/?p=19745"},"modified":"2024-05-02T19:46:40","modified_gmt":"2024-05-02T22:46:40","slug":"em-brusque-policia-civil-prende-homem-que-teria-agredido-companheira-no-mato-grosso-do-sul","status":"publish","type":"post","link":"https:\/\/pc.sc.gov.br\/?p=19745","title":{"rendered":"Em Brusque, Pol\u00edcia Civil prende homem que teria agredido companheira no Mato Grosso do Sul"},"content":{"rendered":"\t\t<div data-elementor-type=\"wp-post\" data-elementor-id=\"19745\" class=\"elementor elementor-19745\" data-elementor-post-type=\"post\">\n\t\t\t\t\t\t<section class=\"elementor-section elementor-top-section elementor-element elementor-element-2065083 elementor-section-boxed elementor-section-height-default elementor-section-height-default\" data-id=\"2065083\" data-element_type=\"section\">\n\t\t\t\t\t\t<div class=\"elementor-container elementor-column-gap-default\">\n\t\t\t\t\t<div class=\"elementor-column elementor-col-100 elementor-top-column elementor-element elementor-element-d6dd077\" data-id=\"d6dd077\" data-element_type=\"column\">\n\t\t\t<div class=\"elementor-widget-wrap elementor-element-populated\">\n\t\t\t\t\t\t<div class=\"elementor-element elementor-element-814790a elementor-widget elementor-widget-heading\" data-id=\"814790a\" data-element_type=\"widget\" data-widget_type=\"heading.default\">\n\t\t\t\t<div class=\"elementor-widget-container\">\n\t\t\t\t\t<h2 class=\"elementor-heading-title elementor-size-default\">Em Brusque, Pol\u00edcia Civil prende homem que teria agredido companheira no Mato Grosso do Sul<\/h2>\t\t\t\t<\/div>\n\t\t\t\t<\/div>\n\t\t\t\t\t<\/div>\n\t\t<\/div>\n\t\t\t\t\t<\/div>\n\t\t<\/section>\n\t\t\t\t<section class=\"elementor-section elementor-top-section elementor-element elementor-element-6f9c2d5 elementor-section-boxed elementor-section-height-default elementor-section-height-default\" data-id=\"6f9c2d5\" data-element_type=\"section\">\n\t\t\t\t\t\t<div class=\"elementor-container elementor-column-gap-default\">\n\t\t\t\t\t<div class=\"elementor-column elementor-col-100 elementor-top-column elementor-element elementor-element-cea699c\" data-id=\"cea699c\" data-element_type=\"column\">\n\t\t\t<div class=\"elementor-widget-wrap elementor-element-populated\">\n\t\t\t\t\t\t<div class=\"elementor-element elementor-element-5317a4a elementor-widget elementor-widget-image\" data-id=\"5317a4a\" data-element_type=\"widget\" data-widget_type=\"image.default\">\n\t\t\t\t<div class=\"elementor-widget-container\">\n\t\t\t\t\t\t\t\t\t\t\t\t\t\t\t<img fetchpriority=\"high\" decoding=\"async\" width=\"510\" height=\"680\" src=\"https:\/\/pc.sc.gov.br\/\/wp-content\/uploads\/2022\/12\/DIC_COLETE.jpg\" class=\"attachment-large size-large wp-image-2546\" alt=\"\" srcset=\"https:\/\/pc.sc.gov.br\/\/wp-content\/uploads\/2022\/12\/DIC_COLETE.jpg 510w, https:\/\/pc.sc.gov.br\/\/wp-content\/uploads\/2022\/12\/DIC_COLETE-225x300.jpg 225w\" sizes=\"(max-width: 510px) 100vw, 510px\" \/>\t\t\t\t\t\t\t\t\t\t\t\t\t\t\t<\/div>\n\t\t\t\t<\/div>\n\t\t\t\t<div class=\"elementor-element elementor-element-b073acf elementor-widget elementor-widget-text-editor\" data-id=\"b073acf\" data-element_type=\"widget\" data-widget_type=\"text-editor.default\">\n\t\t\t\t<div class=\"elementor-widget-container\">\n\t\t\t\t\t\t\t\t\t<p>Nesta quinta-feira (02\/05), a Pol\u00edcia Civil de Santa Catarina, por meio da Divis\u00e3o de Investiga\u00e7\u00e3o Criminal de Brusque, ap\u00f3s troca de informa\u00e7\u00f5es com Diretoria de Intelig\u00eancia e diversas dilig\u00eancias realizadas, deu cumprimento a um mandado de pris\u00e3o preventiva, em desfavor de um homem que teria agredido sua companheira e estava foragido.<\/p><p>A ordem judicial foi expedida pela Vara \u00danica de Sete Quedas, do estado do Mato Grosso do Sul. \u00a0A pris\u00e3o ocorreu no Bairro Dom Joaquim, em Brusque, nas proximidades da resid\u00eancia em que o foragido estava morando, quando ele voltava do trabalho.<\/p><p><strong>Entenda o caso<\/strong><\/p><p>Em setembro de 2023, ap\u00f3s uma discuss\u00e3o com sua companheira, o conduzido atirou a mulher ao ch\u00e3o e agrediu-a com diversos socos e chutes. Depois do crime, a fim de evitar a pris\u00e3o em flagrante, o autor fugiu do local e, posteriormente, ficou homiziado no Paraguai. No entanto, desde o final de 2023, o foragido estava residindo em Brusque, permanecendo nessa condi\u00e7\u00e3o at\u00e9 o momento da efetiva\u00e7\u00e3o de sua pris\u00e3o.<\/p><p>O caso tomou grande propor\u00e7\u00e3o no estado do Mato Grosso do Sul e causou muita como\u00e7\u00e3o social, n\u00e3o s\u00f3 em raz\u00e3o do elevado grau de viol\u00eancia que foi empreendida, mas tamb\u00e9m pelas agress\u00f5es terem sido flagradas por c\u00e2meras de videomonitoramento presentes no local do crime. A motiva\u00e7\u00e3o das agress\u00f5es teria sido uma discuss\u00e3o entre o casal.<\/p><p>Efetivada a pris\u00e3o, o conduzido foi encaminhado para a Delegacia de Pol\u00edcia Civil de Brusque e, posteriormente, para o Pres\u00eddio de Brusque, onde permanecer\u00e1 a disposi\u00e7\u00e3o do Poder Judici\u00e1rio.<\/p>\t\t\t\t\t\t\t\t<\/div>\n\t\t\t\t<\/div>\n\t\t\t\t\t<\/div>\n\t\t<\/div>\n\t\t\t\t\t<\/div>\n\t\t<\/section>\n\t\t\t\t<section class=\"elementor-section elementor-top-section elementor-element elementor-element-4e9b026 elementor-section-boxed elementor-section-height-default elementor-section-height-default\" data-id=\"4e9b026\" data-element_type=\"section\">\n\t\t\t\t\t\t<div class=\"elementor-container elementor-column-gap-default\">\n\t\t\t\t\t<div class=\"elementor-column elementor-col-100 elementor-top-column elementor-element elementor-element-888e546\" data-id=\"888e546\" data-element_type=\"column\">\n\t\t\t<div class=\"elementor-widget-wrap elementor-element-populated\">\n\t\t\t\t\t\t<div class=\"elementor-element elementor-element-2ecc090 elementor-widget__width-auto elementor-widget elementor-widget-video\" data-id=\"2ecc090\" data-element_type=\"widget\" data-settings=\"{&quot;video_type&quot;:&quot;hosted&quot;,&quot;controls&quot;:&quot;yes&quot;}\" data-widget_type=\"video.default\">\n\t\t\t\t<div class=\"elementor-widget-container\">\n\t\t\t\t\t\t\t<div class=\"e-hosted-video elementor-wrapper elementor-open-inline\">\n\t\t\t\t\t<video class=\"elementor-video\" src=\"https:\/\/pc.sc.gov.br\/wp-content\/uploads\/2024\/05\/WhatsApp-Video-2024-05-02-at-19.35.34.mp4\" controls=\"\" preload=\"metadata\"><\/video>\n\t\t\t\t<\/div>\n\t\t\t\t\t\t<\/div>\n\t\t\t\t<\/div>\n\t\t\t\t\t<\/div>\n\t\t<\/div>\n\t\t\t\t\t<\/div>\n\t\t<\/section>\n\t\t\t\t<\/div>\n\t\t","protected":false},"excerpt":{"rendered":"<p>Em Brusque, Pol\u00edcia Civil prende homem que teria agredido companheira no Mato Grosso do Sul Nesta quinta-feira (02\/05), a Pol\u00edcia Civil de Santa Catarina, por meio da Divis\u00e3o de Investiga\u00e7\u00e3o Criminal de Brusque, ap\u00f3s troca de informa\u00e7\u00f5es com Diretoria de Intelig\u00eancia e diversas dilig\u00eancias realizadas, deu cumprimento a um mandado de pris\u00e3o preventiva, em desfavor [&hellip;]<\/p>\n","protected":false},"author":5,"featured_media":2546,"comment_status":"closed","ping_status":"open","sticky":false,"template":"","format":"standard","meta":{"_monsterinsights_skip_tracking":false,"_monsterinsights_sitenote_active":false,"_monsterinsights_sitenote_note":"","_monsterinsights_sitenote_category":0,"footnotes":""},"categories":[1],"tags":[],"class_list":["post-19745","post","type-post","status-publish","format-standard","has-post-thumbnail","hentry","category-sem-categoria"],"_links":{"self":[{"href":"https:\/\/pc.sc.gov.br\/index.php?rest_route=\/wp\/v2\/posts\/19745","targetHints":{"allow":["GET"]}}],"collection":[{"href":"https:\/\/pc.sc.gov.br\/index.php?rest_route=\/wp\/v2\/posts"}],"about":[{"href":"https:\/\/pc.sc.gov.br\/index.php?rest_route=\/wp\/v2\/types\/post"}],"author":[{"embeddable":true,"href":"https:\/\/pc.sc.gov.br\/index.php?rest_route=\/wp\/v2\/users\/5"}],"replies":[{"embeddable":true,"href":"https:\/\/pc.sc.gov.br\/index.php?rest_route=%2Fwp%2Fv2%2Fcomments&post=19745"}],"version-history":[{"count":4,"href":"https:\/\/pc.sc.gov.br\/index.php?rest_route=\/wp\/v2\/posts\/19745\/revisions"}],"predecessor-version":[{"id":19750,"href":"https:\/\/pc.sc.gov.br\/index.php?rest_route=\/wp\/v2\/posts\/19745\/revisions\/19750"}],"wp:featuredmedia":[{"embeddable":true,"href":"https:\/\/pc.sc.gov.br\/index.php?rest_route=\/wp\/v2\/media\/2546"}],"wp:attachment":[{"href":"https:\/\/pc.sc.gov.br\/index.php?rest_route=%2Fwp%2Fv2%2Fmedia&parent=19745"}],"wp:term":[{"taxonomy":"category","embeddable":true,"href":"https:\/\/pc.sc.gov.br\/index.php?rest_route=%2Fwp%2Fv2%2Fcategories&post=19745"},{"taxonomy":"post_tag","embeddable":true,"href":"https:\/\/pc.sc.gov.br\/index.php?rest_route=%2Fwp%2Fv2%2Ftags&post=19745"}],"curies":[{"name":"wp","href":"https:\/\/api.w.org\/{rel}","templated":true}]}}