{"id":19751,"date":"2024-05-03T13:56:51","date_gmt":"2024-05-03T16:56:51","guid":{"rendered":"https:\/\/pc.sc.gov.br\/?p=19751"},"modified":"2024-05-03T13:58:07","modified_gmt":"2024-05-03T16:58:07","slug":"policia-civil-prende-duas-pessoas-e-cumpre-mandados-de-busca-e-apreensao-em-investigacao-a-incendio-em-escola-estadual-de-sao-jose","status":"publish","type":"post","link":"https:\/\/pc.sc.gov.br\/?p=19751","title":{"rendered":"Pol\u00edcia Civil prende duas pessoas e cumpre mandados de busca e apreens\u00e3o em investiga\u00e7\u00e3o a inc\u00eandio em escola estadual de S\u00e3o Jos\u00e9"},"content":{"rendered":"\t\t<div data-elementor-type=\"wp-post\" data-elementor-id=\"19751\" class=\"elementor elementor-19751\" data-elementor-post-type=\"post\">\n\t\t\t\t\t\t<section class=\"elementor-section elementor-top-section elementor-element elementor-element-49058f9 elementor-section-boxed elementor-section-height-default elementor-section-height-default\" data-id=\"49058f9\" data-element_type=\"section\">\n\t\t\t\t\t\t<div class=\"elementor-container elementor-column-gap-default\">\n\t\t\t\t\t<div class=\"elementor-column elementor-col-100 elementor-top-column elementor-element elementor-element-41fc25c\" data-id=\"41fc25c\" data-element_type=\"column\">\n\t\t\t<div class=\"elementor-widget-wrap elementor-element-populated\">\n\t\t\t\t\t\t<div class=\"elementor-element elementor-element-e3556cd elementor-widget elementor-widget-heading\" data-id=\"e3556cd\" data-element_type=\"widget\" data-widget_type=\"heading.default\">\n\t\t\t\t<div class=\"elementor-widget-container\">\n\t\t\t\t\t<h2 class=\"elementor-heading-title elementor-size-default\">Pol\u00edcia Civil prende duas pessoas e cumpre mandados de busca e apreens\u00e3o em investiga\u00e7\u00e3o a inc\u00eandio em escola estadual de S\u00e3o Jos\u00e9<\/h2>\t\t\t\t<\/div>\n\t\t\t\t<\/div>\n\t\t\t\t\t<\/div>\n\t\t<\/div>\n\t\t\t\t\t<\/div>\n\t\t<\/section>\n\t\t\t\t<section class=\"elementor-section elementor-top-section elementor-element elementor-element-48c0f3e elementor-section-boxed elementor-section-height-default elementor-section-height-default\" data-id=\"48c0f3e\" data-element_type=\"section\">\n\t\t\t\t\t\t<div class=\"elementor-container elementor-column-gap-default\">\n\t\t\t\t\t<div class=\"elementor-column elementor-col-100 elementor-top-column elementor-element elementor-element-9f610d1\" data-id=\"9f610d1\" data-element_type=\"column\">\n\t\t\t<div class=\"elementor-widget-wrap elementor-element-populated\">\n\t\t\t\t\t\t<div class=\"elementor-element elementor-element-0f710ff elementor-widget elementor-widget-image\" data-id=\"0f710ff\" data-element_type=\"widget\" data-widget_type=\"image.default\">\n\t\t\t\t<div class=\"elementor-widget-container\">\n\t\t\t\t\t\t\t\t\t\t\t\t\t\t\t<img fetchpriority=\"high\" decoding=\"async\" width=\"696\" height=\"829\" src=\"https:\/\/pc.sc.gov.br\/\/wp-content\/uploads\/2023\/04\/VIATURA_000000000009-860x1024.jpg\" class=\"attachment-large size-large wp-image-8006\" alt=\"\" srcset=\"https:\/\/pc.sc.gov.br\/\/wp-content\/uploads\/2023\/04\/VIATURA_000000000009-860x1024.jpg 860w, https:\/\/pc.sc.gov.br\/\/wp-content\/uploads\/2023\/04\/VIATURA_000000000009-252x300.jpg 252w, https:\/\/pc.sc.gov.br\/\/wp-content\/uploads\/2023\/04\/VIATURA_000000000009-768x915.jpg 768w, https:\/\/pc.sc.gov.br\/\/wp-content\/uploads\/2023\/04\/VIATURA_000000000009-1290x1536.jpg 1290w, https:\/\/pc.sc.gov.br\/\/wp-content\/uploads\/2023\/04\/VIATURA_000000000009-1720x2048.jpg 1720w\" sizes=\"(max-width: 696px) 100vw, 696px\" \/>\t\t\t\t\t\t\t\t\t\t\t\t\t\t\t<\/div>\n\t\t\t\t<\/div>\n\t\t\t\t\t<\/div>\n\t\t<\/div>\n\t\t\t\t\t<\/div>\n\t\t<\/section>\n\t\t\t\t<section class=\"elementor-section elementor-top-section elementor-element elementor-element-9e3a296 elementor-section-boxed elementor-section-height-default elementor-section-height-default\" data-id=\"9e3a296\" data-element_type=\"section\">\n\t\t\t\t\t\t<div class=\"elementor-container elementor-column-gap-default\">\n\t\t\t\t\t<div class=\"elementor-column elementor-col-100 elementor-top-column elementor-element elementor-element-20f31e2\" data-id=\"20f31e2\" data-element_type=\"column\">\n\t\t\t<div class=\"elementor-widget-wrap elementor-element-populated\">\n\t\t\t\t\t\t<div class=\"elementor-element elementor-element-8ee7027 elementor-widget elementor-widget-text-editor\" data-id=\"8ee7027\" data-element_type=\"widget\" data-widget_type=\"text-editor.default\">\n\t\t\t\t<div class=\"elementor-widget-container\">\n\t\t\t\t\t\t\t\t\t<p>Nesta sexta-feira (03\/05), a Pol\u00edcia Civil de Santa Catarina, por meio da Divis\u00e3o de Investiga\u00e7\u00e3o Criminal de S\u00e3o Jos\u00e9, deu cumprimento a dois mandados de pris\u00e3o tempor\u00e1ria e cinco mandados de busca e apreens\u00e3o em desfavor de investigados pela pr\u00e1tica dos crimes de inc\u00eandio majorado, associa\u00e7\u00e3o criminosa, corrup\u00e7\u00e3o de menores e furto na modalidade tentada. As pr\u00e1ticas criminosas ocorreram no bairro Sert\u00e3o do Maruim, S\u00e3o Jos\u00e9, no dia 23 de mar\u00e7o deste ano.<\/p><p>A a\u00e7\u00e3o foi realizada em continuidade \u00e0 opera\u00e7\u00e3o deflagrada em 10 de abril deste ano. Ap\u00f3s intenso trabalho investigativo desde o conhecimento dos fatos, apurou-se o envolvimento de alunos e ex-alunos da Escola Estadual Jos\u00e9 Mathias Zimmermann no tocante \u00e0 autoria das condutas realizadas contra o estabelecimento de ensino.<\/p><p>Na ocasi\u00e3o das buscas, bem como no decorrer das investiga\u00e7\u00f5es, foram colhidos diversos elementos de interesse investigativo, os quais apontam a autoria delitiva, bem como indicam que no dia dos fatos os suspeitos deslocaram at\u00e9 a escola a fim de causar inc\u00eandio no local, bem como tentar subtrair as carnes destinadas \u00e0 merenda dos alunos.<\/p><p>Destaca-se, tamb\u00e9m, que o preju\u00edzo causado \u00e0 escola e \u00e0 comunidade ainda n\u00e3o foi estimado, uma vez que o estabelecimento de ensino permaneceu fechado por diversos dias em consequ\u00eancia dos danos \u00e0 parte el\u00e9trica e ao abastecimento de \u00e1gua do local. A opera\u00e7\u00e3o contou com apoio dos policiais civis da DRP de S\u00e3o Jos\u00e9 e\u00a0DRP\u00a0de\u00a0Palho\u00e7a.<\/p>\t\t\t\t\t\t\t\t<\/div>\n\t\t\t\t<\/div>\n\t\t\t\t\t<\/div>\n\t\t<\/div>\n\t\t\t\t\t<\/div>\n\t\t<\/section>\n\t\t\t\t<\/div>\n\t\t","protected":false},"excerpt":{"rendered":"<p>Pol\u00edcia Civil prende duas pessoas e cumpre mandados de busca e apreens\u00e3o em investiga\u00e7\u00e3o a inc\u00eandio em escola estadual de S\u00e3o Jos\u00e9 Nesta sexta-feira (03\/05), a Pol\u00edcia Civil de Santa Catarina, por meio da Divis\u00e3o de Investiga\u00e7\u00e3o Criminal de S\u00e3o Jos\u00e9, deu cumprimento a dois mandados de pris\u00e3o tempor\u00e1ria e cinco mandados de busca e [&hellip;]<\/p>\n","protected":false},"author":5,"featured_media":9318,"comment_status":"closed","ping_status":"open","sticky":false,"template":"","format":"standard","meta":{"_monsterinsights_skip_tracking":false,"_monsterinsights_sitenote_active":false,"_monsterinsights_sitenote_note":"","_monsterinsights_sitenote_category":0,"footnotes":""},"categories":[1],"tags":[],"class_list":["post-19751","post","type-post","status-publish","format-standard","has-post-thumbnail","hentry","category-sem-categoria"],"_links":{"self":[{"href":"https:\/\/pc.sc.gov.br\/index.php?rest_route=\/wp\/v2\/posts\/19751","targetHints":{"allow":["GET"]}}],"collection":[{"href":"https:\/\/pc.sc.gov.br\/index.php?rest_route=\/wp\/v2\/posts"}],"about":[{"href":"https:\/\/pc.sc.gov.br\/index.php?rest_route=\/wp\/v2\/types\/post"}],"author":[{"embeddable":true,"href":"https:\/\/pc.sc.gov.br\/index.php?rest_route=\/wp\/v2\/users\/5"}],"replies":[{"embeddable":true,"href":"https:\/\/pc.sc.gov.br\/index.php?rest_route=%2Fwp%2Fv2%2Fcomments&post=19751"}],"version-history":[{"count":4,"href":"https:\/\/pc.sc.gov.br\/index.php?rest_route=\/wp\/v2\/posts\/19751\/revisions"}],"predecessor-version":[{"id":19755,"href":"https:\/\/pc.sc.gov.br\/index.php?rest_route=\/wp\/v2\/posts\/19751\/revisions\/19755"}],"wp:featuredmedia":[{"embeddable":true,"href":"https:\/\/pc.sc.gov.br\/index.php?rest_route=\/wp\/v2\/media\/9318"}],"wp:attachment":[{"href":"https:\/\/pc.sc.gov.br\/index.php?rest_route=%2Fwp%2Fv2%2Fmedia&parent=19751"}],"wp:term":[{"taxonomy":"category","embeddable":true,"href":"https:\/\/pc.sc.gov.br\/index.php?rest_route=%2Fwp%2Fv2%2Fcategories&post=19751"},{"taxonomy":"post_tag","embeddable":true,"href":"https:\/\/pc.sc.gov.br\/index.php?rest_route=%2Fwp%2Fv2%2Ftags&post=19751"}],"curies":[{"name":"wp","href":"https:\/\/api.w.org\/{rel}","templated":true}]}}