{"id":19761,"date":"2024-05-03T14:17:37","date_gmt":"2024-05-03T17:17:37","guid":{"rendered":"https:\/\/pc.sc.gov.br\/?p=19761"},"modified":"2024-05-03T14:19:49","modified_gmt":"2024-05-03T17:19:49","slug":"policia-civil-de-joinville-cumpre-sete-mandados-de-busca-em-investigacao-de-furto-e-receptacao-de-celulares","status":"publish","type":"post","link":"https:\/\/pc.sc.gov.br\/?p=19761","title":{"rendered":"Pol\u00edcia Civil de Joinville cumpre sete mandados de busca em investiga\u00e7\u00e3o de furto e recepta\u00e7\u00e3o de celulares"},"content":{"rendered":"\t\t<div data-elementor-type=\"wp-post\" data-elementor-id=\"19761\" class=\"elementor elementor-19761\" data-elementor-post-type=\"post\">\n\t\t\t\t\t\t<section class=\"elementor-section elementor-top-section elementor-element elementor-element-17833ad elementor-section-boxed elementor-section-height-default elementor-section-height-default\" data-id=\"17833ad\" data-element_type=\"section\">\n\t\t\t\t\t\t<div class=\"elementor-container elementor-column-gap-default\">\n\t\t\t\t\t<div class=\"elementor-column elementor-col-100 elementor-top-column elementor-element elementor-element-c682103\" data-id=\"c682103\" data-element_type=\"column\">\n\t\t\t<div class=\"elementor-widget-wrap elementor-element-populated\">\n\t\t\t\t\t\t<div class=\"elementor-element elementor-element-e0e3c09 elementor-widget elementor-widget-heading\" data-id=\"e0e3c09\" data-element_type=\"widget\" data-widget_type=\"heading.default\">\n\t\t\t\t<div class=\"elementor-widget-container\">\n\t\t\t\t\t<h2 class=\"elementor-heading-title elementor-size-default\">Pol\u00edcia Civil de Joinville cumpre sete mandados de busca E APREENS\u00c3O em investiga\u00e7\u00e3o de furto e recepta\u00e7\u00e3o de celulares<\/h2>\t\t\t\t<\/div>\n\t\t\t\t<\/div>\n\t\t\t\t\t<\/div>\n\t\t<\/div>\n\t\t\t\t\t<\/div>\n\t\t<\/section>\n\t\t\t\t<section class=\"elementor-section elementor-top-section elementor-element elementor-element-ec099a8 elementor-section-boxed elementor-section-height-default elementor-section-height-default\" data-id=\"ec099a8\" data-element_type=\"section\">\n\t\t\t\t\t\t<div class=\"elementor-container elementor-column-gap-default\">\n\t\t\t\t\t<div class=\"elementor-column elementor-col-100 elementor-top-column elementor-element elementor-element-11dc856\" data-id=\"11dc856\" data-element_type=\"column\">\n\t\t\t<div class=\"elementor-widget-wrap elementor-element-populated\">\n\t\t\t\t\t\t<div class=\"elementor-element elementor-element-4796247 elementor-widget elementor-widget-image\" data-id=\"4796247\" data-element_type=\"widget\" data-widget_type=\"image.default\">\n\t\t\t\t<div class=\"elementor-widget-container\">\n\t\t\t\t\t\t\t\t\t\t\t\t\t\t\t<img fetchpriority=\"high\" decoding=\"async\" width=\"696\" height=\"522\" src=\"https:\/\/pc.sc.gov.br\/\/wp-content\/uploads\/2024\/05\/WhatsApp-Image-2024-05-03-at-10.16.39-1024x768.jpeg\" class=\"attachment-large size-large wp-image-19762\" alt=\"\" srcset=\"https:\/\/pc.sc.gov.br\/\/wp-content\/uploads\/2024\/05\/WhatsApp-Image-2024-05-03-at-10.16.39-1024x768.jpeg 1024w, https:\/\/pc.sc.gov.br\/\/wp-content\/uploads\/2024\/05\/WhatsApp-Image-2024-05-03-at-10.16.39-300x225.jpeg 300w, https:\/\/pc.sc.gov.br\/\/wp-content\/uploads\/2024\/05\/WhatsApp-Image-2024-05-03-at-10.16.39-768x576.jpeg 768w, https:\/\/pc.sc.gov.br\/\/wp-content\/uploads\/2024\/05\/WhatsApp-Image-2024-05-03-at-10.16.39-1536x1152.jpeg 1536w, https:\/\/pc.sc.gov.br\/\/wp-content\/uploads\/2024\/05\/WhatsApp-Image-2024-05-03-at-10.16.39.jpeg 1600w\" sizes=\"(max-width: 696px) 100vw, 696px\" \/>\t\t\t\t\t\t\t\t\t\t\t\t\t\t\t<\/div>\n\t\t\t\t<\/div>\n\t\t\t\t\t<\/div>\n\t\t<\/div>\n\t\t\t\t\t<\/div>\n\t\t<\/section>\n\t\t\t\t<section class=\"elementor-section elementor-top-section elementor-element elementor-element-ddce16c elementor-section-boxed elementor-section-height-default elementor-section-height-default\" data-id=\"ddce16c\" data-element_type=\"section\">\n\t\t\t\t\t\t<div class=\"elementor-container elementor-column-gap-default\">\n\t\t\t\t\t<div class=\"elementor-column elementor-col-100 elementor-top-column elementor-element elementor-element-ccb9488\" data-id=\"ccb9488\" data-element_type=\"column\">\n\t\t\t<div class=\"elementor-widget-wrap elementor-element-populated\">\n\t\t\t\t\t\t<div class=\"elementor-element elementor-element-569d596 elementor-widget elementor-widget-text-editor\" data-id=\"569d596\" data-element_type=\"widget\" data-widget_type=\"text-editor.default\">\n\t\t\t\t<div class=\"elementor-widget-container\">\n\t\t\t\t\t\t\t\t\t<p>Na manh\u00e3 desta sexta-feira (03), a Pol\u00edcia Civil de Santa Catarina, por interm\u00e9dio do SIC (Setor de investiga\u00e7\u00f5es criminais) da 2\u00aa Delegacia de Pol\u00edcia de Joinville com apoio da 1\u00aa, 3\u00aa, 4\u00aa, 5\u00aa, 6\u00aa DPs e da Delegacia de Homic\u00eddios deu cumprimento a sete mandados de busca e apreens\u00e3o nas resid\u00eancias e com\u00e9rcio dos investigados. Foram apreendidos diversos aparelhos celulares e acess\u00f3rios que passar\u00e3o por an\u00e1lise.<\/p>\n<p>No decorrer da investiga\u00e7\u00e3o a equipe identificou uma rede de receptadores de aparelhos furtados e descobriu que os furtos vinham sendo praticados em casas noturnas e eventos festivos em diversas cidades de Santa Catarina.<\/p>\n<p>Para dificultar a a\u00e7\u00e3o da Pol\u00edcia, os criminosos comercializam os celulares furtados em outras cidades em Joinville e vice-versa. Durante a investiga\u00e7\u00e3o j\u00e1 foram recuperados e devolvidos diversos aparelhos, alguns localizados na Bahia. A investiga\u00e7\u00e3o prosseguir\u00e1 visando a identifica\u00e7\u00e3o de outros receptadores e autores de furtos.&nbsp; &nbsp; &nbsp; &nbsp;&nbsp;<\/p>\n<div>&nbsp;<\/div>\t\t\t\t\t\t\t\t<\/div>\n\t\t\t\t<\/div>\n\t\t\t\t\t<\/div>\n\t\t<\/div>\n\t\t\t\t\t<\/div>\n\t\t<\/section>\n\t\t\t\t<\/div>\n\t\t","protected":false},"excerpt":{"rendered":"<p>Pol\u00edcia Civil de Joinville cumpre sete mandados de busca E APREENS\u00c3O em investiga\u00e7\u00e3o de furto e recepta\u00e7\u00e3o de celulares Na manh\u00e3 desta sexta-feira (03), a Pol\u00edcia Civil de Santa Catarina, por interm\u00e9dio do SIC (Setor de investiga\u00e7\u00f5es criminais) da 2\u00aa Delegacia de Pol\u00edcia de Joinville com apoio da 1\u00aa, 3\u00aa, 4\u00aa, 5\u00aa, 6\u00aa DPs e [&hellip;]<\/p>\n","protected":false},"author":5,"featured_media":19762,"comment_status":"closed","ping_status":"open","sticky":false,"template":"","format":"standard","meta":{"_monsterinsights_skip_tracking":false,"_monsterinsights_sitenote_active":false,"_monsterinsights_sitenote_note":"","_monsterinsights_sitenote_category":0,"footnotes":""},"categories":[1],"tags":[],"class_list":["post-19761","post","type-post","status-publish","format-standard","has-post-thumbnail","hentry","category-sem-categoria"],"_links":{"self":[{"href":"https:\/\/pc.sc.gov.br\/index.php?rest_route=\/wp\/v2\/posts\/19761","targetHints":{"allow":["GET"]}}],"collection":[{"href":"https:\/\/pc.sc.gov.br\/index.php?rest_route=\/wp\/v2\/posts"}],"about":[{"href":"https:\/\/pc.sc.gov.br\/index.php?rest_route=\/wp\/v2\/types\/post"}],"author":[{"embeddable":true,"href":"https:\/\/pc.sc.gov.br\/index.php?rest_route=\/wp\/v2\/users\/5"}],"replies":[{"embeddable":true,"href":"https:\/\/pc.sc.gov.br\/index.php?rest_route=%2Fwp%2Fv2%2Fcomments&post=19761"}],"version-history":[{"count":3,"href":"https:\/\/pc.sc.gov.br\/index.php?rest_route=\/wp\/v2\/posts\/19761\/revisions"}],"predecessor-version":[{"id":19765,"href":"https:\/\/pc.sc.gov.br\/index.php?rest_route=\/wp\/v2\/posts\/19761\/revisions\/19765"}],"wp:featuredmedia":[{"embeddable":true,"href":"https:\/\/pc.sc.gov.br\/index.php?rest_route=\/wp\/v2\/media\/19762"}],"wp:attachment":[{"href":"https:\/\/pc.sc.gov.br\/index.php?rest_route=%2Fwp%2Fv2%2Fmedia&parent=19761"}],"wp:term":[{"taxonomy":"category","embeddable":true,"href":"https:\/\/pc.sc.gov.br\/index.php?rest_route=%2Fwp%2Fv2%2Fcategories&post=19761"},{"taxonomy":"post_tag","embeddable":true,"href":"https:\/\/pc.sc.gov.br\/index.php?rest_route=%2Fwp%2Fv2%2Ftags&post=19761"}],"curies":[{"name":"wp","href":"https:\/\/api.w.org\/{rel}","templated":true}]}}