{"id":19766,"date":"2024-05-03T16:48:45","date_gmt":"2024-05-03T19:48:45","guid":{"rendered":"https:\/\/pc.sc.gov.br\/?p=19766"},"modified":"2024-05-03T16:57:31","modified_gmt":"2024-05-03T19:57:31","slug":"terra-nostra-pcsc-conclui-inquerito-da-operacao-terra-nostra-com-14-indiciamentos-e-apreensao-de-r-25-milhoes-sequestrados-das-contas-dos-investigados","status":"publish","type":"post","link":"https:\/\/pc.sc.gov.br\/?p=19766","title":{"rendered":"Terra Nostra: PCSC conclui inqu\u00e9rito da opera\u00e7\u00e3o Terra Nostra com 14 indiciamentos e apreens\u00e3o de R$ 2,5 milh\u00f5es das contas dos investigados"},"content":{"rendered":"\t\t<div data-elementor-type=\"wp-post\" data-elementor-id=\"19766\" class=\"elementor elementor-19766\" data-elementor-post-type=\"post\">\n\t\t\t\t\t\t<section class=\"elementor-section elementor-top-section elementor-element elementor-element-641c89d elementor-section-boxed elementor-section-height-default elementor-section-height-default\" data-id=\"641c89d\" data-element_type=\"section\">\n\t\t\t\t\t\t<div class=\"elementor-container elementor-column-gap-default\">\n\t\t\t\t\t<div class=\"elementor-column elementor-col-100 elementor-top-column elementor-element elementor-element-99c1f4d\" data-id=\"99c1f4d\" data-element_type=\"column\">\n\t\t\t<div class=\"elementor-widget-wrap elementor-element-populated\">\n\t\t\t\t\t\t<div class=\"elementor-element elementor-element-c09848b elementor-widget elementor-widget-heading\" data-id=\"c09848b\" data-element_type=\"widget\" data-widget_type=\"heading.default\">\n\t\t\t\t<div class=\"elementor-widget-container\">\n\t\t\t\t\t<h2 class=\"elementor-heading-title elementor-size-default\">Terra Nostra: PCSC conclui inqu\u00e9rito com 14 indiciamentos e apreens\u00e3o de R$ 2,5 milh\u00f5es das contas dos investigados<\/h2>\t\t\t\t<\/div>\n\t\t\t\t<\/div>\n\t\t\t\t\t<\/div>\n\t\t<\/div>\n\t\t\t\t\t<\/div>\n\t\t<\/section>\n\t\t\t\t<section class=\"elementor-section elementor-top-section elementor-element elementor-element-4a68514 elementor-section-boxed elementor-section-height-default elementor-section-height-default\" data-id=\"4a68514\" data-element_type=\"section\">\n\t\t\t\t\t\t<div class=\"elementor-container elementor-column-gap-default\">\n\t\t\t\t\t<div class=\"elementor-column elementor-col-100 elementor-top-column elementor-element elementor-element-ac20bb9\" data-id=\"ac20bb9\" data-element_type=\"column\">\n\t\t\t<div class=\"elementor-widget-wrap elementor-element-populated\">\n\t\t\t\t\t\t<div class=\"elementor-element elementor-element-12f51fd elementor-widget elementor-widget-image\" data-id=\"12f51fd\" data-element_type=\"widget\" data-widget_type=\"image.default\">\n\t\t\t\t<div class=\"elementor-widget-container\">\n\t\t\t\t\t\t\t\t\t\t\t\t\t\t\t<img fetchpriority=\"high\" decoding=\"async\" width=\"696\" height=\"721\" src=\"https:\/\/pc.sc.gov.br\/\/wp-content\/uploads\/2024\/05\/13fa5223-b575-42a5-b1f0-67621f0d6ba5-fotor-2024050316450.jpg\" class=\"attachment-large size-large wp-image-19767\" alt=\"\" srcset=\"https:\/\/pc.sc.gov.br\/\/wp-content\/uploads\/2024\/05\/13fa5223-b575-42a5-b1f0-67621f0d6ba5-fotor-2024050316450.jpg 956w, https:\/\/pc.sc.gov.br\/\/wp-content\/uploads\/2024\/05\/13fa5223-b575-42a5-b1f0-67621f0d6ba5-fotor-2024050316450-290x300.jpg 290w, https:\/\/pc.sc.gov.br\/\/wp-content\/uploads\/2024\/05\/13fa5223-b575-42a5-b1f0-67621f0d6ba5-fotor-2024050316450-768x795.jpg 768w\" sizes=\"(max-width: 696px) 100vw, 696px\" \/>\t\t\t\t\t\t\t\t\t\t\t\t\t\t\t<\/div>\n\t\t\t\t<\/div>\n\t\t\t\t\t<\/div>\n\t\t<\/div>\n\t\t\t\t\t<\/div>\n\t\t<\/section>\n\t\t\t\t<section class=\"elementor-section elementor-top-section elementor-element elementor-element-16a6137 elementor-section-boxed elementor-section-height-default elementor-section-height-default\" data-id=\"16a6137\" data-element_type=\"section\">\n\t\t\t\t\t\t<div class=\"elementor-container elementor-column-gap-default\">\n\t\t\t\t\t<div class=\"elementor-column elementor-col-100 elementor-top-column elementor-element elementor-element-d986344\" data-id=\"d986344\" data-element_type=\"column\">\n\t\t\t<div class=\"elementor-widget-wrap elementor-element-populated\">\n\t\t\t\t\t\t<div class=\"elementor-element elementor-element-27feaea elementor-widget elementor-widget-text-editor\" data-id=\"27feaea\" data-element_type=\"widget\" data-widget_type=\"text-editor.default\">\n\t\t\t\t<div class=\"elementor-widget-container\">\n\t\t\t\t\t\t\t\t\t<p>A Pol\u00edcia Civil do Estado de Santa Catarina, por interm\u00e9dio da 2\u00aa Delegacia de Combate \u00e0 Corrup\u00e7\u00e3o, concluiu investiga\u00e7\u00e3o que apurou organiza\u00e7\u00e3o criminosa voltada a utilizar indevidamente a renda p\u00fablica (artigo 1\u00b0, II, do Decreto-lei 201\/67) atrav\u00e9s da aquisi\u00e7\u00e3o de dois im\u00f3veis com valores, ao que se apurou, superfaturados.<\/p>\n<p>Por meio da investiga\u00e7\u00e3o, evidenciou-se que os im\u00f3veis foram adquiridos sem, contudo, observar as exig\u00eancias licitat\u00f3rias, sendo-os adquiridos diretamente em desacordo com as hip\u00f3teses legais (artigo 337-E, do C\u00f3digo Penal). Al\u00e9m disto, demonstrou-se falsifica\u00e7\u00e3o de documentos para, neste sentido, viabilizar as aquisi\u00e7\u00f5es (artigo 299, do C\u00f3digo Penal).&nbsp;<span style=\"font-family: var( --e-global-typography-primary-font-family ), Sans-serif; font-size: var( --e-global-typography-primary-font-size ); font-weight: var( --e-global-typography-primary-font-weight ); letter-spacing: var( --e-global-typography-primary-letter-spacing );\">Identificou-se, ainda, corrup\u00e7\u00e3o passiva (artigo 317, do C\u00f3digo Penal) e corrup\u00e7\u00e3o ativa (artigo 333, do C\u00f3digo Penal) envolvendo os investigados, raz\u00e3o pela qual restaram indiciados.<\/span><\/p>\n<p>No curso do inqu\u00e9rito policial, detectou-se que duas testemunhas fizeram afirma\u00e7\u00e3o falsa e, por isto, foram indiciados por falso testemunho.<\/p>\n<p>Ao longo do inqu\u00e9rito policial, restaram cumpridos 21 mandados de busca e apreens\u00e3o, 04 mandados de pris\u00e3o preventiva, 04 medidas cautelares diversas da pris\u00e3o, 14 indiciamentos e, ainda, sequestrados mais de R$ 2,5 milh\u00f5es das contas dos investigados para, desta forma, garantir eventual ressarcimento ao er\u00e1rio.<\/p>\n<p>As penas, se somadas, podem chegar a mais de 55 anos de reclus\u00e3o. Os indiciados foram denunciados pelo Minist\u00e9rio P\u00fablico do Estado de Santa Catarina.<\/p>\t\t\t\t\t\t\t\t<\/div>\n\t\t\t\t<\/div>\n\t\t\t\t\t<\/div>\n\t\t<\/div>\n\t\t\t\t\t<\/div>\n\t\t<\/section>\n\t\t\t\t<\/div>\n\t\t","protected":false},"excerpt":{"rendered":"<p>Terra Nostra: PCSC conclui inqu\u00e9rito com 14 indiciamentos e apreens\u00e3o de R$ 2,5 milh\u00f5es das contas dos investigados A Pol\u00edcia Civil do Estado de Santa Catarina, por interm\u00e9dio da 2\u00aa Delegacia de Combate \u00e0 Corrup\u00e7\u00e3o, concluiu investiga\u00e7\u00e3o que apurou organiza\u00e7\u00e3o criminosa voltada a utilizar indevidamente a renda p\u00fablica (artigo 1\u00b0, II, do Decreto-lei 201\/67) atrav\u00e9s [&hellip;]<\/p>\n","protected":false},"author":5,"featured_media":19767,"comment_status":"closed","ping_status":"open","sticky":false,"template":"","format":"standard","meta":{"_monsterinsights_skip_tracking":false,"_monsterinsights_sitenote_active":false,"_monsterinsights_sitenote_note":"","_monsterinsights_sitenote_category":0,"footnotes":""},"categories":[1],"tags":[],"class_list":["post-19766","post","type-post","status-publish","format-standard","has-post-thumbnail","hentry","category-sem-categoria"],"_links":{"self":[{"href":"https:\/\/pc.sc.gov.br\/index.php?rest_route=\/wp\/v2\/posts\/19766","targetHints":{"allow":["GET"]}}],"collection":[{"href":"https:\/\/pc.sc.gov.br\/index.php?rest_route=\/wp\/v2\/posts"}],"about":[{"href":"https:\/\/pc.sc.gov.br\/index.php?rest_route=\/wp\/v2\/types\/post"}],"author":[{"embeddable":true,"href":"https:\/\/pc.sc.gov.br\/index.php?rest_route=\/wp\/v2\/users\/5"}],"replies":[{"embeddable":true,"href":"https:\/\/pc.sc.gov.br\/index.php?rest_route=%2Fwp%2Fv2%2Fcomments&post=19766"}],"version-history":[{"count":4,"href":"https:\/\/pc.sc.gov.br\/index.php?rest_route=\/wp\/v2\/posts\/19766\/revisions"}],"predecessor-version":[{"id":19771,"href":"https:\/\/pc.sc.gov.br\/index.php?rest_route=\/wp\/v2\/posts\/19766\/revisions\/19771"}],"wp:featuredmedia":[{"embeddable":true,"href":"https:\/\/pc.sc.gov.br\/index.php?rest_route=\/wp\/v2\/media\/19767"}],"wp:attachment":[{"href":"https:\/\/pc.sc.gov.br\/index.php?rest_route=%2Fwp%2Fv2%2Fmedia&parent=19766"}],"wp:term":[{"taxonomy":"category","embeddable":true,"href":"https:\/\/pc.sc.gov.br\/index.php?rest_route=%2Fwp%2Fv2%2Fcategories&post=19766"},{"taxonomy":"post_tag","embeddable":true,"href":"https:\/\/pc.sc.gov.br\/index.php?rest_route=%2Fwp%2Fv2%2Ftags&post=19766"}],"curies":[{"name":"wp","href":"https:\/\/api.w.org\/{rel}","templated":true}]}}