{"id":19826,"date":"2024-05-07T14:55:27","date_gmt":"2024-05-07T17:55:27","guid":{"rendered":"https:\/\/pc.sc.gov.br\/?p=19826"},"modified":"2024-05-07T14:56:13","modified_gmt":"2024-05-07T17:56:13","slug":"policia-civil-prende-casal-em-flagrante-por-trafico-de-drogas-em-itajai-2","status":"publish","type":"post","link":"https:\/\/pc.sc.gov.br\/?p=19826","title":{"rendered":"Pol\u00edcia Civil prende casal em flagrante por tr\u00e1fico de drogas em Itaja\u00ed"},"content":{"rendered":"\t\t<div data-elementor-type=\"wp-post\" data-elementor-id=\"19826\" class=\"elementor elementor-19826\" data-elementor-post-type=\"post\">\n\t\t\t\t\t\t<section class=\"elementor-section elementor-top-section elementor-element elementor-element-ba778a1 elementor-section-boxed elementor-section-height-default elementor-section-height-default\" data-id=\"ba778a1\" data-element_type=\"section\">\n\t\t\t\t\t\t<div class=\"elementor-container elementor-column-gap-default\">\n\t\t\t\t\t<div class=\"elementor-column elementor-col-100 elementor-top-column elementor-element elementor-element-0b6c448\" data-id=\"0b6c448\" data-element_type=\"column\">\n\t\t\t<div class=\"elementor-widget-wrap elementor-element-populated\">\n\t\t\t\t\t\t<div class=\"elementor-element elementor-element-103620b elementor-widget elementor-widget-heading\" data-id=\"103620b\" data-element_type=\"widget\" data-widget_type=\"heading.default\">\n\t\t\t\t<div class=\"elementor-widget-container\">\n\t\t\t\t\t<h2 class=\"elementor-heading-title elementor-size-default\">Pol\u00edcia Civil prende casal em flagrante por tr\u00e1fico de drogas em Itaja\u00ed<\/h2>\t\t\t\t<\/div>\n\t\t\t\t<\/div>\n\t\t\t\t\t<\/div>\n\t\t<\/div>\n\t\t\t\t\t<\/div>\n\t\t<\/section>\n\t\t\t\t<section class=\"elementor-section elementor-top-section elementor-element elementor-element-57241dc elementor-section-boxed elementor-section-height-default elementor-section-height-default\" data-id=\"57241dc\" data-element_type=\"section\">\n\t\t\t\t\t\t<div class=\"elementor-container elementor-column-gap-default\">\n\t\t\t\t\t<div class=\"elementor-column elementor-col-100 elementor-top-column elementor-element elementor-element-6c72853\" data-id=\"6c72853\" data-element_type=\"column\">\n\t\t\t<div class=\"elementor-widget-wrap elementor-element-populated\">\n\t\t\t\t\t\t<div class=\"elementor-element elementor-element-500911e elementor-widget elementor-widget-image\" data-id=\"500911e\" data-element_type=\"widget\" data-widget_type=\"image.default\">\n\t\t\t\t<div class=\"elementor-widget-container\">\n\t\t\t\t\t\t\t\t\t\t\t\t\t\t\t<img fetchpriority=\"high\" decoding=\"async\" width=\"579\" height=\"1024\" src=\"https:\/\/pc.sc.gov.br\/\/wp-content\/uploads\/2024\/05\/WhatsApp-Image-2024-05-06-at-22.19.44-579x1024.jpeg\" class=\"attachment-large size-large wp-image-19827\" alt=\"\" srcset=\"https:\/\/pc.sc.gov.br\/\/wp-content\/uploads\/2024\/05\/WhatsApp-Image-2024-05-06-at-22.19.44-579x1024.jpeg 579w, https:\/\/pc.sc.gov.br\/\/wp-content\/uploads\/2024\/05\/WhatsApp-Image-2024-05-06-at-22.19.44-170x300.jpeg 170w, https:\/\/pc.sc.gov.br\/\/wp-content\/uploads\/2024\/05\/WhatsApp-Image-2024-05-06-at-22.19.44.jpeg 724w\" sizes=\"(max-width: 579px) 100vw, 579px\" \/>\t\t\t\t\t\t\t\t\t\t\t\t\t\t\t<\/div>\n\t\t\t\t<\/div>\n\t\t\t\t\t<\/div>\n\t\t<\/div>\n\t\t\t\t\t<\/div>\n\t\t<\/section>\n\t\t\t\t<section class=\"elementor-section elementor-top-section elementor-element elementor-element-a3ee64d elementor-section-boxed elementor-section-height-default elementor-section-height-default\" data-id=\"a3ee64d\" data-element_type=\"section\">\n\t\t\t\t\t\t<div class=\"elementor-container elementor-column-gap-default\">\n\t\t\t\t\t<div class=\"elementor-column elementor-col-100 elementor-top-column elementor-element elementor-element-85c10b4\" data-id=\"85c10b4\" data-element_type=\"column\">\n\t\t\t<div class=\"elementor-widget-wrap elementor-element-populated\">\n\t\t\t\t\t\t<div class=\"elementor-element elementor-element-8a1678f elementor-widget elementor-widget-text-editor\" data-id=\"8a1678f\" data-element_type=\"widget\" data-widget_type=\"text-editor.default\">\n\t\t\t\t<div class=\"elementor-widget-container\">\n\t\t\t\t\t\t\t\t\t<p>Na segunda-feira (6\/5), a Pol\u00edcia Civil de Santa Catarina, por meio da Divis\u00e3o Investiga\u00e7\u00e3o Criminal de Itaja\u00ed (DIC), prendeu um casal pelo crime de tr\u00e1fico de drogas no bairro Cordeiros, em Itaja\u00ed.<\/p><p>Ap\u00f3s o recebimento de den\u00fancias an\u00f4nimas sobre a ocorr\u00eancia de tr\u00e1fico de drogas em uma resid\u00eancia no bairro Cordeiros, em Itaja\u00ed, uma equipe da Divis\u00e3o de Investiga\u00e7\u00e3o Criminal de Itaja\u00ed iniciou o monitoramento do local.<\/p><p>No local foi realizada a abordagem de um usu\u00e1rio logo ap\u00f3s adquirir pequena quantidade de maconha. Ato cont\u00ednuo, foi realizada a verifica\u00e7\u00e3o no im\u00f3vel e foram apreendidas na posse do casal que l\u00e1 residia um torr\u00e3o de aproximadamente meio quilo de maconha, 52 gramas de coca\u00edna, divididas em um torr\u00e3o grande, e 12 buchas j\u00e1 devidamente embaladas pra venda, material para acondicionamento da droga e uma balan\u00e7a de precis\u00e3o.<\/p><p>O casal foi autuado em flagrante pelo crime de tr\u00e1fico de drogas. Quanto ao usu\u00e1rio, foi lavrado termo circunstanciado pelo crime de posse da droga para consumo pr\u00f3prio.<\/p><p>Os presos foram encaminhados ao Sistema Penitenci\u00e1rio, onde permanecem \u00e0 disposi\u00e7\u00e3o da Justi\u00e7a. A dilig\u00eancia contou com apoio do N\u00facleo de Opera\u00e7\u00f5es com C\u00e3es (NOC) de Itaja\u00ed.<\/p>\t\t\t\t\t\t\t\t<\/div>\n\t\t\t\t<\/div>\n\t\t\t\t\t<\/div>\n\t\t<\/div>\n\t\t\t\t\t<\/div>\n\t\t<\/section>\n\t\t\t\t<\/div>\n\t\t","protected":false},"excerpt":{"rendered":"<p>Pol\u00edcia Civil prende casal em flagrante por tr\u00e1fico de drogas em Itaja\u00ed Na segunda-feira (6\/5), a Pol\u00edcia Civil de Santa Catarina, por meio da Divis\u00e3o Investiga\u00e7\u00e3o Criminal de Itaja\u00ed (DIC), prendeu um casal pelo crime de tr\u00e1fico de drogas no bairro Cordeiros, em Itaja\u00ed. Ap\u00f3s o recebimento de den\u00fancias an\u00f4nimas sobre a ocorr\u00eancia de tr\u00e1fico [&hellip;]<\/p>\n","protected":false},"author":5,"featured_media":19827,"comment_status":"closed","ping_status":"open","sticky":false,"template":"","format":"standard","meta":{"_monsterinsights_skip_tracking":false,"_monsterinsights_sitenote_active":false,"_monsterinsights_sitenote_note":"","_monsterinsights_sitenote_category":0,"footnotes":""},"categories":[1],"tags":[],"class_list":["post-19826","post","type-post","status-publish","format-standard","has-post-thumbnail","hentry","category-sem-categoria"],"_links":{"self":[{"href":"https:\/\/pc.sc.gov.br\/index.php?rest_route=\/wp\/v2\/posts\/19826","targetHints":{"allow":["GET"]}}],"collection":[{"href":"https:\/\/pc.sc.gov.br\/index.php?rest_route=\/wp\/v2\/posts"}],"about":[{"href":"https:\/\/pc.sc.gov.br\/index.php?rest_route=\/wp\/v2\/types\/post"}],"author":[{"embeddable":true,"href":"https:\/\/pc.sc.gov.br\/index.php?rest_route=\/wp\/v2\/users\/5"}],"replies":[{"embeddable":true,"href":"https:\/\/pc.sc.gov.br\/index.php?rest_route=%2Fwp%2Fv2%2Fcomments&post=19826"}],"version-history":[{"count":4,"href":"https:\/\/pc.sc.gov.br\/index.php?rest_route=\/wp\/v2\/posts\/19826\/revisions"}],"predecessor-version":[{"id":19831,"href":"https:\/\/pc.sc.gov.br\/index.php?rest_route=\/wp\/v2\/posts\/19826\/revisions\/19831"}],"wp:featuredmedia":[{"embeddable":true,"href":"https:\/\/pc.sc.gov.br\/index.php?rest_route=\/wp\/v2\/media\/19827"}],"wp:attachment":[{"href":"https:\/\/pc.sc.gov.br\/index.php?rest_route=%2Fwp%2Fv2%2Fmedia&parent=19826"}],"wp:term":[{"taxonomy":"category","embeddable":true,"href":"https:\/\/pc.sc.gov.br\/index.php?rest_route=%2Fwp%2Fv2%2Fcategories&post=19826"},{"taxonomy":"post_tag","embeddable":true,"href":"https:\/\/pc.sc.gov.br\/index.php?rest_route=%2Fwp%2Fv2%2Ftags&post=19826"}],"curies":[{"name":"wp","href":"https:\/\/api.w.org\/{rel}","templated":true}]}}