{"id":19837,"date":"2024-05-07T16:35:14","date_gmt":"2024-05-07T19:35:14","guid":{"rendered":"https:\/\/pc.sc.gov.br\/?p=19837"},"modified":"2024-05-07T16:36:23","modified_gmt":"2024-05-07T19:36:23","slug":"policia-civil-deflagra-operacao-fim-da-linha-contra-o-trafico-de-drogas-em-cacador-e-regiao-e-prende-15-pessoas","status":"publish","type":"post","link":"https:\/\/pc.sc.gov.br\/?p=19837","title":{"rendered":"Pol\u00edcia Civil deflagra opera\u00e7\u00e3o \u201cFim da Linha\u201d contra o tr\u00e1fico de drogas em Ca\u00e7ador e regi\u00e3o e prende 15 pessoas"},"content":{"rendered":"\t\t<div data-elementor-type=\"wp-post\" data-elementor-id=\"19837\" class=\"elementor elementor-19837\" data-elementor-post-type=\"post\">\n\t\t\t\t\t\t<section class=\"elementor-section elementor-top-section elementor-element elementor-element-f323d41 elementor-section-boxed elementor-section-height-default elementor-section-height-default\" data-id=\"f323d41\" data-element_type=\"section\">\n\t\t\t\t\t\t<div class=\"elementor-container elementor-column-gap-default\">\n\t\t\t\t\t<div class=\"elementor-column elementor-col-100 elementor-top-column elementor-element elementor-element-a9978fb\" data-id=\"a9978fb\" data-element_type=\"column\">\n\t\t\t<div class=\"elementor-widget-wrap elementor-element-populated\">\n\t\t\t\t\t\t<div class=\"elementor-element elementor-element-d06a862 elementor-widget elementor-widget-heading\" data-id=\"d06a862\" data-element_type=\"widget\" data-widget_type=\"heading.default\">\n\t\t\t\t<div class=\"elementor-widget-container\">\n\t\t\t\t\t<h2 class=\"elementor-heading-title elementor-size-default\">Pol\u00edcia Civil deflagra opera\u00e7\u00e3o \u201cFim da Linha\u201d contra o tr\u00e1fico de drogas em Ca\u00e7ador e regi\u00e3o e prende 15 pessoas <\/h2>\t\t\t\t<\/div>\n\t\t\t\t<\/div>\n\t\t\t\t\t<\/div>\n\t\t<\/div>\n\t\t\t\t\t<\/div>\n\t\t<\/section>\n\t\t\t\t<section class=\"elementor-section elementor-top-section elementor-element elementor-element-ee18991 elementor-section-boxed elementor-section-height-default elementor-section-height-default\" data-id=\"ee18991\" data-element_type=\"section\">\n\t\t\t\t\t\t<div class=\"elementor-container elementor-column-gap-default\">\n\t\t\t\t\t<div class=\"elementor-column elementor-col-100 elementor-top-column elementor-element elementor-element-372bf2d\" data-id=\"372bf2d\" data-element_type=\"column\">\n\t\t\t<div class=\"elementor-widget-wrap elementor-element-populated\">\n\t\t\t\t\t\t<div class=\"elementor-element elementor-element-820106b elementor-widget elementor-widget-image\" data-id=\"820106b\" data-element_type=\"widget\" data-widget_type=\"image.default\">\n\t\t\t\t<div class=\"elementor-widget-container\">\n\t\t\t\t\t\t\t\t\t\t\t\t\t\t\t<img fetchpriority=\"high\" decoding=\"async\" width=\"696\" height=\"522\" src=\"https:\/\/pc.sc.gov.br\/\/wp-content\/uploads\/2024\/05\/WhatsApp-Image-2024-05-07-at-08.39.13-1024x768.jpeg\" class=\"attachment-large size-large wp-image-19838\" alt=\"\" srcset=\"https:\/\/pc.sc.gov.br\/\/wp-content\/uploads\/2024\/05\/WhatsApp-Image-2024-05-07-at-08.39.13-1024x768.jpeg 1024w, https:\/\/pc.sc.gov.br\/\/wp-content\/uploads\/2024\/05\/WhatsApp-Image-2024-05-07-at-08.39.13-300x225.jpeg 300w, https:\/\/pc.sc.gov.br\/\/wp-content\/uploads\/2024\/05\/WhatsApp-Image-2024-05-07-at-08.39.13-768x576.jpeg 768w, https:\/\/pc.sc.gov.br\/\/wp-content\/uploads\/2024\/05\/WhatsApp-Image-2024-05-07-at-08.39.13-1536x1152.jpeg 1536w, https:\/\/pc.sc.gov.br\/\/wp-content\/uploads\/2024\/05\/WhatsApp-Image-2024-05-07-at-08.39.13.jpeg 1600w\" sizes=\"(max-width: 696px) 100vw, 696px\" \/>\t\t\t\t\t\t\t\t\t\t\t\t\t\t\t<\/div>\n\t\t\t\t<\/div>\n\t\t\t\t\t<\/div>\n\t\t<\/div>\n\t\t\t\t\t<\/div>\n\t\t<\/section>\n\t\t\t\t<section class=\"elementor-section elementor-top-section elementor-element elementor-element-202bc03 elementor-section-boxed elementor-section-height-default elementor-section-height-default\" data-id=\"202bc03\" data-element_type=\"section\">\n\t\t\t\t\t\t<div class=\"elementor-container elementor-column-gap-default\">\n\t\t\t\t\t<div class=\"elementor-column elementor-col-100 elementor-top-column elementor-element elementor-element-b02854a\" data-id=\"b02854a\" data-element_type=\"column\">\n\t\t\t<div class=\"elementor-widget-wrap elementor-element-populated\">\n\t\t\t\t\t\t<div class=\"elementor-element elementor-element-0dc1003 elementor-widget elementor-widget-text-editor\" data-id=\"0dc1003\" data-element_type=\"widget\" data-widget_type=\"text-editor.default\">\n\t\t\t\t<div class=\"elementor-widget-container\">\n\t\t\t\t\t\t\t\t\t<p>Nesta ter\u00e7a-feira (07\/05), a Pol\u00edcia Civil de Santa Catarina, por meio da Divis\u00e3o de Investiga\u00e7\u00e3o Criminal (DIC) de Ca\u00e7ador , deflagrou a opera\u00e7\u00e3o \u201cFim da Linha\u201d para coibir o tr\u00e1fico de drogas em Ca\u00e7ador e regi\u00e3o. Cerca de 70 policiais civis foram \u00e0s ruas para dar cumprimento a 35 ordens judiciais, sendo 17 mandados de pris\u00e3o preventiva e 19 mandados de busca e apreens\u00e3o, nas cidades de Ca\u00e7ador, Curitibanos e Correia Pinto.<\/p><p>O objetivo da opera\u00e7\u00e3o foi coibir o tr\u00e1fico de drogas em grande escala na regi\u00e3o, tendo em vista a exist\u00eancia de inqu\u00e9rito policial na DIC que apura a narcotrafic\u00e2ncia praticada por um grupo de criminosos, a maioria deles com passagens policiais pret\u00e9ritas. Destaca-se que, no decorrer da investiga\u00e7\u00e3o, em datas distintas, foram apreendidas diversas por\u00e7\u00f5es de drogas com os investigados, como 5 kg de coca\u00edna e 2 kg de crack \u2013 apreens\u00e3o realizada pela DIC no dia 19\/04, na cidade de Lebon R\u00e9gis.<\/p><p>Em outra abordagem, no dia 05\/04, um dos investigados foi flagrado com a quantia de 18 mil em esp\u00e9cie. Apura-se, ainda, o envolvimento de uma advogada, que, em tese, seria o elo entre alguns dos investigados com indiv\u00edduos que est\u00e3o reclusos no Sistema Prisional.<\/p><p>Logrou-se \u00eaxito em cumprir 15 mandados de pris\u00e3o, bem como apreender drogas, arma, dinheiro e ve\u00edculos. Em raz\u00e3o disso, al\u00e9m dos mandados, cinco indiv\u00edduos tamb\u00e9m foram autuados em flagrante delito.<\/p><p>Participaram da opera\u00e7\u00e3o policiais civis das cidades de Ca\u00e7ador, Videira, Curitibanos, Joa\u00e7aba, Ituporanga, Porto Uni\u00e3o, Lages, Correia Pinto, Mafra, do Canil da PCSC, bem como o representante da Ordem dos Advogados do Brasil (OAB).<\/p>\t\t\t\t\t\t\t\t<\/div>\n\t\t\t\t<\/div>\n\t\t\t\t\t<\/div>\n\t\t<\/div>\n\t\t\t\t\t<\/div>\n\t\t<\/section>\n\t\t\t\t<section class=\"elementor-section elementor-top-section elementor-element elementor-element-5f7c193 elementor-section-boxed elementor-section-height-default elementor-section-height-default\" data-id=\"5f7c193\" data-element_type=\"section\">\n\t\t\t\t\t\t<div class=\"elementor-container elementor-column-gap-default\">\n\t\t\t\t\t<div class=\"elementor-column elementor-col-100 elementor-top-column elementor-element elementor-element-4dba9f5\" data-id=\"4dba9f5\" data-element_type=\"column\">\n\t\t\t<div class=\"elementor-widget-wrap elementor-element-populated\">\n\t\t\t\t\t\t<div class=\"elementor-element elementor-element-cabb1a2 elementor-widget elementor-widget-image\" data-id=\"cabb1a2\" data-element_type=\"widget\" data-widget_type=\"image.default\">\n\t\t\t\t<div class=\"elementor-widget-container\">\n\t\t\t\t\t\t\t\t\t\t\t\t\t\t\t<img decoding=\"async\" width=\"576\" height=\"1024\" src=\"https:\/\/pc.sc.gov.br\/\/wp-content\/uploads\/2024\/05\/WhatsApp-Image-2024-05-07-at-08.39.16-576x1024.jpeg\" class=\"attachment-large size-large wp-image-19841\" alt=\"\" srcset=\"https:\/\/pc.sc.gov.br\/\/wp-content\/uploads\/2024\/05\/WhatsApp-Image-2024-05-07-at-08.39.16-576x1024.jpeg 576w, https:\/\/pc.sc.gov.br\/\/wp-content\/uploads\/2024\/05\/WhatsApp-Image-2024-05-07-at-08.39.16-169x300.jpeg 169w, https:\/\/pc.sc.gov.br\/\/wp-content\/uploads\/2024\/05\/WhatsApp-Image-2024-05-07-at-08.39.16-768x1366.jpeg 768w, https:\/\/pc.sc.gov.br\/\/wp-content\/uploads\/2024\/05\/WhatsApp-Image-2024-05-07-at-08.39.16-864x1536.jpeg 864w, https:\/\/pc.sc.gov.br\/\/wp-content\/uploads\/2024\/05\/WhatsApp-Image-2024-05-07-at-08.39.16.jpeg 899w\" sizes=\"(max-width: 576px) 100vw, 576px\" \/>\t\t\t\t\t\t\t\t\t\t\t\t\t\t\t<\/div>\n\t\t\t\t<\/div>\n\t\t\t\t\t<\/div>\n\t\t<\/div>\n\t\t\t\t\t<\/div>\n\t\t<\/section>\n\t\t\t\t<section class=\"elementor-section elementor-top-section elementor-element elementor-element-af295d4 elementor-section-boxed elementor-section-height-default elementor-section-height-default\" data-id=\"af295d4\" data-element_type=\"section\">\n\t\t\t\t\t\t<div class=\"elementor-container elementor-column-gap-default\">\n\t\t\t\t\t<div class=\"elementor-column elementor-col-100 elementor-top-column elementor-element elementor-element-e3a225a\" data-id=\"e3a225a\" data-element_type=\"column\">\n\t\t\t<div class=\"elementor-widget-wrap elementor-element-populated\">\n\t\t\t\t\t\t<div class=\"elementor-element elementor-element-51a0c35 elementor-widget elementor-widget-image\" data-id=\"51a0c35\" data-element_type=\"widget\" data-widget_type=\"image.default\">\n\t\t\t\t<div class=\"elementor-widget-container\">\n\t\t\t\t\t\t\t\t\t\t\t\t\t\t\t<img decoding=\"async\" width=\"682\" height=\"1024\" src=\"https:\/\/pc.sc.gov.br\/\/wp-content\/uploads\/2024\/05\/WhatsApp-Image-2024-05-07-at-08.39.58-682x1024.jpeg\" class=\"attachment-large size-large wp-image-19840\" alt=\"\" srcset=\"https:\/\/pc.sc.gov.br\/\/wp-content\/uploads\/2024\/05\/WhatsApp-Image-2024-05-07-at-08.39.58-682x1024.jpeg 682w, https:\/\/pc.sc.gov.br\/\/wp-content\/uploads\/2024\/05\/WhatsApp-Image-2024-05-07-at-08.39.58-200x300.jpeg 200w, https:\/\/pc.sc.gov.br\/\/wp-content\/uploads\/2024\/05\/WhatsApp-Image-2024-05-07-at-08.39.58-768x1153.jpeg 768w, https:\/\/pc.sc.gov.br\/\/wp-content\/uploads\/2024\/05\/WhatsApp-Image-2024-05-07-at-08.39.58.jpeg 889w\" sizes=\"(max-width: 682px) 100vw, 682px\" \/>\t\t\t\t\t\t\t\t\t\t\t\t\t\t\t<\/div>\n\t\t\t\t<\/div>\n\t\t\t\t\t<\/div>\n\t\t<\/div>\n\t\t\t\t\t<\/div>\n\t\t<\/section>\n\t\t\t\t<\/div>\n\t\t","protected":false},"excerpt":{"rendered":"<p>Pol\u00edcia Civil deflagra opera\u00e7\u00e3o \u201cFim da Linha\u201d contra o tr\u00e1fico de drogas em Ca\u00e7ador e regi\u00e3o e prende 15 pessoas Nesta ter\u00e7a-feira (07\/05), a Pol\u00edcia Civil de Santa Catarina, por meio da Divis\u00e3o de Investiga\u00e7\u00e3o Criminal (DIC) de Ca\u00e7ador , deflagrou a opera\u00e7\u00e3o \u201cFim da Linha\u201d para coibir o tr\u00e1fico de drogas em Ca\u00e7ador e [&hellip;]<\/p>\n","protected":false},"author":5,"featured_media":19838,"comment_status":"closed","ping_status":"open","sticky":false,"template":"","format":"standard","meta":{"_monsterinsights_skip_tracking":false,"_monsterinsights_sitenote_active":false,"_monsterinsights_sitenote_note":"","_monsterinsights_sitenote_category":0,"footnotes":""},"categories":[1],"tags":[],"class_list":["post-19837","post","type-post","status-publish","format-standard","has-post-thumbnail","hentry","category-sem-categoria"],"_links":{"self":[{"href":"https:\/\/pc.sc.gov.br\/index.php?rest_route=\/wp\/v2\/posts\/19837","targetHints":{"allow":["GET"]}}],"collection":[{"href":"https:\/\/pc.sc.gov.br\/index.php?rest_route=\/wp\/v2\/posts"}],"about":[{"href":"https:\/\/pc.sc.gov.br\/index.php?rest_route=\/wp\/v2\/types\/post"}],"author":[{"embeddable":true,"href":"https:\/\/pc.sc.gov.br\/index.php?rest_route=\/wp\/v2\/users\/5"}],"replies":[{"embeddable":true,"href":"https:\/\/pc.sc.gov.br\/index.php?rest_route=%2Fwp%2Fv2%2Fcomments&post=19837"}],"version-history":[{"count":4,"href":"https:\/\/pc.sc.gov.br\/index.php?rest_route=\/wp\/v2\/posts\/19837\/revisions"}],"predecessor-version":[{"id":19844,"href":"https:\/\/pc.sc.gov.br\/index.php?rest_route=\/wp\/v2\/posts\/19837\/revisions\/19844"}],"wp:featuredmedia":[{"embeddable":true,"href":"https:\/\/pc.sc.gov.br\/index.php?rest_route=\/wp\/v2\/media\/19838"}],"wp:attachment":[{"href":"https:\/\/pc.sc.gov.br\/index.php?rest_route=%2Fwp%2Fv2%2Fmedia&parent=19837"}],"wp:term":[{"taxonomy":"category","embeddable":true,"href":"https:\/\/pc.sc.gov.br\/index.php?rest_route=%2Fwp%2Fv2%2Fcategories&post=19837"},{"taxonomy":"post_tag","embeddable":true,"href":"https:\/\/pc.sc.gov.br\/index.php?rest_route=%2Fwp%2Fv2%2Ftags&post=19837"}],"curies":[{"name":"wp","href":"https:\/\/api.w.org\/{rel}","templated":true}]}}