{"id":19845,"date":"2024-05-07T17:07:57","date_gmt":"2024-05-07T20:07:57","guid":{"rendered":"https:\/\/pc.sc.gov.br\/?p=19845"},"modified":"2024-05-07T23:20:47","modified_gmt":"2024-05-08T02:20:47","slug":"policia-civil-prende-homem-suspeito-por-furto-a-secretaria-municipal-de-limpeza-e-manutencao-urbana-da-capital","status":"publish","type":"post","link":"https:\/\/pc.sc.gov.br\/?p=19845","title":{"rendered":"Pol\u00edcia Civil prende homem suspeito por furto \u00e0 Secretaria Municipal de Limpeza e Manuten\u00e7\u00e3o Urbana da Capital"},"content":{"rendered":"\t\t<div data-elementor-type=\"wp-post\" data-elementor-id=\"19845\" class=\"elementor elementor-19845\" data-elementor-post-type=\"post\">\n\t\t\t\t\t\t<section class=\"elementor-section elementor-top-section elementor-element elementor-element-00249e5 elementor-section-boxed elementor-section-height-default elementor-section-height-default\" data-id=\"00249e5\" data-element_type=\"section\">\n\t\t\t\t\t\t<div class=\"elementor-container elementor-column-gap-default\">\n\t\t\t\t\t<div class=\"elementor-column elementor-col-100 elementor-top-column elementor-element elementor-element-68e8fc7\" data-id=\"68e8fc7\" data-element_type=\"column\">\n\t\t\t<div class=\"elementor-widget-wrap elementor-element-populated\">\n\t\t\t\t\t\t<div class=\"elementor-element elementor-element-c09370f elementor-widget elementor-widget-heading\" data-id=\"c09370f\" data-element_type=\"widget\" data-widget_type=\"heading.default\">\n\t\t\t\t<div class=\"elementor-widget-container\">\n\t\t\t\t\t<h2 class=\"elementor-heading-title elementor-size-default\">Pol\u00edcia Civil prende homem suspeito por furto \u00e0 Secretaria Municipal de Limpeza e Manuten\u00e7\u00e3o Urbana da Capital <\/h2>\t\t\t\t<\/div>\n\t\t\t\t<\/div>\n\t\t\t\t\t<\/div>\n\t\t<\/div>\n\t\t\t\t\t<\/div>\n\t\t<\/section>\n\t\t\t\t<section class=\"elementor-section elementor-top-section elementor-element elementor-element-d486a34 elementor-section-boxed elementor-section-height-default elementor-section-height-default\" data-id=\"d486a34\" data-element_type=\"section\">\n\t\t\t\t\t\t<div class=\"elementor-container elementor-column-gap-default\">\n\t\t\t\t\t<div class=\"elementor-column elementor-col-100 elementor-top-column elementor-element elementor-element-20025a8\" data-id=\"20025a8\" data-element_type=\"column\">\n\t\t\t<div class=\"elementor-widget-wrap elementor-element-populated\">\n\t\t\t\t\t\t<div class=\"elementor-element elementor-element-ebd93d5 elementor-widget elementor-widget-image\" data-id=\"ebd93d5\" data-element_type=\"widget\" data-widget_type=\"image.default\">\n\t\t\t\t<div class=\"elementor-widget-container\">\n\t\t\t\t\t\t\t\t\t\t\t\t\t\t\t<img fetchpriority=\"high\" decoding=\"async\" width=\"696\" height=\"457\" src=\"https:\/\/pc.sc.gov.br\/\/wp-content\/uploads\/2024\/04\/WhatsApp-Image-2024-01-30-at-16.33.05-fotor-20240307163225-3-1024x672.jpg\" class=\"attachment-large size-large wp-image-19494\" alt=\"\" srcset=\"https:\/\/pc.sc.gov.br\/\/wp-content\/uploads\/2024\/04\/WhatsApp-Image-2024-01-30-at-16.33.05-fotor-20240307163225-3-1024x672.jpg 1024w, https:\/\/pc.sc.gov.br\/\/wp-content\/uploads\/2024\/04\/WhatsApp-Image-2024-01-30-at-16.33.05-fotor-20240307163225-3-300x197.jpg 300w, https:\/\/pc.sc.gov.br\/\/wp-content\/uploads\/2024\/04\/WhatsApp-Image-2024-01-30-at-16.33.05-fotor-20240307163225-3-768x504.jpg 768w, https:\/\/pc.sc.gov.br\/\/wp-content\/uploads\/2024\/04\/WhatsApp-Image-2024-01-30-at-16.33.05-fotor-20240307163225-3.jpg 1075w\" sizes=\"(max-width: 696px) 100vw, 696px\" \/>\t\t\t\t\t\t\t\t\t\t\t\t\t\t\t<\/div>\n\t\t\t\t<\/div>\n\t\t\t\t<div class=\"elementor-element elementor-element-ebe08c1 elementor-widget elementor-widget-text-editor\" data-id=\"ebe08c1\" data-element_type=\"widget\" data-widget_type=\"text-editor.default\">\n\t\t\t\t<div class=\"elementor-widget-container\">\n\t\t\t\t\t\t\t\t\t<p>Na noite da segunda-feira (06\/05), a Pol\u00edcia Civil de Santa Catarina, por meio da 5\u00aa Delegacia de Pol\u00edcia da Capital, prendeu um homem suspeito de furtar a Secretaria Municipal de Limpeza e Manuten\u00e7\u00e3o Urbana de Florian\u00f3polis.<\/p>\n<p>A Pol\u00edcia Civil identificou e representou pela pris\u00e3o preventiva de dois homens, que teriam sido os respons\u00e1veis furtos praticados em face da Secretaria Municipal de Limpeza e Manuten\u00e7\u00e3o Urbana de diversos materiais, que ocasionaram um preju\u00edzo de cerca de R$ 45 mil.<\/p>\n<p>Por\u00e9m, o mandado de pris\u00e3o foi expedido contra apenas um deles. O outro homem, que tamb\u00e9m foi conduzido \u00e0 Central de Plant\u00e3o Policial, foi determinado o uso de tornozeleiras pelo Poder Judici\u00e1rio.<\/p>\t\t\t\t\t\t\t\t<\/div>\n\t\t\t\t<\/div>\n\t\t\t\t\t<\/div>\n\t\t<\/div>\n\t\t\t\t\t<\/div>\n\t\t<\/section>\n\t\t\t\t<\/div>\n\t\t","protected":false},"excerpt":{"rendered":"<p>Pol\u00edcia Civil prende homem suspeito por furto \u00e0 Secretaria Municipal de Limpeza e Manuten\u00e7\u00e3o Urbana da Capital Na noite da segunda-feira (06\/05), a Pol\u00edcia Civil de Santa Catarina, por meio da 5\u00aa Delegacia de Pol\u00edcia da Capital, prendeu um homem suspeito de furtar a Secretaria Municipal de Limpeza e Manuten\u00e7\u00e3o Urbana de Florian\u00f3polis. A Pol\u00edcia [&hellip;]<\/p>\n","protected":false},"author":5,"featured_media":19330,"comment_status":"closed","ping_status":"open","sticky":false,"template":"","format":"standard","meta":{"_monsterinsights_skip_tracking":false,"_monsterinsights_sitenote_active":false,"_monsterinsights_sitenote_note":"","_monsterinsights_sitenote_category":0,"footnotes":""},"categories":[1],"tags":[],"class_list":["post-19845","post","type-post","status-publish","format-standard","has-post-thumbnail","hentry","category-sem-categoria"],"_links":{"self":[{"href":"https:\/\/pc.sc.gov.br\/index.php?rest_route=\/wp\/v2\/posts\/19845","targetHints":{"allow":["GET"]}}],"collection":[{"href":"https:\/\/pc.sc.gov.br\/index.php?rest_route=\/wp\/v2\/posts"}],"about":[{"href":"https:\/\/pc.sc.gov.br\/index.php?rest_route=\/wp\/v2\/types\/post"}],"author":[{"embeddable":true,"href":"https:\/\/pc.sc.gov.br\/index.php?rest_route=\/wp\/v2\/users\/5"}],"replies":[{"embeddable":true,"href":"https:\/\/pc.sc.gov.br\/index.php?rest_route=%2Fwp%2Fv2%2Fcomments&post=19845"}],"version-history":[{"count":7,"href":"https:\/\/pc.sc.gov.br\/index.php?rest_route=\/wp\/v2\/posts\/19845\/revisions"}],"predecessor-version":[{"id":19880,"href":"https:\/\/pc.sc.gov.br\/index.php?rest_route=\/wp\/v2\/posts\/19845\/revisions\/19880"}],"wp:featuredmedia":[{"embeddable":true,"href":"https:\/\/pc.sc.gov.br\/index.php?rest_route=\/wp\/v2\/media\/19330"}],"wp:attachment":[{"href":"https:\/\/pc.sc.gov.br\/index.php?rest_route=%2Fwp%2Fv2%2Fmedia&parent=19845"}],"wp:term":[{"taxonomy":"category","embeddable":true,"href":"https:\/\/pc.sc.gov.br\/index.php?rest_route=%2Fwp%2Fv2%2Fcategories&post=19845"},{"taxonomy":"post_tag","embeddable":true,"href":"https:\/\/pc.sc.gov.br\/index.php?rest_route=%2Fwp%2Fv2%2Ftags&post=19845"}],"curies":[{"name":"wp","href":"https:\/\/api.w.org\/{rel}","templated":true}]}}