{"id":19881,"date":"2024-05-08T14:26:26","date_gmt":"2024-05-08T17:26:26","guid":{"rendered":"https:\/\/pc.sc.gov.br\/?p=19881"},"modified":"2024-05-08T14:31:29","modified_gmt":"2024-05-08T17:31:29","slug":"dfrv-deic-deflagra-operacao-fronteira-e-desarticula-organizacao-especializada-em-furto-receptacao-e-adulteracao-de-caminhonetes","status":"publish","type":"post","link":"https:\/\/pc.sc.gov.br\/?p=19881","title":{"rendered":"DFRV\/DEIC deflagra opera\u00e7\u00e3o \u201cFronteira\u201d e desarticula organiza\u00e7\u00e3o especializada em furto, recepta\u00e7\u00e3o e adultera\u00e7\u00e3o de caminhonetes"},"content":{"rendered":"\t\t<div data-elementor-type=\"wp-post\" data-elementor-id=\"19881\" class=\"elementor elementor-19881\" data-elementor-post-type=\"post\">\n\t\t\t\t\t\t<section class=\"elementor-section elementor-top-section elementor-element elementor-element-7fb4bb1 elementor-section-boxed elementor-section-height-default elementor-section-height-default\" data-id=\"7fb4bb1\" data-element_type=\"section\">\n\t\t\t\t\t\t<div class=\"elementor-container elementor-column-gap-default\">\n\t\t\t\t\t<div class=\"elementor-column elementor-col-100 elementor-top-column elementor-element elementor-element-08c595d\" data-id=\"08c595d\" data-element_type=\"column\">\n\t\t\t<div class=\"elementor-widget-wrap elementor-element-populated\">\n\t\t\t\t\t\t<div class=\"elementor-element elementor-element-dd736c1 elementor-widget elementor-widget-heading\" data-id=\"dd736c1\" data-element_type=\"widget\" data-widget_type=\"heading.default\">\n\t\t\t\t<div class=\"elementor-widget-container\">\n\t\t\t\t\t<h2 class=\"elementor-heading-title elementor-size-default\">DFRV\/DEIC deflagra opera\u00e7\u00e3o \u201cFronteira\u201d e desarticula organiza\u00e7\u00e3o criminosa especializada em furto, recepta\u00e7\u00e3o e adultera\u00e7\u00e3o de caminhonetes<\/h2>\t\t\t\t<\/div>\n\t\t\t\t<\/div>\n\t\t\t\t\t<\/div>\n\t\t<\/div>\n\t\t\t\t\t<\/div>\n\t\t<\/section>\n\t\t\t\t<section class=\"elementor-section elementor-top-section elementor-element elementor-element-265dbc1 elementor-section-boxed elementor-section-height-default elementor-section-height-default\" data-id=\"265dbc1\" data-element_type=\"section\">\n\t\t\t\t\t\t<div class=\"elementor-container elementor-column-gap-default\">\n\t\t\t\t\t<div class=\"elementor-column elementor-col-100 elementor-top-column elementor-element elementor-element-7c43e35\" data-id=\"7c43e35\" data-element_type=\"column\">\n\t\t\t<div class=\"elementor-widget-wrap elementor-element-populated\">\n\t\t\t\t\t\t<div class=\"elementor-element elementor-element-41608e8 elementor-widget elementor-widget-image\" data-id=\"41608e8\" data-element_type=\"widget\" data-widget_type=\"image.default\">\n\t\t\t\t<div class=\"elementor-widget-container\">\n\t\t\t\t\t\t\t\t\t\t\t\t\t\t\t<img fetchpriority=\"high\" decoding=\"async\" width=\"696\" height=\"744\" src=\"https:\/\/pc.sc.gov.br\/\/wp-content\/uploads\/2024\/05\/e112abcd-ca1d-4fc2-be83-c5bf26f307cd-fotor-20240508142752.jpg\" class=\"attachment-large size-large wp-image-19887\" alt=\"\" srcset=\"https:\/\/pc.sc.gov.br\/\/wp-content\/uploads\/2024\/05\/e112abcd-ca1d-4fc2-be83-c5bf26f307cd-fotor-20240508142752.jpg 713w, https:\/\/pc.sc.gov.br\/\/wp-content\/uploads\/2024\/05\/e112abcd-ca1d-4fc2-be83-c5bf26f307cd-fotor-20240508142752-281x300.jpg 281w\" sizes=\"(max-width: 696px) 100vw, 696px\" \/>\t\t\t\t\t\t\t\t\t\t\t\t\t\t\t<\/div>\n\t\t\t\t<\/div>\n\t\t\t\t\t<\/div>\n\t\t<\/div>\n\t\t\t\t\t<\/div>\n\t\t<\/section>\n\t\t\t\t<section class=\"elementor-section elementor-top-section elementor-element elementor-element-dad0caa elementor-section-boxed elementor-section-height-default elementor-section-height-default\" data-id=\"dad0caa\" data-element_type=\"section\">\n\t\t\t\t\t\t<div class=\"elementor-container elementor-column-gap-default\">\n\t\t\t\t\t<div class=\"elementor-column elementor-col-100 elementor-top-column elementor-element elementor-element-3e6bf46\" data-id=\"3e6bf46\" data-element_type=\"column\">\n\t\t\t<div class=\"elementor-widget-wrap elementor-element-populated\">\n\t\t\t\t\t\t<div class=\"elementor-element elementor-element-7421e95 elementor-widget elementor-widget-text-editor\" data-id=\"7421e95\" data-element_type=\"widget\" data-widget_type=\"text-editor.default\">\n\t\t\t\t<div class=\"elementor-widget-container\">\n\t\t\t\t\t\t\t\t\t<p>A Pol\u00edcia Civil de Santa Catarina, por interm\u00e9dio da Delegacia de Furtos e Roubos de Ve\u00edculos (DFRV\/DERIC) em trabalho conjunto com a Pol\u00edcia Civil do Paran\u00e1 (Guaira), Centro Integrado de Opera\u00e7\u00f5es de Fronteira do Minist\u00e9rio da Justi\u00e7a, Delegacia da Comarca de Balne\u00e1rio Cambori\u00fa, Pol\u00edcia Militar de Balne\u00e1rio Cambori\u00fa\/Itapema, Guarda Municipal de Balne\u00e1rio Cambori\u00fa\/Itapema e Pol\u00edcia Rodovi\u00e1ria Federal, na quarta-feira (08), deflagraram a opera\u00e7\u00e3o Fronteira, que desarticulou mais uma organiza\u00e7\u00e3o criminosa especializada no furto, recepta\u00e7\u00e3o e adultera\u00e7\u00e3o de caminhonetes.<\/p>\n<p>Foram cumpridos quatro mandados de pris\u00e3o e sete mandados de busca e apreens\u00e3o, nas cidades de Gua\u00edra e Balne\u00e1rio Cambori\u00fa. O grupo investigado tinha atua\u00e7\u00e3o em Santa Catarina e no Paran\u00e1.<\/p>\n<p>As investiga\u00e7\u00f5es iniciaram ap\u00f3s&nbsp; o furto de uma caminhonete em Balne\u00e1rio Cambori\u00fa, ocasi\u00e3o que foram realizadas dilig\u00eancias que esclareceram a forma, meios de a\u00e7\u00e3o, bem como destino final das mesmas, com a consequente identifica\u00e7\u00e3o de todos envolvidos no esquema criminoso. Os investigados s\u00e3o suspeitos da pr\u00e1tica de pelo menos cinco furtos de caminhonetes no Litoral de Santa Catarina.<\/p>\n<p>Cumpridas as dilig\u00eancias, os autores foram encaminhados para o sistema prisional onde permanecem \u00e0 disposi\u00e7\u00e3o da justi\u00e7a. A Pol\u00edcia Penal de Itaja\u00ed tamb\u00e9m apoiou no cumprimento dos mandados de pris\u00e3o.<\/p>\n<p>A DFRV\/DEIC destacou a atua\u00e7\u00e3o da Vara Regional de Garantias da Comarca de Balne\u00e1rio Cambori\u00fa e a 8\u00aa Promotoria de Justi\u00e7a de Balne\u00e1rio Cambori\u00fa, pela r\u00e1pida an\u00e1lise e deferimento das medidas cautelares pleiteadas.<span style=\"color: var( --e-global-color-text ); font-family: var( --e-global-typography-primary-font-family ), Sans-serif; font-size: var( --e-global-typography-primary-font-size ); font-weight: var( --e-global-typography-primary-font-weight ); letter-spacing: var( --e-global-typography-primary-letter-spacing );\">&nbsp;<\/span><\/p>\t\t\t\t\t\t\t\t<\/div>\n\t\t\t\t<\/div>\n\t\t\t\t\t<\/div>\n\t\t<\/div>\n\t\t\t\t\t<\/div>\n\t\t<\/section>\n\t\t\t\t<\/div>\n\t\t","protected":false},"excerpt":{"rendered":"<p>DFRV\/DEIC deflagra opera\u00e7\u00e3o \u201cFronteira\u201d e desarticula organiza\u00e7\u00e3o criminosa especializada em furto, recepta\u00e7\u00e3o e adultera\u00e7\u00e3o de caminhonetes A Pol\u00edcia Civil de Santa Catarina, por interm\u00e9dio da Delegacia de Furtos e Roubos de Ve\u00edculos (DFRV\/DERIC) em trabalho conjunto com a Pol\u00edcia Civil do Paran\u00e1 (Guaira), Centro Integrado de Opera\u00e7\u00f5es de Fronteira do Minist\u00e9rio da Justi\u00e7a, Delegacia da [&hellip;]<\/p>\n","protected":false},"author":5,"featured_media":19887,"comment_status":"closed","ping_status":"open","sticky":false,"template":"","format":"standard","meta":{"_monsterinsights_skip_tracking":false,"_monsterinsights_sitenote_active":false,"_monsterinsights_sitenote_note":"","_monsterinsights_sitenote_category":0,"footnotes":""},"categories":[1],"tags":[],"class_list":["post-19881","post","type-post","status-publish","format-standard","has-post-thumbnail","hentry","category-sem-categoria"],"_links":{"self":[{"href":"https:\/\/pc.sc.gov.br\/index.php?rest_route=\/wp\/v2\/posts\/19881","targetHints":{"allow":["GET"]}}],"collection":[{"href":"https:\/\/pc.sc.gov.br\/index.php?rest_route=\/wp\/v2\/posts"}],"about":[{"href":"https:\/\/pc.sc.gov.br\/index.php?rest_route=\/wp\/v2\/types\/post"}],"author":[{"embeddable":true,"href":"https:\/\/pc.sc.gov.br\/index.php?rest_route=\/wp\/v2\/users\/5"}],"replies":[{"embeddable":true,"href":"https:\/\/pc.sc.gov.br\/index.php?rest_route=%2Fwp%2Fv2%2Fcomments&post=19881"}],"version-history":[{"count":3,"href":"https:\/\/pc.sc.gov.br\/index.php?rest_route=\/wp\/v2\/posts\/19881\/revisions"}],"predecessor-version":[{"id":19890,"href":"https:\/\/pc.sc.gov.br\/index.php?rest_route=\/wp\/v2\/posts\/19881\/revisions\/19890"}],"wp:featuredmedia":[{"embeddable":true,"href":"https:\/\/pc.sc.gov.br\/index.php?rest_route=\/wp\/v2\/media\/19887"}],"wp:attachment":[{"href":"https:\/\/pc.sc.gov.br\/index.php?rest_route=%2Fwp%2Fv2%2Fmedia&parent=19881"}],"wp:term":[{"taxonomy":"category","embeddable":true,"href":"https:\/\/pc.sc.gov.br\/index.php?rest_route=%2Fwp%2Fv2%2Fcategories&post=19881"},{"taxonomy":"post_tag","embeddable":true,"href":"https:\/\/pc.sc.gov.br\/index.php?rest_route=%2Fwp%2Fv2%2Ftags&post=19881"}],"curies":[{"name":"wp","href":"https:\/\/api.w.org\/{rel}","templated":true}]}}