{"id":19882,"date":"2024-05-08T14:28:15","date_gmt":"2024-05-08T17:28:15","guid":{"rendered":"https:\/\/pc.sc.gov.br\/?p=19882"},"modified":"2024-05-08T14:29:08","modified_gmt":"2024-05-08T17:29:08","slug":"policia-civil-prende-mulher-por-descumprimento-de-medida-protetiva-ameaca-e-incendio-em-navegantes","status":"publish","type":"post","link":"https:\/\/pc.sc.gov.br\/?p=19882","title":{"rendered":"Pol\u00edcia Civil prende mulher por descumprimento de medida protetiva, amea\u00e7a e inc\u00eandio em Navegantes"},"content":{"rendered":"\t\t<div data-elementor-type=\"wp-post\" data-elementor-id=\"19882\" class=\"elementor elementor-19882\" data-elementor-post-type=\"post\">\n\t\t\t\t\t\t<section class=\"elementor-section elementor-top-section elementor-element elementor-element-21b206a elementor-section-boxed elementor-section-height-default elementor-section-height-default\" data-id=\"21b206a\" data-element_type=\"section\">\n\t\t\t\t\t\t<div class=\"elementor-container elementor-column-gap-default\">\n\t\t\t\t\t<div class=\"elementor-column elementor-col-100 elementor-top-column elementor-element elementor-element-caf1eff\" data-id=\"caf1eff\" data-element_type=\"column\">\n\t\t\t<div class=\"elementor-widget-wrap elementor-element-populated\">\n\t\t\t\t\t\t<div class=\"elementor-element elementor-element-2ba5135 elementor-widget elementor-widget-heading\" data-id=\"2ba5135\" data-element_type=\"widget\" data-widget_type=\"heading.default\">\n\t\t\t\t<div class=\"elementor-widget-container\">\n\t\t\t\t\t<h2 class=\"elementor-heading-title elementor-size-default\">Pol\u00edcia Civil prende mulher por descumprimento de medida protetiva, amea\u00e7a e inc\u00eandio em Navegantes<\/h2>\t\t\t\t<\/div>\n\t\t\t\t<\/div>\n\t\t\t\t\t<\/div>\n\t\t<\/div>\n\t\t\t\t\t<\/div>\n\t\t<\/section>\n\t\t\t\t<section class=\"elementor-section elementor-top-section elementor-element elementor-element-9e3561e elementor-section-boxed elementor-section-height-default elementor-section-height-default\" data-id=\"9e3561e\" data-element_type=\"section\">\n\t\t\t\t\t\t<div class=\"elementor-container elementor-column-gap-default\">\n\t\t\t\t\t<div class=\"elementor-column elementor-col-100 elementor-top-column elementor-element elementor-element-d6551e1\" data-id=\"d6551e1\" data-element_type=\"column\">\n\t\t\t<div class=\"elementor-widget-wrap elementor-element-populated\">\n\t\t\t\t\t\t<div class=\"elementor-element elementor-element-b783e64 elementor-widget elementor-widget-image\" data-id=\"b783e64\" data-element_type=\"widget\" data-widget_type=\"image.default\">\n\t\t\t\t<div class=\"elementor-widget-container\">\n\t\t\t\t\t\t\t\t\t\t\t\t\t\t\t<img fetchpriority=\"high\" decoding=\"async\" width=\"696\" height=\"513\" src=\"https:\/\/pc.sc.gov.br\/\/wp-content\/uploads\/2024\/04\/WhatsApp-Image-2024-04-15-at-08.55.30-fotor-20240416144718-1-1024x755.jpg\" class=\"attachment-large size-large wp-image-19524\" alt=\"\" srcset=\"https:\/\/pc.sc.gov.br\/\/wp-content\/uploads\/2024\/04\/WhatsApp-Image-2024-04-15-at-08.55.30-fotor-20240416144718-1-1024x755.jpg 1024w, https:\/\/pc.sc.gov.br\/\/wp-content\/uploads\/2024\/04\/WhatsApp-Image-2024-04-15-at-08.55.30-fotor-20240416144718-1-300x221.jpg 300w, https:\/\/pc.sc.gov.br\/\/wp-content\/uploads\/2024\/04\/WhatsApp-Image-2024-04-15-at-08.55.30-fotor-20240416144718-1-768x566.jpg 768w, https:\/\/pc.sc.gov.br\/\/wp-content\/uploads\/2024\/04\/WhatsApp-Image-2024-04-15-at-08.55.30-fotor-20240416144718-1.jpg 1186w\" sizes=\"(max-width: 696px) 100vw, 696px\" \/>\t\t\t\t\t\t\t\t\t\t\t\t\t\t\t<\/div>\n\t\t\t\t<\/div>\n\t\t\t\t\t<\/div>\n\t\t<\/div>\n\t\t\t\t\t<\/div>\n\t\t<\/section>\n\t\t\t\t<section class=\"elementor-section elementor-top-section elementor-element elementor-element-4108921 elementor-section-boxed elementor-section-height-default elementor-section-height-default\" data-id=\"4108921\" data-element_type=\"section\">\n\t\t\t\t\t\t<div class=\"elementor-container elementor-column-gap-default\">\n\t\t\t\t\t<div class=\"elementor-column elementor-col-100 elementor-top-column elementor-element elementor-element-3010836\" data-id=\"3010836\" data-element_type=\"column\">\n\t\t\t<div class=\"elementor-widget-wrap elementor-element-populated\">\n\t\t\t\t\t\t<div class=\"elementor-element elementor-element-c8b8b46 elementor-widget elementor-widget-text-editor\" data-id=\"c8b8b46\" data-element_type=\"widget\" data-widget_type=\"text-editor.default\">\n\t\t\t\t<div class=\"elementor-widget-container\">\n\t\t\t\t\t\t\t\t\t<p>Nesta ter\u00e7a-feira (07\/05), a Pol\u00edcia Civil de Santa Catarina, por meio da Delegacia de Pol\u00edcia de Navegantes, deu cumprimento a um mandado de pris\u00e3o preventiva, expedido pelo Poder Judici\u00e1rio da comarca de Navegantes, em desfavor de uma mulher pelos crimes de descumprimento de medida protetiva, amea\u00e7a e inc\u00eandio, todos na forma da lei Maria da Penha.<\/p><p>Importante frisar, que a vitima compareceu \u00e0 Delegacia de Pol\u00edcia em Navegantes aterrorizada, narrando ter tido sua resid\u00eancia incendiada e, ainda, que a autora dos fatos vinha descumprindo insistentemente as medidas protetivas de urg\u00eancia decretadas em seu desfavor, oriundas de procedimento anterior.<\/p><p>\u00a0A pris\u00e3o foi decretada e a equipe da Pol\u00edcia Civil conseguiu capturar a acusada, n\u00e3o tendo ela oferecido resist\u00eancia. Ap\u00f3s a captura, a suspeita foi conduzida ao Pres\u00eddio, onde ficar\u00e1 \u00e0 disposi\u00e7\u00e3o da Justi\u00e7a para formaliza\u00e7\u00e3o dos atos de pol\u00edcia judici\u00e1ria. O inqu\u00e9rito da Pol\u00edcia Civil, ap\u00f3s o prazo legal, ser\u00e1 remetido ao Poder Judici\u00e1rio.<\/p>\t\t\t\t\t\t\t\t<\/div>\n\t\t\t\t<\/div>\n\t\t\t\t\t<\/div>\n\t\t<\/div>\n\t\t\t\t\t<\/div>\n\t\t<\/section>\n\t\t\t\t<\/div>\n\t\t","protected":false},"excerpt":{"rendered":"<p>Pol\u00edcia Civil prende mulher por descumprimento de medida protetiva, amea\u00e7a e inc\u00eandio em Navegantes Nesta ter\u00e7a-feira (07\/05), a Pol\u00edcia Civil de Santa Catarina, por meio da Delegacia de Pol\u00edcia de Navegantes, deu cumprimento a um mandado de pris\u00e3o preventiva, expedido pelo Poder Judici\u00e1rio da comarca de Navegantes, em desfavor de uma mulher pelos crimes de [&hellip;]<\/p>\n","protected":false},"author":5,"featured_media":19319,"comment_status":"closed","ping_status":"open","sticky":false,"template":"","format":"standard","meta":{"_monsterinsights_skip_tracking":false,"_monsterinsights_sitenote_active":false,"_monsterinsights_sitenote_note":"","_monsterinsights_sitenote_category":0,"footnotes":""},"categories":[1],"tags":[],"class_list":["post-19882","post","type-post","status-publish","format-standard","has-post-thumbnail","hentry","category-sem-categoria"],"_links":{"self":[{"href":"https:\/\/pc.sc.gov.br\/index.php?rest_route=\/wp\/v2\/posts\/19882","targetHints":{"allow":["GET"]}}],"collection":[{"href":"https:\/\/pc.sc.gov.br\/index.php?rest_route=\/wp\/v2\/posts"}],"about":[{"href":"https:\/\/pc.sc.gov.br\/index.php?rest_route=\/wp\/v2\/types\/post"}],"author":[{"embeddable":true,"href":"https:\/\/pc.sc.gov.br\/index.php?rest_route=\/wp\/v2\/users\/5"}],"replies":[{"embeddable":true,"href":"https:\/\/pc.sc.gov.br\/index.php?rest_route=%2Fwp%2Fv2%2Fcomments&post=19882"}],"version-history":[{"count":4,"href":"https:\/\/pc.sc.gov.br\/index.php?rest_route=\/wp\/v2\/posts\/19882\/revisions"}],"predecessor-version":[{"id":19886,"href":"https:\/\/pc.sc.gov.br\/index.php?rest_route=\/wp\/v2\/posts\/19882\/revisions\/19886"}],"wp:featuredmedia":[{"embeddable":true,"href":"https:\/\/pc.sc.gov.br\/index.php?rest_route=\/wp\/v2\/media\/19319"}],"wp:attachment":[{"href":"https:\/\/pc.sc.gov.br\/index.php?rest_route=%2Fwp%2Fv2%2Fmedia&parent=19882"}],"wp:term":[{"taxonomy":"category","embeddable":true,"href":"https:\/\/pc.sc.gov.br\/index.php?rest_route=%2Fwp%2Fv2%2Fcategories&post=19882"},{"taxonomy":"post_tag","embeddable":true,"href":"https:\/\/pc.sc.gov.br\/index.php?rest_route=%2Fwp%2Fv2%2Ftags&post=19882"}],"curies":[{"name":"wp","href":"https:\/\/api.w.org\/{rel}","templated":true}]}}