{"id":19909,"date":"2024-05-09T14:26:56","date_gmt":"2024-05-09T17:26:56","guid":{"rendered":"https:\/\/pc.sc.gov.br\/?p=19909"},"modified":"2024-05-09T14:27:45","modified_gmt":"2024-05-09T17:27:45","slug":"delegacia-de-defraudacoes-da-deic-deflagra-operacao-delegado-fake-em-diadema-sp","status":"publish","type":"post","link":"https:\/\/pc.sc.gov.br\/?p=19909","title":{"rendered":"Delegacia de Defrauda\u00e7\u00f5es da DEIC deflagra opera\u00e7\u00e3o \u201cDelegado Fake\u201d em Diadema (SP)"},"content":{"rendered":"\t\t<div data-elementor-type=\"wp-post\" data-elementor-id=\"19909\" class=\"elementor elementor-19909\" data-elementor-post-type=\"post\">\n\t\t\t\t\t\t<section class=\"elementor-section elementor-top-section elementor-element elementor-element-6979d71 elementor-section-boxed elementor-section-height-default elementor-section-height-default\" data-id=\"6979d71\" data-element_type=\"section\">\n\t\t\t\t\t\t<div class=\"elementor-container elementor-column-gap-default\">\n\t\t\t\t\t<div class=\"elementor-column elementor-col-100 elementor-top-column elementor-element elementor-element-34ed0e4\" data-id=\"34ed0e4\" data-element_type=\"column\">\n\t\t\t<div class=\"elementor-widget-wrap elementor-element-populated\">\n\t\t\t\t\t\t<div class=\"elementor-element elementor-element-10a7830 elementor-widget elementor-widget-heading\" data-id=\"10a7830\" data-element_type=\"widget\" data-widget_type=\"heading.default\">\n\t\t\t\t<div class=\"elementor-widget-container\">\n\t\t\t\t\t<h2 class=\"elementor-heading-title elementor-size-default\">Delegacia de Defrauda\u00e7\u00f5es da DEIC deflagra opera\u00e7\u00e3o \u201cDelegado Fake\u201d em Diadema (SP)<\/h2>\t\t\t\t<\/div>\n\t\t\t\t<\/div>\n\t\t\t\t\t<\/div>\n\t\t<\/div>\n\t\t\t\t\t<\/div>\n\t\t<\/section>\n\t\t\t\t<section class=\"elementor-section elementor-top-section elementor-element elementor-element-99ad6c8 elementor-section-boxed elementor-section-height-default elementor-section-height-default\" data-id=\"99ad6c8\" data-element_type=\"section\">\n\t\t\t\t\t\t<div class=\"elementor-container elementor-column-gap-default\">\n\t\t\t\t\t<div class=\"elementor-column elementor-col-100 elementor-top-column elementor-element elementor-element-32560cc\" data-id=\"32560cc\" data-element_type=\"column\">\n\t\t\t<div class=\"elementor-widget-wrap elementor-element-populated\">\n\t\t\t\t\t\t<div class=\"elementor-element elementor-element-0f9e076 elementor-widget elementor-widget-image\" data-id=\"0f9e076\" data-element_type=\"widget\" data-widget_type=\"image.default\">\n\t\t\t\t<div class=\"elementor-widget-container\">\n\t\t\t\t\t\t\t\t\t\t\t\t\t\t\t<img fetchpriority=\"high\" decoding=\"async\" width=\"696\" height=\"583\" src=\"https:\/\/pc.sc.gov.br\/\/wp-content\/uploads\/2024\/05\/WhatsApp-Image-2024-05-09-at-08.20.23.jpeg\" class=\"attachment-large size-large wp-image-19910\" alt=\"\" srcset=\"https:\/\/pc.sc.gov.br\/\/wp-content\/uploads\/2024\/05\/WhatsApp-Image-2024-05-09-at-08.20.23.jpeg 940w, https:\/\/pc.sc.gov.br\/\/wp-content\/uploads\/2024\/05\/WhatsApp-Image-2024-05-09-at-08.20.23-300x251.jpeg 300w, https:\/\/pc.sc.gov.br\/\/wp-content\/uploads\/2024\/05\/WhatsApp-Image-2024-05-09-at-08.20.23-768x644.jpeg 768w\" sizes=\"(max-width: 696px) 100vw, 696px\" \/>\t\t\t\t\t\t\t\t\t\t\t\t\t\t\t<\/div>\n\t\t\t\t<\/div>\n\t\t\t\t\t<\/div>\n\t\t<\/div>\n\t\t\t\t\t<\/div>\n\t\t<\/section>\n\t\t\t\t<section class=\"elementor-section elementor-top-section elementor-element elementor-element-e377445 elementor-section-boxed elementor-section-height-default elementor-section-height-default\" data-id=\"e377445\" data-element_type=\"section\">\n\t\t\t\t\t\t<div class=\"elementor-container elementor-column-gap-default\">\n\t\t\t\t\t<div class=\"elementor-column elementor-col-100 elementor-top-column elementor-element elementor-element-21eb480\" data-id=\"21eb480\" data-element_type=\"column\">\n\t\t\t<div class=\"elementor-widget-wrap elementor-element-populated\">\n\t\t\t\t\t\t<div class=\"elementor-element elementor-element-daab3d3 elementor-widget elementor-widget-text-editor\" data-id=\"daab3d3\" data-element_type=\"widget\" data-widget_type=\"text-editor.default\">\n\t\t\t\t<div class=\"elementor-widget-container\">\n\t\t\t\t\t\t\t\t\t<p>A Pol\u00edcia Civil de Santa Catarina, por meio da Delegacia de Defrauda\u00e7\u00f5es (DD\/DEIC), com apoio do N\u00facleo de Intelig\u00eancia e Seguran\u00e7a Institucional do Tribunal de Justi\u00e7a de Santa Catarina (NIS\/TJSC) e da Pol\u00edcia Civil de S\u00e3o Paulo, deflagrou nesta quinta-feira (9), a opera\u00e7\u00e3o \u201cDelegado Fake\u201dcumprindo mandado de busca e apreens\u00e3o, na cidade de Diadema (SP), visando esclarecer crime de falsidade ideol\u00f3gica, estelionato e invas\u00e3o de dispositivo eletr\u00f4nico.<\/p>\n<p>Durante as investiga\u00e7\u00f5es apurou-se que o investigado, utilizando engenharia social, conseguiu invadir o telefone funcional de um delegado de pol\u00edcia de Santa Catarina e, ap\u00f3s, teve acesso a informa\u00e7\u00f5es sigilosas, al\u00e9m de solicitar transfer\u00eancias de valores para amigos e familiares.<\/p>\n<p>Na opera\u00e7\u00e3o tamb\u00e9m foram apreendidos aparelhos eletr\u00f4nicos, que ser\u00e3o analisados para a continuidade das investiga\u00e7\u00f5es e identifica\u00e7\u00e3o dos demais envolvidos.<span style=\"color: var( --e-global-color-text ); font-family: var( --e-global-typography-primary-font-family ), Sans-serif; font-size: var( --e-global-typography-primary-font-size ); font-weight: var( --e-global-typography-primary-font-weight ); letter-spacing: var( --e-global-typography-primary-letter-spacing );\">&nbsp;<\/span><\/p>\t\t\t\t\t\t\t\t<\/div>\n\t\t\t\t<\/div>\n\t\t\t\t\t<\/div>\n\t\t<\/div>\n\t\t\t\t\t<\/div>\n\t\t<\/section>\n\t\t\t\t<\/div>\n\t\t","protected":false},"excerpt":{"rendered":"<p>Delegacia de Defrauda\u00e7\u00f5es da DEIC deflagra opera\u00e7\u00e3o \u201cDelegado Fake\u201d em Diadema (SP) A Pol\u00edcia Civil de Santa Catarina, por meio da Delegacia de Defrauda\u00e7\u00f5es (DD\/DEIC), com apoio do N\u00facleo de Intelig\u00eancia e Seguran\u00e7a Institucional do Tribunal de Justi\u00e7a de Santa Catarina (NIS\/TJSC) e da Pol\u00edcia Civil de S\u00e3o Paulo, deflagrou nesta quinta-feira (9), a opera\u00e7\u00e3o [&hellip;]<\/p>\n","protected":false},"author":5,"featured_media":19910,"comment_status":"closed","ping_status":"open","sticky":false,"template":"","format":"standard","meta":{"_monsterinsights_skip_tracking":false,"_monsterinsights_sitenote_active":false,"_monsterinsights_sitenote_note":"","_monsterinsights_sitenote_category":0,"footnotes":""},"categories":[1],"tags":[],"class_list":["post-19909","post","type-post","status-publish","format-standard","has-post-thumbnail","hentry","category-sem-categoria"],"_links":{"self":[{"href":"https:\/\/pc.sc.gov.br\/index.php?rest_route=\/wp\/v2\/posts\/19909","targetHints":{"allow":["GET"]}}],"collection":[{"href":"https:\/\/pc.sc.gov.br\/index.php?rest_route=\/wp\/v2\/posts"}],"about":[{"href":"https:\/\/pc.sc.gov.br\/index.php?rest_route=\/wp\/v2\/types\/post"}],"author":[{"embeddable":true,"href":"https:\/\/pc.sc.gov.br\/index.php?rest_route=\/wp\/v2\/users\/5"}],"replies":[{"embeddable":true,"href":"https:\/\/pc.sc.gov.br\/index.php?rest_route=%2Fwp%2Fv2%2Fcomments&post=19909"}],"version-history":[{"count":4,"href":"https:\/\/pc.sc.gov.br\/index.php?rest_route=\/wp\/v2\/posts\/19909\/revisions"}],"predecessor-version":[{"id":19914,"href":"https:\/\/pc.sc.gov.br\/index.php?rest_route=\/wp\/v2\/posts\/19909\/revisions\/19914"}],"wp:featuredmedia":[{"embeddable":true,"href":"https:\/\/pc.sc.gov.br\/index.php?rest_route=\/wp\/v2\/media\/19910"}],"wp:attachment":[{"href":"https:\/\/pc.sc.gov.br\/index.php?rest_route=%2Fwp%2Fv2%2Fmedia&parent=19909"}],"wp:term":[{"taxonomy":"category","embeddable":true,"href":"https:\/\/pc.sc.gov.br\/index.php?rest_route=%2Fwp%2Fv2%2Fcategories&post=19909"},{"taxonomy":"post_tag","embeddable":true,"href":"https:\/\/pc.sc.gov.br\/index.php?rest_route=%2Fwp%2Fv2%2Ftags&post=19909"}],"curies":[{"name":"wp","href":"https:\/\/api.w.org\/{rel}","templated":true}]}}