{"id":19922,"date":"2024-05-09T15:38:22","date_gmt":"2024-05-09T18:38:22","guid":{"rendered":"https:\/\/pc.sc.gov.br\/?p=19922"},"modified":"2024-05-09T15:45:12","modified_gmt":"2024-05-09T18:45:12","slug":"comitiva-da-seguranca-publica-de-sp-visita-santa-catarina-para-conhecer-o-sistema-de-boletim-de-ocorrencia-integrado","status":"publish","type":"post","link":"https:\/\/pc.sc.gov.br\/?p=19922","title":{"rendered":"Comitiva da Seguran\u00e7a P\u00fablica de SP visita Santa Catarina para conhecer o sistema de Boletim de Ocorr\u00eancia Integrado"},"content":{"rendered":"\t\t<div data-elementor-type=\"wp-post\" data-elementor-id=\"19922\" class=\"elementor elementor-19922\" data-elementor-post-type=\"post\">\n\t\t\t\t\t\t<section class=\"elementor-section elementor-top-section elementor-element elementor-element-7d2dc22 elementor-section-boxed elementor-section-height-default elementor-section-height-default\" data-id=\"7d2dc22\" data-element_type=\"section\">\n\t\t\t\t\t\t<div class=\"elementor-container elementor-column-gap-default\">\n\t\t\t\t\t<div class=\"elementor-column elementor-col-100 elementor-top-column elementor-element elementor-element-d5cb97a\" data-id=\"d5cb97a\" data-element_type=\"column\">\n\t\t\t<div class=\"elementor-widget-wrap elementor-element-populated\">\n\t\t\t\t\t\t<div class=\"elementor-element elementor-element-1483ffd elementor-widget elementor-widget-heading\" data-id=\"1483ffd\" data-element_type=\"widget\" data-widget_type=\"heading.default\">\n\t\t\t\t<div class=\"elementor-widget-container\">\n\t\t\t\t\t<h2 class=\"elementor-heading-title elementor-size-default\">Comitiva da Seguran\u00e7a P\u00fablica de SP visita Santa Catarina para conhecer o sistema de Boletim de Ocorr\u00eancia Integrado<\/h2>\t\t\t\t<\/div>\n\t\t\t\t<\/div>\n\t\t\t\t\t<\/div>\n\t\t<\/div>\n\t\t\t\t\t<\/div>\n\t\t<\/section>\n\t\t\t\t<section class=\"elementor-section elementor-top-section elementor-element elementor-element-728ccb5 elementor-section-boxed elementor-section-height-default elementor-section-height-default\" data-id=\"728ccb5\" data-element_type=\"section\">\n\t\t\t\t\t\t<div class=\"elementor-container elementor-column-gap-default\">\n\t\t\t\t\t<div class=\"elementor-column elementor-col-100 elementor-top-column elementor-element elementor-element-90a8045\" data-id=\"90a8045\" data-element_type=\"column\">\n\t\t\t<div class=\"elementor-widget-wrap elementor-element-populated\">\n\t\t\t\t\t\t<div class=\"elementor-element elementor-element-790f458 elementor-widget elementor-widget-image\" data-id=\"790f458\" data-element_type=\"widget\" data-widget_type=\"image.default\">\n\t\t\t\t<div class=\"elementor-widget-container\">\n\t\t\t\t\t\t\t\t\t\t\t\t\t\t\t<img fetchpriority=\"high\" decoding=\"async\" width=\"696\" height=\"522\" src=\"https:\/\/pc.sc.gov.br\/\/wp-content\/uploads\/2024\/05\/SIS-SP-SC-1024x768.jpeg\" class=\"attachment-large size-large wp-image-19923\" alt=\"\" srcset=\"https:\/\/pc.sc.gov.br\/\/wp-content\/uploads\/2024\/05\/SIS-SP-SC-1024x768.jpeg 1024w, https:\/\/pc.sc.gov.br\/\/wp-content\/uploads\/2024\/05\/SIS-SP-SC-300x225.jpeg 300w, https:\/\/pc.sc.gov.br\/\/wp-content\/uploads\/2024\/05\/SIS-SP-SC-768x576.jpeg 768w, https:\/\/pc.sc.gov.br\/\/wp-content\/uploads\/2024\/05\/SIS-SP-SC-1536x1152.jpeg 1536w, https:\/\/pc.sc.gov.br\/\/wp-content\/uploads\/2024\/05\/SIS-SP-SC.jpeg 1600w\" sizes=\"(max-width: 696px) 100vw, 696px\" \/>\t\t\t\t\t\t\t\t\t\t\t\t\t\t\t<\/div>\n\t\t\t\t<\/div>\n\t\t\t\t\t<\/div>\n\t\t<\/div>\n\t\t\t\t\t<\/div>\n\t\t<\/section>\n\t\t\t\t<section class=\"elementor-section elementor-top-section elementor-element elementor-element-e44dcb7 elementor-section-boxed elementor-section-height-default elementor-section-height-default\" data-id=\"e44dcb7\" data-element_type=\"section\">\n\t\t\t\t\t\t<div class=\"elementor-container elementor-column-gap-default\">\n\t\t\t\t\t<div class=\"elementor-column elementor-col-100 elementor-top-column elementor-element elementor-element-1295a52\" data-id=\"1295a52\" data-element_type=\"column\">\n\t\t\t<div class=\"elementor-widget-wrap elementor-element-populated\">\n\t\t\t\t\t\t<div class=\"elementor-element elementor-element-1d02d4e elementor-widget elementor-widget-text-editor\" data-id=\"1d02d4e\" data-element_type=\"widget\" data-widget_type=\"text-editor.default\">\n\t\t\t\t<div class=\"elementor-widget-container\">\n\t\t\t\t\t\t\t\t\t<p>Uma comitiva da Secretaria da Seguran\u00e7a P\u00fablica de S\u00e3o Paulo realizou visita ao estado para conhecer o Boletim de Ocorr\u00eancia Integrado existente no Sistema Integrado de Seguran\u00e7a P\u00fablica (SISP) de Santa Catarina. O modelo catarinense \u00e9 considerado refer\u00eancia no pa\u00eds. A Agente de Pol\u00edcia, Deise Boing, que atua na Ger\u00eancia de Tecnologia e na Coordenadoria do SISP representou a Pol\u00edcia Civil no ato e detalhou o funcionamento do sistema.<\/p>\n<p>O SISP \u00e9 utilizado pela Pol\u00edcia Militar, a Pol\u00edcia Civil, Corpo de Bombeiros Militar, Pol\u00edcia Cient\u00edfica e Pol\u00edcia Penal sendo mantido e desenvolvido pelo Centro de Inform\u00e1tica e Automa\u00e7\u00e3o do Estado de Santa Catarina (CIASC).<\/p>\n<p>Com o foco na integra\u00e7\u00e3o, o sistema possui banco de dados, por exemplo, de identifica\u00e7\u00e3o civil e prisional, ocorr\u00eancias policiais, dados de CNHs e veiculares, mandados de pris\u00f5es e de medidas protetivas. Outro ponto que chamou a aten\u00e7\u00e3o das autoridades de S\u00e3o Paulo \u00e9 que, em Santa Catarina, as Pol\u00edcias Civil e Militar registram BOs (Boletins de Ocorr\u00eancias), por meio do SISP. Depois de conhecer o sistema, a comitiva de S\u00e3o Paulo visitou as institui\u00e7\u00f5es de seguran\u00e7a p\u00fablica catarinenses.&nbsp;&nbsp;<\/p>\n<p>O subsecret\u00e1rio de Acompanhamento de Projetos Estrat\u00e9gicos da Secretaria da Seguran\u00e7a P\u00fablica do Estado de S\u00e3o Paulo, Rafael Ramos da Silva, explica que a escolha pela visita \u00e0 Seguran\u00e7a P\u00fablica catarinense se deu pela refer\u00eancia do Estado na \u00e1rea de integra\u00e7\u00e3o de registros pelas Pol\u00edcias de SC, do relacionamento integrado existente com as Pol\u00edcias de SP e a possibilidade de aproveitar a expertise hist\u00f3rica catarinense na \u00e1rea.<\/p>\n<p>A SSP de S\u00e3o Paulo criou um grupo de trabalho para tratar o assunto naquele Estado, composto por oficiais da PM, delegados da Pol\u00edcia Civil e peritos da Pol\u00edcia T\u00e9cnica Cient\u00edfica. \u201cA gente sabe que \u00e9 uma integra\u00e7\u00e3o um pouco sens\u00edvel, mas sabemos que Santa Catarina conseguiu trazer converg\u00eancia nesse n\u00edvel e entregar um melhor servi\u00e7o para a popula\u00e7\u00e3o e uma maior qualidade do trabalho policial\u201d, elogiou o subsecret\u00e1rio de Acompanhamento de Projetos Estrat\u00e9gicos.<\/p>\n<p>O esp\u00edrito de enfrentamento conjunto ao crime e a rela\u00e7\u00e3o interligada dos Estados em prol da seguran\u00e7a p\u00fablica tamb\u00e9m foram enfatizados durante as reuni\u00f5es. \u201cTratamos esse encontro com muita responsabilidade para o nosso Estado. Santa Catarina acaba por ser uma refer\u00eancia nacional com a integra\u00e7\u00e3o das pol\u00edcias e das pol\u00edticas tamb\u00e9m que unem as pol\u00edcias\u201d, destacou o diretor de Intelig\u00eancia da Secretaria de Seguran\u00e7a P\u00fablica de SC, coronel J\u00fanio Jos\u00e9 de Oliveira.<\/p>\n<p><b>Amplia\u00e7\u00e3o do Sistema Integrado de Seguran\u00e7a P\u00fablica \u2013 SISP<\/b><\/p>\n<p>A proposta do SISP \u00e9 congregar em uma \u00fanica ferramenta diversos bancos de dados por meio de conv\u00eanios e termos de coopera\u00e7\u00e3o t\u00e9cnica com \u00f3rg\u00e3os diversos.<\/p>\n<p>Atualmente, a SSP-SC trabalha administrativamente para ampliar e padronizar os acessos e conv\u00eanios com o SISP para melhorar ainda mais os atendimentos pelo sistema e o trabalho dos profissionais que o desenvolvem. Assim, busca-se o fortalecimento da integra\u00e7\u00e3o na \u00e1rea e das estrat\u00e9gias de combate \u00e0 criminalidade no Estado.<\/p>\n<div>&nbsp;<\/div>\t\t\t\t\t\t\t\t<\/div>\n\t\t\t\t<\/div>\n\t\t\t\t\t<\/div>\n\t\t<\/div>\n\t\t\t\t\t<\/div>\n\t\t<\/section>\n\t\t\t\t<\/div>\n\t\t","protected":false},"excerpt":{"rendered":"<p>Comitiva da Seguran\u00e7a P\u00fablica de SP visita Santa Catarina para conhecer o sistema de Boletim de Ocorr\u00eancia Integrado Uma comitiva da Secretaria da Seguran\u00e7a P\u00fablica de S\u00e3o Paulo realizou visita ao estado para conhecer o Boletim de Ocorr\u00eancia Integrado existente no Sistema Integrado de Seguran\u00e7a P\u00fablica (SISP) de Santa Catarina. O modelo catarinense \u00e9 considerado [&hellip;]<\/p>\n","protected":false},"author":5,"featured_media":19923,"comment_status":"closed","ping_status":"open","sticky":false,"template":"","format":"standard","meta":{"_monsterinsights_skip_tracking":false,"_monsterinsights_sitenote_active":false,"_monsterinsights_sitenote_note":"","_monsterinsights_sitenote_category":0,"footnotes":""},"categories":[1],"tags":[],"class_list":["post-19922","post","type-post","status-publish","format-standard","has-post-thumbnail","hentry","category-sem-categoria"],"_links":{"self":[{"href":"https:\/\/pc.sc.gov.br\/index.php?rest_route=\/wp\/v2\/posts\/19922","targetHints":{"allow":["GET"]}}],"collection":[{"href":"https:\/\/pc.sc.gov.br\/index.php?rest_route=\/wp\/v2\/posts"}],"about":[{"href":"https:\/\/pc.sc.gov.br\/index.php?rest_route=\/wp\/v2\/types\/post"}],"author":[{"embeddable":true,"href":"https:\/\/pc.sc.gov.br\/index.php?rest_route=\/wp\/v2\/users\/5"}],"replies":[{"embeddable":true,"href":"https:\/\/pc.sc.gov.br\/index.php?rest_route=%2Fwp%2Fv2%2Fcomments&post=19922"}],"version-history":[{"count":3,"href":"https:\/\/pc.sc.gov.br\/index.php?rest_route=\/wp\/v2\/posts\/19922\/revisions"}],"predecessor-version":[{"id":19926,"href":"https:\/\/pc.sc.gov.br\/index.php?rest_route=\/wp\/v2\/posts\/19922\/revisions\/19926"}],"wp:featuredmedia":[{"embeddable":true,"href":"https:\/\/pc.sc.gov.br\/index.php?rest_route=\/wp\/v2\/media\/19923"}],"wp:attachment":[{"href":"https:\/\/pc.sc.gov.br\/index.php?rest_route=%2Fwp%2Fv2%2Fmedia&parent=19922"}],"wp:term":[{"taxonomy":"category","embeddable":true,"href":"https:\/\/pc.sc.gov.br\/index.php?rest_route=%2Fwp%2Fv2%2Fcategories&post=19922"},{"taxonomy":"post_tag","embeddable":true,"href":"https:\/\/pc.sc.gov.br\/index.php?rest_route=%2Fwp%2Fv2%2Ftags&post=19922"}],"curies":[{"name":"wp","href":"https:\/\/api.w.org\/{rel}","templated":true}]}}