{"id":19933,"date":"2024-05-09T16:36:24","date_gmt":"2024-05-09T19:36:24","guid":{"rendered":"https:\/\/pc.sc.gov.br\/?p=19933"},"modified":"2024-05-09T17:30:24","modified_gmt":"2024-05-09T20:30:24","slug":"delegacia-de-repressao-as-drogas-da-deic-deflagra-2a-fase-da-operacao-neighbor-em-repressao-ao-trafico-interestadual-de-drogas","status":"publish","type":"post","link":"https:\/\/pc.sc.gov.br\/?p=19933","title":{"rendered":"Delegacia de Repress\u00e3o \u00e0s Drogas da DEIC deflagra 2\u00aa fase da opera\u00e7\u00e3o &#8220;Neighbor&#8221; em repress\u00e3o ao tr\u00e1fico interestadual de drogas"},"content":{"rendered":"\t\t<div data-elementor-type=\"wp-post\" data-elementor-id=\"19933\" class=\"elementor elementor-19933\" data-elementor-post-type=\"post\">\n\t\t\t\t\t\t<section class=\"elementor-section elementor-top-section elementor-element elementor-element-762334f elementor-section-boxed elementor-section-height-default elementor-section-height-default\" data-id=\"762334f\" data-element_type=\"section\">\n\t\t\t\t\t\t<div class=\"elementor-container elementor-column-gap-default\">\n\t\t\t\t\t<div class=\"elementor-column elementor-col-100 elementor-top-column elementor-element elementor-element-bdb27de\" data-id=\"bdb27de\" data-element_type=\"column\">\n\t\t\t<div class=\"elementor-widget-wrap elementor-element-populated\">\n\t\t\t\t\t\t<div class=\"elementor-element elementor-element-fb07d64 elementor-widget elementor-widget-heading\" data-id=\"fb07d64\" data-element_type=\"widget\" data-widget_type=\"heading.default\">\n\t\t\t\t<div class=\"elementor-widget-container\">\n\t\t\t\t\t<h2 class=\"elementor-heading-title elementor-size-default\">Delegacia de Repress\u00e3o \u00e0s Drogas da DEIC deflagra 2\u00aa fase da opera\u00e7\u00e3o \"Neighbor\" em repress\u00e3o ao tr\u00e1fico interestadual de drogas<\/h2>\t\t\t\t<\/div>\n\t\t\t\t<\/div>\n\t\t\t\t\t<\/div>\n\t\t<\/div>\n\t\t\t\t\t<\/div>\n\t\t<\/section>\n\t\t\t\t<section class=\"elementor-section elementor-top-section elementor-element elementor-element-952bc0f elementor-section-boxed elementor-section-height-default elementor-section-height-default\" data-id=\"952bc0f\" data-element_type=\"section\">\n\t\t\t\t\t\t<div class=\"elementor-container elementor-column-gap-default\">\n\t\t\t\t\t<div class=\"elementor-column elementor-col-100 elementor-top-column elementor-element elementor-element-2f095b5\" data-id=\"2f095b5\" data-element_type=\"column\">\n\t\t\t<div class=\"elementor-widget-wrap elementor-element-populated\">\n\t\t\t\t\t\t<div class=\"elementor-element elementor-element-496704e elementor-widget elementor-widget-image\" data-id=\"496704e\" data-element_type=\"widget\" data-widget_type=\"image.default\">\n\t\t\t\t<div class=\"elementor-widget-container\">\n\t\t\t\t\t\t\t\t\t\t\t\t\t\t\t<img fetchpriority=\"high\" decoding=\"async\" width=\"696\" height=\"459\" src=\"https:\/\/pc.sc.gov.br\/\/wp-content\/uploads\/2024\/05\/b8674309-2b54-43b5-ac4c-a2ef6623dac5-fotor-2024050916413-1024x675.jpg\" class=\"attachment-large size-large wp-image-19934\" alt=\"\" srcset=\"https:\/\/pc.sc.gov.br\/\/wp-content\/uploads\/2024\/05\/b8674309-2b54-43b5-ac4c-a2ef6623dac5-fotor-2024050916413-1024x675.jpg 1024w, https:\/\/pc.sc.gov.br\/\/wp-content\/uploads\/2024\/05\/b8674309-2b54-43b5-ac4c-a2ef6623dac5-fotor-2024050916413-300x198.jpg 300w, https:\/\/pc.sc.gov.br\/\/wp-content\/uploads\/2024\/05\/b8674309-2b54-43b5-ac4c-a2ef6623dac5-fotor-2024050916413-768x506.jpg 768w, https:\/\/pc.sc.gov.br\/\/wp-content\/uploads\/2024\/05\/b8674309-2b54-43b5-ac4c-a2ef6623dac5-fotor-2024050916413.jpg 1079w\" sizes=\"(max-width: 696px) 100vw, 696px\" \/>\t\t\t\t\t\t\t\t\t\t\t\t\t\t\t<\/div>\n\t\t\t\t<\/div>\n\t\t\t\t\t<\/div>\n\t\t<\/div>\n\t\t\t\t\t<\/div>\n\t\t<\/section>\n\t\t\t\t<section class=\"elementor-section elementor-top-section elementor-element elementor-element-5419e1c elementor-section-boxed elementor-section-height-default elementor-section-height-default\" data-id=\"5419e1c\" data-element_type=\"section\">\n\t\t\t\t\t\t<div class=\"elementor-container elementor-column-gap-default\">\n\t\t\t\t\t<div class=\"elementor-column elementor-col-100 elementor-top-column elementor-element elementor-element-45a7499\" data-id=\"45a7499\" data-element_type=\"column\">\n\t\t\t<div class=\"elementor-widget-wrap elementor-element-populated\">\n\t\t\t\t\t\t<div class=\"elementor-element elementor-element-c7915b1 elementor-widget elementor-widget-text-editor\" data-id=\"c7915b1\" data-element_type=\"widget\" data-widget_type=\"text-editor.default\">\n\t\t\t\t<div class=\"elementor-widget-container\">\n\t\t\t\t\t\t\t\t\t<p>A Pol\u00edcia Civil de Santa Catarina, por interm\u00e9dio da Delegacia de Repress\u00e3o \u00e0s Drogas (DRD\/DEIC) deflagrou opera\u00e7\u00e3o policial nesta quinta-feira (09) para o cumprimento de 14 mandados de pris\u00e3o preventiva e 49 mandados de busca e apreens\u00e3o nos estados de Santa Catarina (Florian\u00f3polis, S\u00e3o Jos\u00e9, Palho\u00e7a, Bigua\u00e7u e Balne\u00e1rio Cambori\u00fa), Paran\u00e1 (Curitiba, Maring\u00e1 e Campo Mour\u00e3o) e S\u00e3o Paulo (Capital).<\/p><p>A investiga\u00e7\u00e3o, iniciada em maio de 2022, teve como ponto de partida a remessa de drogas do estado do Paran\u00e1 para Santa Catarina, mais precisamente \u00e0 Praia da Pinheira, em Palho\u00e7a. Durante a investiga\u00e7\u00e3o, foram apreendidas quantidades significativas de maconha, haxixe, MDMA e uma arma de fogo, culminando na 1\u00aa fase da Opera\u00e7\u00e3o &#8220;Neighbor&#8221; em outubro de 2023, quando foi realizada a maior apreens\u00e3o de ecstasy do Brasil pelos policiais da Especializada &#8211; 465.000 (quatrocentos e sessenta e cinco mil) comprimidos de ecstasy.<\/p><p>A a\u00e7\u00e3o de hoje visou desarticular tr\u00eas associa\u00e7\u00f5es para o tr\u00e1fico de drogas identificadas durante as investiga\u00e7\u00f5es e atuantes em Santa Catarina.<\/p><p>A opera\u00e7\u00e3o contou o apoio de aproximadamente 200 policiais de demais unidades da Pol\u00edcia Civil de Santa Catarina (DEIC, DINT, GEAPO, COPC, DPGF e DPOL), dos DENARCs de Curitiba e de Maring\u00e1 da Pol\u00edcia Civil do Paran\u00e1, bem como da Delegacia de Capturas da Pol\u00edcia Civil de S\u00e3o Paulo.<\/p><div>\u00a0<\/div>\t\t\t\t\t\t\t\t<\/div>\n\t\t\t\t<\/div>\n\t\t\t\t\t<\/div>\n\t\t<\/div>\n\t\t\t\t\t<\/div>\n\t\t<\/section>\n\t\t\t\t<\/div>\n\t\t","protected":false},"excerpt":{"rendered":"<p>Delegacia de Repress\u00e3o \u00e0s Drogas da DEIC deflagra 2\u00aa fase da opera\u00e7\u00e3o &#8220;Neighbor&#8221; em repress\u00e3o ao tr\u00e1fico interestadual de drogas A Pol\u00edcia Civil de Santa Catarina, por interm\u00e9dio da Delegacia de Repress\u00e3o \u00e0s Drogas (DRD\/DEIC) deflagrou opera\u00e7\u00e3o policial nesta quinta-feira (09) para o cumprimento de 14 mandados de pris\u00e3o preventiva e 49 mandados de busca [&hellip;]<\/p>\n","protected":false},"author":5,"featured_media":19934,"comment_status":"closed","ping_status":"open","sticky":false,"template":"","format":"standard","meta":{"_monsterinsights_skip_tracking":false,"_monsterinsights_sitenote_active":false,"_monsterinsights_sitenote_note":"","_monsterinsights_sitenote_category":0,"footnotes":""},"categories":[1],"tags":[],"class_list":["post-19933","post","type-post","status-publish","format-standard","has-post-thumbnail","hentry","category-sem-categoria"],"_links":{"self":[{"href":"https:\/\/pc.sc.gov.br\/index.php?rest_route=\/wp\/v2\/posts\/19933","targetHints":{"allow":["GET"]}}],"collection":[{"href":"https:\/\/pc.sc.gov.br\/index.php?rest_route=\/wp\/v2\/posts"}],"about":[{"href":"https:\/\/pc.sc.gov.br\/index.php?rest_route=\/wp\/v2\/types\/post"}],"author":[{"embeddable":true,"href":"https:\/\/pc.sc.gov.br\/index.php?rest_route=\/wp\/v2\/users\/5"}],"replies":[{"embeddable":true,"href":"https:\/\/pc.sc.gov.br\/index.php?rest_route=%2Fwp%2Fv2%2Fcomments&post=19933"}],"version-history":[{"count":3,"href":"https:\/\/pc.sc.gov.br\/index.php?rest_route=\/wp\/v2\/posts\/19933\/revisions"}],"predecessor-version":[{"id":19937,"href":"https:\/\/pc.sc.gov.br\/index.php?rest_route=\/wp\/v2\/posts\/19933\/revisions\/19937"}],"wp:featuredmedia":[{"embeddable":true,"href":"https:\/\/pc.sc.gov.br\/index.php?rest_route=\/wp\/v2\/media\/19934"}],"wp:attachment":[{"href":"https:\/\/pc.sc.gov.br\/index.php?rest_route=%2Fwp%2Fv2%2Fmedia&parent=19933"}],"wp:term":[{"taxonomy":"category","embeddable":true,"href":"https:\/\/pc.sc.gov.br\/index.php?rest_route=%2Fwp%2Fv2%2Fcategories&post=19933"},{"taxonomy":"post_tag","embeddable":true,"href":"https:\/\/pc.sc.gov.br\/index.php?rest_route=%2Fwp%2Fv2%2Ftags&post=19933"}],"curies":[{"name":"wp","href":"https:\/\/api.w.org\/{rel}","templated":true}]}}