{"id":19944,"date":"2024-05-09T17:34:24","date_gmt":"2024-05-09T20:34:24","guid":{"rendered":"https:\/\/pc.sc.gov.br\/?p=19944"},"modified":"2024-05-09T17:37:15","modified_gmt":"2024-05-09T20:37:15","slug":"policia-civil-monitora-e-realiza-prisao-de-homem-foragido-do-rs-e-condenado-por-roubo-associacao-criminosa-e-receptacao","status":"publish","type":"post","link":"https:\/\/pc.sc.gov.br\/?p=19944","title":{"rendered":"Pol\u00edcia Civil monitora e realiza pris\u00e3o de homem foragido do RS e condenado por roubo, associa\u00e7\u00e3o criminosa e recepta\u00e7\u00e3o"},"content":{"rendered":"\t\t<div data-elementor-type=\"wp-post\" data-elementor-id=\"19944\" class=\"elementor elementor-19944\" data-elementor-post-type=\"post\">\n\t\t\t\t\t\t<section class=\"elementor-section elementor-top-section elementor-element elementor-element-707dd0a elementor-section-boxed elementor-section-height-default elementor-section-height-default\" data-id=\"707dd0a\" data-element_type=\"section\">\n\t\t\t\t\t\t<div class=\"elementor-container elementor-column-gap-default\">\n\t\t\t\t\t<div class=\"elementor-column elementor-col-100 elementor-top-column elementor-element elementor-element-d425cb8\" data-id=\"d425cb8\" data-element_type=\"column\">\n\t\t\t<div class=\"elementor-widget-wrap elementor-element-populated\">\n\t\t\t\t\t\t<div class=\"elementor-element elementor-element-814f6ed elementor-widget elementor-widget-heading\" data-id=\"814f6ed\" data-element_type=\"widget\" data-widget_type=\"heading.default\">\n\t\t\t\t<div class=\"elementor-widget-container\">\n\t\t\t\t\t<h2 class=\"elementor-heading-title elementor-size-default\">Pol\u00edcia Civil monitora e realiza pris\u00e3o de homem foragido do RS e condenado por roubo, associa\u00e7\u00e3o criminosa e recepta\u00e7\u00e3o<\/h2>\t\t\t\t<\/div>\n\t\t\t\t<\/div>\n\t\t\t\t\t<\/div>\n\t\t<\/div>\n\t\t\t\t\t<\/div>\n\t\t<\/section>\n\t\t\t\t<section class=\"elementor-section elementor-top-section elementor-element elementor-element-1403a96 elementor-section-boxed elementor-section-height-default elementor-section-height-default\" data-id=\"1403a96\" data-element_type=\"section\">\n\t\t\t\t\t\t<div class=\"elementor-container elementor-column-gap-default\">\n\t\t\t\t\t<div class=\"elementor-column elementor-col-100 elementor-top-column elementor-element elementor-element-55bc62c\" data-id=\"55bc62c\" data-element_type=\"column\">\n\t\t\t<div class=\"elementor-widget-wrap elementor-element-populated\">\n\t\t\t\t\t\t<div class=\"elementor-element elementor-element-0d844f6 elementor-widget elementor-widget-image\" data-id=\"0d844f6\" data-element_type=\"widget\" data-widget_type=\"image.default\">\n\t\t\t\t<div class=\"elementor-widget-container\">\n\t\t\t\t\t\t\t\t\t\t\t\t\t\t\t<img fetchpriority=\"high\" decoding=\"async\" width=\"696\" height=\"374\" src=\"https:\/\/pc.sc.gov.br\/\/wp-content\/uploads\/2024\/05\/WhatsApp-Image-2024-05-09-at-17.24.41-1024x550.jpeg\" class=\"attachment-large size-large wp-image-19945\" alt=\"\" srcset=\"https:\/\/pc.sc.gov.br\/\/wp-content\/uploads\/2024\/05\/WhatsApp-Image-2024-05-09-at-17.24.41-1024x550.jpeg 1024w, https:\/\/pc.sc.gov.br\/\/wp-content\/uploads\/2024\/05\/WhatsApp-Image-2024-05-09-at-17.24.41-300x161.jpeg 300w, https:\/\/pc.sc.gov.br\/\/wp-content\/uploads\/2024\/05\/WhatsApp-Image-2024-05-09-at-17.24.41-768x412.jpeg 768w, https:\/\/pc.sc.gov.br\/\/wp-content\/uploads\/2024\/05\/WhatsApp-Image-2024-05-09-at-17.24.41-1536x825.jpeg 1536w, https:\/\/pc.sc.gov.br\/\/wp-content\/uploads\/2024\/05\/WhatsApp-Image-2024-05-09-at-17.24.41.jpeg 1600w\" sizes=\"(max-width: 696px) 100vw, 696px\" \/>\t\t\t\t\t\t\t\t\t\t\t\t\t\t\t<\/div>\n\t\t\t\t<\/div>\n\t\t\t\t\t<\/div>\n\t\t<\/div>\n\t\t\t\t\t<\/div>\n\t\t<\/section>\n\t\t\t\t<section class=\"elementor-section elementor-top-section elementor-element elementor-element-da29954 elementor-section-boxed elementor-section-height-default elementor-section-height-default\" data-id=\"da29954\" data-element_type=\"section\">\n\t\t\t\t\t\t<div class=\"elementor-container elementor-column-gap-default\">\n\t\t\t\t\t<div class=\"elementor-column elementor-col-100 elementor-top-column elementor-element elementor-element-6eecfe8\" data-id=\"6eecfe8\" data-element_type=\"column\">\n\t\t\t<div class=\"elementor-widget-wrap elementor-element-populated\">\n\t\t\t\t\t\t<div class=\"elementor-element elementor-element-e7c25de elementor-widget elementor-widget-text-editor\" data-id=\"e7c25de\" data-element_type=\"widget\" data-widget_type=\"text-editor.default\">\n\t\t\t\t<div class=\"elementor-widget-container\">\n\t\t\t\t\t\t\t\t\t<p>A Divis\u00e3o de Investiga\u00e7\u00e3o Criminal de Crici\u00fama (DIC), da Pol\u00edcia Civil de Santa Catarina, ap\u00f3s interc\u00e2mbio de informa\u00e7\u00f5es de intelig\u00eancia entre for\u00e7as de seguran\u00e7a p\u00fablica, localizou e capturou um homem, sentenciado por crime de roubo majorado, associa\u00e7\u00e3o criminosa e recepta\u00e7\u00e3o.\u00a0<\/p><p>A a\u00e7\u00e3o policial dos investigadores na tarde desta quinta-feira (9), no bairro Vila Floresta, em Crici\u00fama. O efetivo da Delegacia de Pol\u00edcia da Comarca de I\u00e7ara atuou em conjunto com a DIC. A condena\u00e7\u00e3o teve origem em Canoas (RS) e o mandado de pris\u00e3o foi expedido pela 4\u00aa Vara Criminal. O custodiado foi encaminhado ao Sistema Prisional Catarinense.<\/p>\t\t\t\t\t\t\t\t<\/div>\n\t\t\t\t<\/div>\n\t\t\t\t\t<\/div>\n\t\t<\/div>\n\t\t\t\t\t<\/div>\n\t\t<\/section>\n\t\t\t\t<section class=\"elementor-section elementor-top-section elementor-element elementor-element-03597ad elementor-section-boxed elementor-section-height-default elementor-section-height-default\" data-id=\"03597ad\" data-element_type=\"section\">\n\t\t\t\t\t\t<div class=\"elementor-container elementor-column-gap-default\">\n\t\t\t\t\t<div class=\"elementor-column elementor-col-100 elementor-top-column elementor-element elementor-element-e8525fa\" data-id=\"e8525fa\" data-element_type=\"column\">\n\t\t\t<div class=\"elementor-widget-wrap elementor-element-populated\">\n\t\t\t\t\t\t<div class=\"elementor-element elementor-element-230b2ab elementor-widget elementor-widget-video\" data-id=\"230b2ab\" data-element_type=\"widget\" data-settings=\"{&quot;video_type&quot;:&quot;hosted&quot;,&quot;controls&quot;:&quot;yes&quot;}\" data-widget_type=\"video.default\">\n\t\t\t\t<div class=\"elementor-widget-container\">\n\t\t\t\t\t\t\t<div class=\"e-hosted-video elementor-wrapper elementor-open-inline\">\n\t\t\t\t\t<video class=\"elementor-video\" src=\"https:\/\/pc.sc.gov.br\/wp-content\/uploads\/2024\/05\/WhatsApp-Video-2024-05-09-at-17.24.41.mp4\" controls=\"\" preload=\"metadata\"><\/video>\n\t\t\t\t<\/div>\n\t\t\t\t\t\t<\/div>\n\t\t\t\t<\/div>\n\t\t\t\t\t<\/div>\n\t\t<\/div>\n\t\t\t\t\t<\/div>\n\t\t<\/section>\n\t\t\t\t<\/div>\n\t\t","protected":false},"excerpt":{"rendered":"<p>Pol\u00edcia Civil monitora e realiza pris\u00e3o de homem foragido do RS e condenado por roubo, associa\u00e7\u00e3o criminosa e recepta\u00e7\u00e3o A Divis\u00e3o de Investiga\u00e7\u00e3o Criminal de Crici\u00fama (DIC), da Pol\u00edcia Civil de Santa Catarina, ap\u00f3s interc\u00e2mbio de informa\u00e7\u00f5es de intelig\u00eancia entre for\u00e7as de seguran\u00e7a p\u00fablica, localizou e capturou um homem, sentenciado por crime de roubo majorado, [&hellip;]<\/p>\n","protected":false},"author":5,"featured_media":19945,"comment_status":"closed","ping_status":"open","sticky":false,"template":"","format":"standard","meta":{"_monsterinsights_skip_tracking":false,"_monsterinsights_sitenote_active":false,"_monsterinsights_sitenote_note":"","_monsterinsights_sitenote_category":0,"footnotes":""},"categories":[1],"tags":[],"class_list":["post-19944","post","type-post","status-publish","format-standard","has-post-thumbnail","hentry","category-sem-categoria"],"_links":{"self":[{"href":"https:\/\/pc.sc.gov.br\/index.php?rest_route=\/wp\/v2\/posts\/19944","targetHints":{"allow":["GET"]}}],"collection":[{"href":"https:\/\/pc.sc.gov.br\/index.php?rest_route=\/wp\/v2\/posts"}],"about":[{"href":"https:\/\/pc.sc.gov.br\/index.php?rest_route=\/wp\/v2\/types\/post"}],"author":[{"embeddable":true,"href":"https:\/\/pc.sc.gov.br\/index.php?rest_route=\/wp\/v2\/users\/5"}],"replies":[{"embeddable":true,"href":"https:\/\/pc.sc.gov.br\/index.php?rest_route=%2Fwp%2Fv2%2Fcomments&post=19944"}],"version-history":[{"count":6,"href":"https:\/\/pc.sc.gov.br\/index.php?rest_route=\/wp\/v2\/posts\/19944\/revisions"}],"predecessor-version":[{"id":19955,"href":"https:\/\/pc.sc.gov.br\/index.php?rest_route=\/wp\/v2\/posts\/19944\/revisions\/19955"}],"wp:featuredmedia":[{"embeddable":true,"href":"https:\/\/pc.sc.gov.br\/index.php?rest_route=\/wp\/v2\/media\/19945"}],"wp:attachment":[{"href":"https:\/\/pc.sc.gov.br\/index.php?rest_route=%2Fwp%2Fv2%2Fmedia&parent=19944"}],"wp:term":[{"taxonomy":"category","embeddable":true,"href":"https:\/\/pc.sc.gov.br\/index.php?rest_route=%2Fwp%2Fv2%2Fcategories&post=19944"},{"taxonomy":"post_tag","embeddable":true,"href":"https:\/\/pc.sc.gov.br\/index.php?rest_route=%2Fwp%2Fv2%2Ftags&post=19944"}],"curies":[{"name":"wp","href":"https:\/\/api.w.org\/{rel}","templated":true}]}}