{"id":19949,"date":"2024-05-09T17:36:16","date_gmt":"2024-05-09T20:36:16","guid":{"rendered":"https:\/\/pc.sc.gov.br\/?p=19949"},"modified":"2024-05-09T17:36:58","modified_gmt":"2024-05-09T20:36:58","slug":"acao-conjunta-apreende-17-tonelada-de-maconha-em-caminhao-e-motorista-e-preso-em-flagrante","status":"publish","type":"post","link":"https:\/\/pc.sc.gov.br\/?p=19949","title":{"rendered":"A\u00e7\u00e3o conjunta apreende 1,7 tonelada de maconha em caminh\u00e3o e motorista \u00e9 preso em flagrante"},"content":{"rendered":"\t\t<div data-elementor-type=\"wp-post\" data-elementor-id=\"19949\" class=\"elementor elementor-19949\" data-elementor-post-type=\"post\">\n\t\t\t\t\t\t<section class=\"elementor-section elementor-top-section elementor-element elementor-element-8fac794 elementor-section-boxed elementor-section-height-default elementor-section-height-default\" data-id=\"8fac794\" data-element_type=\"section\">\n\t\t\t\t\t\t<div class=\"elementor-container elementor-column-gap-default\">\n\t\t\t\t\t<div class=\"elementor-column elementor-col-100 elementor-top-column elementor-element elementor-element-e7ca19f\" data-id=\"e7ca19f\" data-element_type=\"column\">\n\t\t\t<div class=\"elementor-widget-wrap elementor-element-populated\">\n\t\t\t\t\t\t<div class=\"elementor-element elementor-element-c7f0bc2 elementor-widget elementor-widget-heading\" data-id=\"c7f0bc2\" data-element_type=\"widget\" data-widget_type=\"heading.default\">\n\t\t\t\t<div class=\"elementor-widget-container\">\n\t\t\t\t\t<h2 class=\"elementor-heading-title elementor-size-default\">A\u00e7\u00e3o conjunta apreende 1,7 tonelada de maconha em caminh\u00e3o e motorista \u00e9 preso em flagrante <\/h2>\t\t\t\t<\/div>\n\t\t\t\t<\/div>\n\t\t\t\t\t<\/div>\n\t\t<\/div>\n\t\t\t\t\t<\/div>\n\t\t<\/section>\n\t\t\t\t<section class=\"elementor-section elementor-top-section elementor-element elementor-element-5f0325b elementor-section-boxed elementor-section-height-default elementor-section-height-default\" data-id=\"5f0325b\" data-element_type=\"section\">\n\t\t\t\t\t\t<div class=\"elementor-container elementor-column-gap-default\">\n\t\t\t\t\t<div class=\"elementor-column elementor-col-100 elementor-top-column elementor-element elementor-element-2158b27\" data-id=\"2158b27\" data-element_type=\"column\">\n\t\t\t<div class=\"elementor-widget-wrap elementor-element-populated\">\n\t\t\t\t\t\t<div class=\"elementor-element elementor-element-c869939 elementor-widget elementor-widget-image\" data-id=\"c869939\" data-element_type=\"widget\" data-widget_type=\"image.default\">\n\t\t\t\t<div class=\"elementor-widget-container\">\n\t\t\t\t\t\t\t\t\t\t\t\t\t\t\t<img fetchpriority=\"high\" decoding=\"async\" width=\"696\" height=\"522\" src=\"https:\/\/pc.sc.gov.br\/\/wp-content\/uploads\/2024\/05\/WhatsApp-Image-2024-05-09-at-17.29.33-1024x768.jpeg\" class=\"attachment-large size-large wp-image-19950\" alt=\"\" srcset=\"https:\/\/pc.sc.gov.br\/\/wp-content\/uploads\/2024\/05\/WhatsApp-Image-2024-05-09-at-17.29.33-1024x768.jpeg 1024w, https:\/\/pc.sc.gov.br\/\/wp-content\/uploads\/2024\/05\/WhatsApp-Image-2024-05-09-at-17.29.33-300x225.jpeg 300w, https:\/\/pc.sc.gov.br\/\/wp-content\/uploads\/2024\/05\/WhatsApp-Image-2024-05-09-at-17.29.33-768x576.jpeg 768w, https:\/\/pc.sc.gov.br\/\/wp-content\/uploads\/2024\/05\/WhatsApp-Image-2024-05-09-at-17.29.33-1536x1152.jpeg 1536w, https:\/\/pc.sc.gov.br\/\/wp-content\/uploads\/2024\/05\/WhatsApp-Image-2024-05-09-at-17.29.33.jpeg 1600w\" sizes=\"(max-width: 696px) 100vw, 696px\" \/>\t\t\t\t\t\t\t\t\t\t\t\t\t\t\t<\/div>\n\t\t\t\t<\/div>\n\t\t\t\t\t<\/div>\n\t\t<\/div>\n\t\t\t\t\t<\/div>\n\t\t<\/section>\n\t\t\t\t<section class=\"elementor-section elementor-top-section elementor-element elementor-element-968020e elementor-section-boxed elementor-section-height-default elementor-section-height-default\" data-id=\"968020e\" data-element_type=\"section\">\n\t\t\t\t\t\t<div class=\"elementor-container elementor-column-gap-default\">\n\t\t\t\t\t<div class=\"elementor-column elementor-col-100 elementor-top-column elementor-element elementor-element-1d143fe\" data-id=\"1d143fe\" data-element_type=\"column\">\n\t\t\t<div class=\"elementor-widget-wrap elementor-element-populated\">\n\t\t\t\t\t\t<div class=\"elementor-element elementor-element-d1f3d21 elementor-widget elementor-widget-text-editor\" data-id=\"d1f3d21\" data-element_type=\"widget\" data-widget_type=\"text-editor.default\">\n\t\t\t\t<div class=\"elementor-widget-container\">\n\t\t\t\t\t\t\t\t\t<p>Na madrugada de hoje (9\/5), uma opera\u00e7\u00e3o desencadeada pelas Pol\u00edcias Civis dos Estados de Santa Catarina e do Paran\u00e1, bem como pela Pol\u00edcia Rodovi\u00e1ria Federal, resultou na localiza\u00e7\u00e3o e apreens\u00e3o de aproximadamente 1,7 tonelada de maconha que estavam sendo transportadas em um caminh\u00e3o, no qual o motorista foi preso em flagrante.<\/p><p>No momento da apreens\u00e3o, o ve\u00edculo estava estacionado para pernoite em um posto de combust\u00edveis em Francisco Beltr\u00e3o\/PR, e as circunst\u00e2ncias indicavam que o ve\u00edculo viajava do estado do Paran\u00e1 com destino ao Rio Grande do Sul.<\/p><p>A opera\u00e7\u00e3o, coordenada pelo DENARC de Cascavel\/PR, foi deflagrada atrav\u00e9s das Divis\u00f5es de Investiga\u00e7\u00e3o Criminal da Fronteira (DIC-Fron) de S\u00e3o Louren\u00e7o do Oeste e Chapec\u00f3 e dos N\u00facleos de Opera\u00e7\u00f5es com C\u00e3es (NOCs) de S\u00e3o Louren\u00e7o do Oeste e Xanxer\u00ea, al\u00e9m da Pol\u00edcia Rodovi\u00e1ria Federal, e N\u00facleo de Opera\u00e7\u00f5es com C\u00e3es e DENARC de Pato Branco. O preso foi conduzido para o DENARC de Pato Branco, para os procedimentos de praxe.<\/p><p>Estima-se que a carga de maconha tenha custado cerca de 700 mil reais ao crime, e poderia conferir lucro estimado entre 3 e 5 milh\u00f5es de reais, o que enfatiza a import\u00e2ncia da apreens\u00e3o ocorrida nesta data, revelando-se em um forte golpe financeiro contra o tr\u00e1fico de drogas.<\/p>\t\t\t\t\t\t\t\t<\/div>\n\t\t\t\t<\/div>\n\t\t\t\t\t<\/div>\n\t\t<\/div>\n\t\t\t\t\t<\/div>\n\t\t<\/section>\n\t\t\t\t<\/div>\n\t\t","protected":false},"excerpt":{"rendered":"<p>A\u00e7\u00e3o conjunta apreende 1,7 tonelada de maconha em caminh\u00e3o e motorista \u00e9 preso em flagrante Na madrugada de hoje (9\/5), uma opera\u00e7\u00e3o desencadeada pelas Pol\u00edcias Civis dos Estados de Santa Catarina e do Paran\u00e1, bem como pela Pol\u00edcia Rodovi\u00e1ria Federal, resultou na localiza\u00e7\u00e3o e apreens\u00e3o de aproximadamente 1,7 tonelada de maconha que estavam sendo transportadas [&hellip;]<\/p>\n","protected":false},"author":5,"featured_media":19950,"comment_status":"closed","ping_status":"open","sticky":false,"template":"","format":"standard","meta":{"_monsterinsights_skip_tracking":false,"_monsterinsights_sitenote_active":false,"_monsterinsights_sitenote_note":"","_monsterinsights_sitenote_category":0,"footnotes":""},"categories":[1],"tags":[],"class_list":["post-19949","post","type-post","status-publish","format-standard","has-post-thumbnail","hentry","category-sem-categoria"],"_links":{"self":[{"href":"https:\/\/pc.sc.gov.br\/index.php?rest_route=\/wp\/v2\/posts\/19949","targetHints":{"allow":["GET"]}}],"collection":[{"href":"https:\/\/pc.sc.gov.br\/index.php?rest_route=\/wp\/v2\/posts"}],"about":[{"href":"https:\/\/pc.sc.gov.br\/index.php?rest_route=\/wp\/v2\/types\/post"}],"author":[{"embeddable":true,"href":"https:\/\/pc.sc.gov.br\/index.php?rest_route=\/wp\/v2\/users\/5"}],"replies":[{"embeddable":true,"href":"https:\/\/pc.sc.gov.br\/index.php?rest_route=%2Fwp%2Fv2%2Fcomments&post=19949"}],"version-history":[{"count":4,"href":"https:\/\/pc.sc.gov.br\/index.php?rest_route=\/wp\/v2\/posts\/19949\/revisions"}],"predecessor-version":[{"id":19958,"href":"https:\/\/pc.sc.gov.br\/index.php?rest_route=\/wp\/v2\/posts\/19949\/revisions\/19958"}],"wp:featuredmedia":[{"embeddable":true,"href":"https:\/\/pc.sc.gov.br\/index.php?rest_route=\/wp\/v2\/media\/19950"}],"wp:attachment":[{"href":"https:\/\/pc.sc.gov.br\/index.php?rest_route=%2Fwp%2Fv2%2Fmedia&parent=19949"}],"wp:term":[{"taxonomy":"category","embeddable":true,"href":"https:\/\/pc.sc.gov.br\/index.php?rest_route=%2Fwp%2Fv2%2Fcategories&post=19949"},{"taxonomy":"post_tag","embeddable":true,"href":"https:\/\/pc.sc.gov.br\/index.php?rest_route=%2Fwp%2Fv2%2Ftags&post=19949"}],"curies":[{"name":"wp","href":"https:\/\/api.w.org\/{rel}","templated":true}]}}