{"id":19959,"date":"2024-05-09T18:36:31","date_gmt":"2024-05-09T21:36:31","guid":{"rendered":"https:\/\/pc.sc.gov.br\/?p=19959"},"modified":"2024-05-09T18:37:27","modified_gmt":"2024-05-09T21:37:27","slug":"em-imbituba-policia-civil-prende-traficante-de-skunk-em-flagrante","status":"publish","type":"post","link":"https:\/\/pc.sc.gov.br\/?p=19959","title":{"rendered":"Em imbituba, Pol\u00edcia Civil prende traficante de skunk em flagrante"},"content":{"rendered":"\t\t<div data-elementor-type=\"wp-post\" data-elementor-id=\"19959\" class=\"elementor elementor-19959\" data-elementor-post-type=\"post\">\n\t\t\t\t\t\t<section class=\"elementor-section elementor-top-section elementor-element elementor-element-f9610d4 elementor-section-boxed elementor-section-height-default elementor-section-height-default\" data-id=\"f9610d4\" data-element_type=\"section\">\n\t\t\t\t\t\t<div class=\"elementor-container elementor-column-gap-default\">\n\t\t\t\t\t<div class=\"elementor-column elementor-col-100 elementor-top-column elementor-element elementor-element-26bf770\" data-id=\"26bf770\" data-element_type=\"column\">\n\t\t\t<div class=\"elementor-widget-wrap elementor-element-populated\">\n\t\t\t\t\t\t<div class=\"elementor-element elementor-element-ef33ce7 elementor-widget elementor-widget-heading\" data-id=\"ef33ce7\" data-element_type=\"widget\" data-widget_type=\"heading.default\">\n\t\t\t\t<div class=\"elementor-widget-container\">\n\t\t\t\t\t<h2 class=\"elementor-heading-title elementor-size-default\">Em imbituba, Pol\u00edcia Civil prende traficante de skunk em flagrante <\/h2>\t\t\t\t<\/div>\n\t\t\t\t<\/div>\n\t\t\t\t\t<\/div>\n\t\t<\/div>\n\t\t\t\t\t<\/div>\n\t\t<\/section>\n\t\t\t\t<section class=\"elementor-section elementor-top-section elementor-element elementor-element-3f0813b elementor-section-boxed elementor-section-height-default elementor-section-height-default\" data-id=\"3f0813b\" data-element_type=\"section\">\n\t\t\t\t\t\t<div class=\"elementor-container elementor-column-gap-default\">\n\t\t\t\t\t<div class=\"elementor-column elementor-col-100 elementor-top-column elementor-element elementor-element-d9c69be\" data-id=\"d9c69be\" data-element_type=\"column\">\n\t\t\t<div class=\"elementor-widget-wrap elementor-element-populated\">\n\t\t\t\t\t\t<div class=\"elementor-element elementor-element-dd376ee elementor-widget elementor-widget-image\" data-id=\"dd376ee\" data-element_type=\"widget\" data-widget_type=\"image.default\">\n\t\t\t\t<div class=\"elementor-widget-container\">\n\t\t\t\t\t\t\t\t\t\t\t\t\t\t\t<img fetchpriority=\"high\" decoding=\"async\" width=\"696\" height=\"392\" src=\"https:\/\/pc.sc.gov.br\/\/wp-content\/uploads\/2024\/05\/WhatsApp-Image-2024-05-09-at-18.22.23-1024x576.jpeg\" class=\"attachment-large size-large wp-image-19960\" alt=\"\" srcset=\"https:\/\/pc.sc.gov.br\/\/wp-content\/uploads\/2024\/05\/WhatsApp-Image-2024-05-09-at-18.22.23-1024x576.jpeg 1024w, https:\/\/pc.sc.gov.br\/\/wp-content\/uploads\/2024\/05\/WhatsApp-Image-2024-05-09-at-18.22.23-300x169.jpeg 300w, https:\/\/pc.sc.gov.br\/\/wp-content\/uploads\/2024\/05\/WhatsApp-Image-2024-05-09-at-18.22.23-768x432.jpeg 768w, https:\/\/pc.sc.gov.br\/\/wp-content\/uploads\/2024\/05\/WhatsApp-Image-2024-05-09-at-18.22.23.jpeg 1280w\" sizes=\"(max-width: 696px) 100vw, 696px\" \/>\t\t\t\t\t\t\t\t\t\t\t\t\t\t\t<\/div>\n\t\t\t\t<\/div>\n\t\t\t\t\t<\/div>\n\t\t<\/div>\n\t\t\t\t\t<\/div>\n\t\t<\/section>\n\t\t\t\t<section class=\"elementor-section elementor-top-section elementor-element elementor-element-be67d58 elementor-section-boxed elementor-section-height-default elementor-section-height-default\" data-id=\"be67d58\" data-element_type=\"section\">\n\t\t\t\t\t\t<div class=\"elementor-container elementor-column-gap-default\">\n\t\t\t\t\t<div class=\"elementor-column elementor-col-100 elementor-top-column elementor-element elementor-element-dfc53fc\" data-id=\"dfc53fc\" data-element_type=\"column\">\n\t\t\t<div class=\"elementor-widget-wrap elementor-element-populated\">\n\t\t\t\t\t\t<div class=\"elementor-element elementor-element-19a4490 elementor-widget elementor-widget-text-editor\" data-id=\"19a4490\" data-element_type=\"widget\" data-widget_type=\"text-editor.default\">\n\t\t\t\t<div class=\"elementor-widget-container\">\n\t\t\t\t\t\t\t\t\t<p>A Pol\u00edcia Civil de Santa Catarina, por interm\u00e9dio da Delegacia de Pol\u00edcia de Imbituba, nesta quinta-feira (09) deu cumprimento a mandado de busca e apreens\u00e3o em resid\u00eancia situada na localidade da Ibiraquera e realizou a pris\u00e3o em flagrante de um homem pelo crime de tr\u00e1fico de drogas.<\/p><p>As investiga\u00e7\u00f5es iniciaram ap\u00f3s not\u00edcias recebidas de que o suspeito havia amea\u00e7ado uma pessoa, com arma de fogo, pela descoberta de seu envolvimento com o tr\u00e1fico de drogas. As informa\u00e7\u00f5es preliminares deram origem \u00e0 representa\u00e7\u00e3o efetuada pela PCSC para expedi\u00e7\u00e3o de mandado de busca e apreens\u00e3o domiciliar, a qual foi deferida pela Vara Criminal de Comarca de Imbituba, ap\u00f3s manifesta\u00e7\u00e3o favor\u00e1vel do Minist\u00e9rio P\u00fablico.<\/p><p>Na opera\u00e7\u00e3o de hoje (9), os policiais civis localizaram cerca de 169 gramas de subst\u00e2ncia semelhante a skunk, 21,7 gramas de subst\u00e2ncia semelhante a maconha, apetrechos utilizados para o fracionamento e envelopamento de droga, al\u00e9m de documentos indicando que o investigado havia sido preso no dia 26\/03\/2024, no Rio Grande do Sul transportando skunk e haxixe.<\/p><p>Ap\u00f3s os procedimentos legais, o investigado foi encaminhado ao Sistema Prisional Catarinense.\u00a0<\/p><div>\u00a0<\/div>\t\t\t\t\t\t\t\t<\/div>\n\t\t\t\t<\/div>\n\t\t\t\t\t<\/div>\n\t\t<\/div>\n\t\t\t\t\t<\/div>\n\t\t<\/section>\n\t\t\t\t<\/div>\n\t\t","protected":false},"excerpt":{"rendered":"<p>Em imbituba, Pol\u00edcia Civil prende traficante de skunk em flagrante A Pol\u00edcia Civil de Santa Catarina, por interm\u00e9dio da Delegacia de Pol\u00edcia de Imbituba, nesta quinta-feira (09) deu cumprimento a mandado de busca e apreens\u00e3o em resid\u00eancia situada na localidade da Ibiraquera e realizou a pris\u00e3o em flagrante de um homem pelo crime de tr\u00e1fico [&hellip;]<\/p>\n","protected":false},"author":5,"featured_media":19960,"comment_status":"closed","ping_status":"open","sticky":false,"template":"","format":"standard","meta":{"_monsterinsights_skip_tracking":false,"_monsterinsights_sitenote_active":false,"_monsterinsights_sitenote_note":"","_monsterinsights_sitenote_category":0,"footnotes":""},"categories":[1],"tags":[],"class_list":["post-19959","post","type-post","status-publish","format-standard","has-post-thumbnail","hentry","category-sem-categoria"],"_links":{"self":[{"href":"https:\/\/pc.sc.gov.br\/index.php?rest_route=\/wp\/v2\/posts\/19959","targetHints":{"allow":["GET"]}}],"collection":[{"href":"https:\/\/pc.sc.gov.br\/index.php?rest_route=\/wp\/v2\/posts"}],"about":[{"href":"https:\/\/pc.sc.gov.br\/index.php?rest_route=\/wp\/v2\/types\/post"}],"author":[{"embeddable":true,"href":"https:\/\/pc.sc.gov.br\/index.php?rest_route=\/wp\/v2\/users\/5"}],"replies":[{"embeddable":true,"href":"https:\/\/pc.sc.gov.br\/index.php?rest_route=%2Fwp%2Fv2%2Fcomments&post=19959"}],"version-history":[{"count":4,"href":"https:\/\/pc.sc.gov.br\/index.php?rest_route=\/wp\/v2\/posts\/19959\/revisions"}],"predecessor-version":[{"id":19964,"href":"https:\/\/pc.sc.gov.br\/index.php?rest_route=\/wp\/v2\/posts\/19959\/revisions\/19964"}],"wp:featuredmedia":[{"embeddable":true,"href":"https:\/\/pc.sc.gov.br\/index.php?rest_route=\/wp\/v2\/media\/19960"}],"wp:attachment":[{"href":"https:\/\/pc.sc.gov.br\/index.php?rest_route=%2Fwp%2Fv2%2Fmedia&parent=19959"}],"wp:term":[{"taxonomy":"category","embeddable":true,"href":"https:\/\/pc.sc.gov.br\/index.php?rest_route=%2Fwp%2Fv2%2Fcategories&post=19959"},{"taxonomy":"post_tag","embeddable":true,"href":"https:\/\/pc.sc.gov.br\/index.php?rest_route=%2Fwp%2Fv2%2Ftags&post=19959"}],"curies":[{"name":"wp","href":"https:\/\/api.w.org\/{rel}","templated":true}]}}