{"id":19965,"date":"2024-05-10T14:58:46","date_gmt":"2024-05-10T17:58:46","guid":{"rendered":"https:\/\/pc.sc.gov.br\/?p=19965"},"modified":"2024-05-10T15:31:21","modified_gmt":"2024-05-10T18:31:21","slug":"em-acao-conjunta-pcsc-e-pmsc-recupera-arsenal-furtado-de-clube-de-tiro-em-alfredo-wagner","status":"publish","type":"post","link":"https:\/\/pc.sc.gov.br\/?p=19965","title":{"rendered":"Em a\u00e7\u00e3o conjunta, PCSC e PMSC recuperam arsenal furtado de clube de tiro em Alfredo Wagner"},"content":{"rendered":"\t\t<div data-elementor-type=\"wp-post\" data-elementor-id=\"19965\" class=\"elementor elementor-19965\" data-elementor-post-type=\"post\">\n\t\t\t\t\t\t<section class=\"elementor-section elementor-top-section elementor-element elementor-element-80a4999 elementor-section-boxed elementor-section-height-default elementor-section-height-default\" data-id=\"80a4999\" data-element_type=\"section\">\n\t\t\t\t\t\t<div class=\"elementor-container elementor-column-gap-default\">\n\t\t\t\t\t<div class=\"elementor-column elementor-col-100 elementor-top-column elementor-element elementor-element-715dce2\" data-id=\"715dce2\" data-element_type=\"column\">\n\t\t\t<div class=\"elementor-widget-wrap elementor-element-populated\">\n\t\t\t\t\t\t<div class=\"elementor-element elementor-element-6f25f61 elementor-widget elementor-widget-heading\" data-id=\"6f25f61\" data-element_type=\"widget\" data-widget_type=\"heading.default\">\n\t\t\t\t<div class=\"elementor-widget-container\">\n\t\t\t\t\t<h2 class=\"elementor-heading-title elementor-size-default\">Em a\u00e7\u00e3o conjunta, PCSC e PMSC recuperam arsenal furtado de clube de tiro em Alfredo Wagner<\/h2>\t\t\t\t<\/div>\n\t\t\t\t<\/div>\n\t\t\t\t\t<\/div>\n\t\t<\/div>\n\t\t\t\t\t<\/div>\n\t\t<\/section>\n\t\t\t\t<section class=\"elementor-section elementor-top-section elementor-element elementor-element-cb2b11e elementor-section-boxed elementor-section-height-default elementor-section-height-default\" data-id=\"cb2b11e\" data-element_type=\"section\">\n\t\t\t\t\t\t<div class=\"elementor-container elementor-column-gap-default\">\n\t\t\t\t\t<div class=\"elementor-column elementor-col-100 elementor-top-column elementor-element elementor-element-3fccbf4\" data-id=\"3fccbf4\" data-element_type=\"column\">\n\t\t\t<div class=\"elementor-widget-wrap elementor-element-populated\">\n\t\t\t\t\t\t<div class=\"elementor-element elementor-element-0d6d12b elementor-widget elementor-widget-image\" data-id=\"0d6d12b\" data-element_type=\"widget\" data-widget_type=\"image.default\">\n\t\t\t\t<div class=\"elementor-widget-container\">\n\t\t\t\t\t\t\t\t\t\t\t\t\t\t\t<img fetchpriority=\"high\" decoding=\"async\" width=\"696\" height=\"392\" src=\"https:\/\/pc.sc.gov.br\/\/wp-content\/uploads\/2024\/05\/WhatsApp-Image-2024-05-10-at-09.06.34-1024x576.jpeg\" class=\"attachment-large size-large wp-image-19966\" alt=\"\" srcset=\"https:\/\/pc.sc.gov.br\/\/wp-content\/uploads\/2024\/05\/WhatsApp-Image-2024-05-10-at-09.06.34-1024x576.jpeg 1024w, https:\/\/pc.sc.gov.br\/\/wp-content\/uploads\/2024\/05\/WhatsApp-Image-2024-05-10-at-09.06.34-300x169.jpeg 300w, https:\/\/pc.sc.gov.br\/\/wp-content\/uploads\/2024\/05\/WhatsApp-Image-2024-05-10-at-09.06.34-768x432.jpeg 768w, https:\/\/pc.sc.gov.br\/\/wp-content\/uploads\/2024\/05\/WhatsApp-Image-2024-05-10-at-09.06.34-1536x864.jpeg 1536w, https:\/\/pc.sc.gov.br\/\/wp-content\/uploads\/2024\/05\/WhatsApp-Image-2024-05-10-at-09.06.34.jpeg 1600w\" sizes=\"(max-width: 696px) 100vw, 696px\" \/>\t\t\t\t\t\t\t\t\t\t\t\t\t\t\t<\/div>\n\t\t\t\t<\/div>\n\t\t\t\t\t<\/div>\n\t\t<\/div>\n\t\t\t\t\t<\/div>\n\t\t<\/section>\n\t\t\t\t<section class=\"elementor-section elementor-top-section elementor-element elementor-element-5ab0b0b elementor-section-boxed elementor-section-height-default elementor-section-height-default\" data-id=\"5ab0b0b\" data-element_type=\"section\">\n\t\t\t\t\t\t<div class=\"elementor-container elementor-column-gap-default\">\n\t\t\t\t\t<div class=\"elementor-column elementor-col-100 elementor-top-column elementor-element elementor-element-efce4ab\" data-id=\"efce4ab\" data-element_type=\"column\">\n\t\t\t<div class=\"elementor-widget-wrap elementor-element-populated\">\n\t\t\t\t\t\t<div class=\"elementor-element elementor-element-9a6675f elementor-widget elementor-widget-text-editor\" data-id=\"9a6675f\" data-element_type=\"widget\" data-widget_type=\"text-editor.default\">\n\t\t\t\t<div class=\"elementor-widget-container\">\n\t\t\t\t\t\t\t\t\t<p>A Pol\u00edcia Civil de Santa Catarina, por meio da Divis\u00e3o de Investiga\u00e7\u00e3o Criminal (DIC) de Lages, Delegacias de Pol\u00edcia de Bom Retiro e Alfredo Wagner, e com a participa\u00e7\u00e3o do 6\u00ba BPM de Lages da Policial Militar, deflagrou opera\u00e7\u00e3o policial no final da tarde de quinta-feira (9), para cumprir seis mandados de buscas residenciais.&nbsp;<span style=\"font-family: var( --e-global-typography-primary-font-family ), Sans-serif; font-size: var( --e-global-typography-primary-font-size ); font-weight: var( --e-global-typography-primary-font-weight ); letter-spacing: var( --e-global-typography-primary-letter-spacing );\">As buscas visavam recuperar arsenal de armas e muni\u00e7\u00f5es subtra\u00eddas na madrugada de 8\/5\/24, de um clube de tiro, localizado no munic\u00edpio de Alfredo Wagner.<\/span><\/p>\n<p>Nas resid\u00eancias dos investigados que foram realizadas as buscas foram apreendidas (recuperadas) aproximadamente 450 muni\u00e7\u00f5es de calibres diversos, todas subtra\u00eddas do clube de tiros, 1 pistola Glock, calibre 380, drogas, dinheiro em esp\u00e9cie, instrumentos utilizados para arrombamentos de cofres, r\u00e1dios comunicadores e diversos outros itens de interesse para investiga\u00e7\u00e3o.<\/p>\n<p>Foram presos em flagrante delito dois investigados integrantes do grupo criminoso respons\u00e1vel pelo arrombamento ao clube de tiros, pela pr\u00e1tica de crimes de furto qualificado, tr\u00e1fico de drogas, porte ilegal de arma e muni\u00e7\u00f5es de uso permitido e restrito, e outros delitos.&nbsp;<\/p>\n<p>Ap\u00f3s a realiza\u00e7\u00e3o da opera\u00e7\u00e3o policial e lavratura dos autos de pris\u00f5es em flagrante, os conduzidos foram encaminhados para o Pres\u00eddio de Lages. Importante destacar que o trabalho foi realizado de forma conjunta entre a Pol\u00edcia Civil e a Pol\u00edcia Militar, fortalecendo o trabalho em equipe das for\u00e7as de seguran\u00e7a de Santa Catarina.<span style=\"color: var( --e-global-color-text ); font-family: var( --e-global-typography-primary-font-family ), Sans-serif; font-size: var( --e-global-typography-primary-font-size ); font-weight: var( --e-global-typography-primary-font-weight ); letter-spacing: var( --e-global-typography-primary-letter-spacing );\">&nbsp;<\/span><\/p>\t\t\t\t\t\t\t\t<\/div>\n\t\t\t\t<\/div>\n\t\t\t\t\t<\/div>\n\t\t<\/div>\n\t\t\t\t\t<\/div>\n\t\t<\/section>\n\t\t\t\t<\/div>\n\t\t","protected":false},"excerpt":{"rendered":"<p>Em a\u00e7\u00e3o conjunta, PCSC e PMSC recuperam arsenal furtado de clube de tiro em Alfredo Wagner A Pol\u00edcia Civil de Santa Catarina, por meio da Divis\u00e3o de Investiga\u00e7\u00e3o Criminal (DIC) de Lages, Delegacias de Pol\u00edcia de Bom Retiro e Alfredo Wagner, e com a participa\u00e7\u00e3o do 6\u00ba BPM de Lages da Policial Militar, deflagrou opera\u00e7\u00e3o [&hellip;]<\/p>\n","protected":false},"author":5,"featured_media":19966,"comment_status":"closed","ping_status":"open","sticky":false,"template":"","format":"standard","meta":{"_monsterinsights_skip_tracking":false,"_monsterinsights_sitenote_active":false,"_monsterinsights_sitenote_note":"","_monsterinsights_sitenote_category":0,"footnotes":""},"categories":[1],"tags":[],"class_list":["post-19965","post","type-post","status-publish","format-standard","has-post-thumbnail","hentry","category-sem-categoria"],"_links":{"self":[{"href":"https:\/\/pc.sc.gov.br\/index.php?rest_route=\/wp\/v2\/posts\/19965","targetHints":{"allow":["GET"]}}],"collection":[{"href":"https:\/\/pc.sc.gov.br\/index.php?rest_route=\/wp\/v2\/posts"}],"about":[{"href":"https:\/\/pc.sc.gov.br\/index.php?rest_route=\/wp\/v2\/types\/post"}],"author":[{"embeddable":true,"href":"https:\/\/pc.sc.gov.br\/index.php?rest_route=\/wp\/v2\/users\/5"}],"replies":[{"embeddable":true,"href":"https:\/\/pc.sc.gov.br\/index.php?rest_route=%2Fwp%2Fv2%2Fcomments&post=19965"}],"version-history":[{"count":8,"href":"https:\/\/pc.sc.gov.br\/index.php?rest_route=\/wp\/v2\/posts\/19965\/revisions"}],"predecessor-version":[{"id":19984,"href":"https:\/\/pc.sc.gov.br\/index.php?rest_route=\/wp\/v2\/posts\/19965\/revisions\/19984"}],"wp:featuredmedia":[{"embeddable":true,"href":"https:\/\/pc.sc.gov.br\/index.php?rest_route=\/wp\/v2\/media\/19966"}],"wp:attachment":[{"href":"https:\/\/pc.sc.gov.br\/index.php?rest_route=%2Fwp%2Fv2%2Fmedia&parent=19965"}],"wp:term":[{"taxonomy":"category","embeddable":true,"href":"https:\/\/pc.sc.gov.br\/index.php?rest_route=%2Fwp%2Fv2%2Fcategories&post=19965"},{"taxonomy":"post_tag","embeddable":true,"href":"https:\/\/pc.sc.gov.br\/index.php?rest_route=%2Fwp%2Fv2%2Ftags&post=19965"}],"curies":[{"name":"wp","href":"https:\/\/api.w.org\/{rel}","templated":true}]}}