{"id":19985,"date":"2024-05-10T16:28:31","date_gmt":"2024-05-10T19:28:31","guid":{"rendered":"https:\/\/pc.sc.gov.br\/?p=19985"},"modified":"2024-05-10T16:30:44","modified_gmt":"2024-05-10T19:30:44","slug":"operacao-entre-a-dpmu-de-timbe-do-sul-e-dic-de-tubarao-resulta-na-prisao-de-golpista-que-atuava-na-regiao","status":"publish","type":"post","link":"https:\/\/pc.sc.gov.br\/?p=19985","title":{"rendered":"Opera\u00e7\u00e3o entre a DPMU de Timb\u00e9 do Sul e DIC de Tubar\u00e3o resulta na pris\u00e3o de golpista que atuava na regi\u00e3o"},"content":{"rendered":"\t\t<div data-elementor-type=\"wp-post\" data-elementor-id=\"19985\" class=\"elementor elementor-19985\" data-elementor-post-type=\"post\">\n\t\t\t\t\t\t<section class=\"elementor-section elementor-top-section elementor-element elementor-element-33e35c22 elementor-section-boxed elementor-section-height-default elementor-section-height-default\" data-id=\"33e35c22\" data-element_type=\"section\">\n\t\t\t\t\t\t<div class=\"elementor-container elementor-column-gap-default\">\n\t\t\t\t\t<div class=\"elementor-column elementor-col-100 elementor-top-column elementor-element elementor-element-60030db2\" data-id=\"60030db2\" data-element_type=\"column\">\n\t\t\t<div class=\"elementor-widget-wrap elementor-element-populated\">\n\t\t\t\t\t\t<div class=\"elementor-element elementor-element-35c02c8e elementor-widget elementor-widget-text-editor\" data-id=\"35c02c8e\" data-element_type=\"widget\" data-widget_type=\"text-editor.default\">\n\t\t\t\t<div class=\"elementor-widget-container\">\n\t\t\t\t\t\t\t\t\t\n<p><\/p>\n\n\n\n<p><\/p>\n\t\t\t\t\t\t\t\t<\/div>\n\t\t\t\t<\/div>\n\t\t\t\t\t<\/div>\n\t\t<\/div>\n\t\t\t\t\t<\/div>\n\t\t<\/section>\n\t\t\t\t<section class=\"elementor-section elementor-top-section elementor-element elementor-element-2a1158a elementor-section-boxed elementor-section-height-default elementor-section-height-default\" data-id=\"2a1158a\" data-element_type=\"section\">\n\t\t\t\t\t\t<div class=\"elementor-container elementor-column-gap-default\">\n\t\t\t\t\t<div class=\"elementor-column elementor-col-100 elementor-top-column elementor-element elementor-element-a0500f0\" data-id=\"a0500f0\" data-element_type=\"column\">\n\t\t\t<div class=\"elementor-widget-wrap elementor-element-populated\">\n\t\t\t\t\t\t<div class=\"elementor-element elementor-element-8162dfb elementor-widget elementor-widget-heading\" data-id=\"8162dfb\" data-element_type=\"widget\" data-widget_type=\"heading.default\">\n\t\t\t\t<div class=\"elementor-widget-container\">\n\t\t\t\t\t<h2 class=\"elementor-heading-title elementor-size-default\">Opera\u00e7\u00e3o entre DPMU de Timb\u00e9 do Sul e DIC de Tubar\u00e3o resulta na pris\u00e3o de golpista que atuava na regi\u00e3o<\/h2>\t\t\t\t<\/div>\n\t\t\t\t<\/div>\n\t\t\t\t\t<\/div>\n\t\t<\/div>\n\t\t\t\t\t<\/div>\n\t\t<\/section>\n\t\t\t\t<section class=\"elementor-section elementor-top-section elementor-element elementor-element-c057938 elementor-section-boxed elementor-section-height-default elementor-section-height-default\" data-id=\"c057938\" data-element_type=\"section\">\n\t\t\t\t\t\t<div class=\"elementor-container elementor-column-gap-default\">\n\t\t\t\t\t<div class=\"elementor-column elementor-col-100 elementor-top-column elementor-element elementor-element-1adb62b\" data-id=\"1adb62b\" data-element_type=\"column\">\n\t\t\t<div class=\"elementor-widget-wrap elementor-element-populated\">\n\t\t\t\t\t\t<div class=\"elementor-element elementor-element-711c1b2 elementor-widget elementor-widget-image\" data-id=\"711c1b2\" data-element_type=\"widget\" data-widget_type=\"image.default\">\n\t\t\t\t<div class=\"elementor-widget-container\">\n\t\t\t\t\t\t\t\t\t\t\t\t\t\t\t<img fetchpriority=\"high\" decoding=\"async\" width=\"696\" height=\"522\" src=\"https:\/\/pc.sc.gov.br\/\/wp-content\/uploads\/2024\/05\/WhatsApp-Image-2024-05-10-at-16.11.24.jpeg\" class=\"attachment-large size-large wp-image-19986\" alt=\"\" srcset=\"https:\/\/pc.sc.gov.br\/\/wp-content\/uploads\/2024\/05\/WhatsApp-Image-2024-05-10-at-16.11.24.jpeg 768w, https:\/\/pc.sc.gov.br\/\/wp-content\/uploads\/2024\/05\/WhatsApp-Image-2024-05-10-at-16.11.24-300x225.jpeg 300w\" sizes=\"(max-width: 696px) 100vw, 696px\" \/>\t\t\t\t\t\t\t\t\t\t\t\t\t\t\t<\/div>\n\t\t\t\t<\/div>\n\t\t\t\t\t<\/div>\n\t\t<\/div>\n\t\t\t\t\t<\/div>\n\t\t<\/section>\n\t\t\t\t<section class=\"elementor-section elementor-top-section elementor-element elementor-element-b0398eb elementor-section-boxed elementor-section-height-default elementor-section-height-default\" data-id=\"b0398eb\" data-element_type=\"section\">\n\t\t\t\t\t\t<div class=\"elementor-container elementor-column-gap-default\">\n\t\t\t\t\t<div class=\"elementor-column elementor-col-100 elementor-top-column elementor-element elementor-element-d6275c3\" data-id=\"d6275c3\" data-element_type=\"column\">\n\t\t\t<div class=\"elementor-widget-wrap elementor-element-populated\">\n\t\t\t\t\t\t<div class=\"elementor-element elementor-element-5937bdb elementor-widget elementor-widget-text-editor\" data-id=\"5937bdb\" data-element_type=\"widget\" data-widget_type=\"text-editor.default\">\n\t\t\t\t<div class=\"elementor-widget-container\">\n\t\t\t\t\t\t\t\t\t<p>Na tarde desta sexta-feira (10), ap\u00f3s pouco mais de uma semana do registro de golpes cometidos em Timb\u00e9 do Sul e em Tubar\u00e3o, a Pol\u00edcia Civil destas duas cidades desencadeou opera\u00e7\u00e3o para prender preventivamente o suspeito de aplicar os golpes e, mais que isso, ir at\u00e9 a resid\u00eancia da v\u00edtima coletar o resultado do crime.\u00a0<\/p>\n<p>A investiga\u00e7\u00e3o apurou que o criminoso ligava e aplicava o &#8220;golpe do falso sequestro&#8221;, em que a condi\u00e7\u00e3o para liberar os supostos ref\u00e9ns seria a entrega de dinheiro, joias e armas. O criminoso se deslocava at\u00e9 a casa da v\u00edtima para pegar os objetos deixados em locais marcados.<\/p>\n<p>Os fatos come\u00e7aram as ser apurados no momento em o primeiro boletim de ocorr\u00eancia foi registrado, em Timb\u00e9 do Sul, em que a v\u00edtima perdeu dinheiro e joias. No mesmo dia, o investigado preso hoje (10) tornou-se suspeito de golpe id\u00eantico em Tubar\u00e3o, em que saiu com armas de fogo da v\u00edtima.<\/p>\n<p>Em r\u00e1pida troca de informa\u00e7\u00f5es entre as duas equipes da Pol\u00edcia Civil foi representado pela pris\u00e3o preventiva do suspeito e por busca em sua resid\u00eancia.\u00a0 O mandado foi cumprido nesta sexta-feira (10) e mais provas foram analisadas na resid\u00eancia do suspeito.<\/p>\n<p>O homem est\u00e1 recolhido no sistema prisional e \u00e0 disposi\u00e7\u00e3o da justi\u00e7a. As investiga\u00e7\u00f5es ainda est\u00e3o em andamento para que o Inqu\u00e9rito Policial seja remetido no prazo adequado ao Poder Judici\u00e1rio.<\/p>\t\t\t\t\t\t\t\t<\/div>\n\t\t\t\t<\/div>\n\t\t\t\t\t<\/div>\n\t\t<\/div>\n\t\t\t\t\t<\/div>\n\t\t<\/section>\n\t\t\t\t<\/div>\n\t\t","protected":false},"excerpt":{"rendered":"<p>Opera\u00e7\u00e3o entre DPMU de Timb\u00e9 do Sul e DIC de Tubar\u00e3o resulta na pris\u00e3o de golpista que atuava na regi\u00e3o Na tarde desta sexta-feira (10), ap\u00f3s pouco mais de uma semana do registro de golpes cometidos em Timb\u00e9 do Sul e em Tubar\u00e3o, a Pol\u00edcia Civil destas duas cidades desencadeou opera\u00e7\u00e3o para prender preventivamente o [&hellip;]<\/p>\n","protected":false},"author":5,"featured_media":19986,"comment_status":"closed","ping_status":"open","sticky":false,"template":"","format":"standard","meta":{"_monsterinsights_skip_tracking":false,"_monsterinsights_sitenote_active":false,"_monsterinsights_sitenote_note":"","_monsterinsights_sitenote_category":0,"footnotes":""},"categories":[1],"tags":[],"class_list":["post-19985","post","type-post","status-publish","format-standard","has-post-thumbnail","hentry","category-sem-categoria"],"_links":{"self":[{"href":"https:\/\/pc.sc.gov.br\/index.php?rest_route=\/wp\/v2\/posts\/19985","targetHints":{"allow":["GET"]}}],"collection":[{"href":"https:\/\/pc.sc.gov.br\/index.php?rest_route=\/wp\/v2\/posts"}],"about":[{"href":"https:\/\/pc.sc.gov.br\/index.php?rest_route=\/wp\/v2\/types\/post"}],"author":[{"embeddable":true,"href":"https:\/\/pc.sc.gov.br\/index.php?rest_route=\/wp\/v2\/users\/5"}],"replies":[{"embeddable":true,"href":"https:\/\/pc.sc.gov.br\/index.php?rest_route=%2Fwp%2Fv2%2Fcomments&post=19985"}],"version-history":[{"count":3,"href":"https:\/\/pc.sc.gov.br\/index.php?rest_route=\/wp\/v2\/posts\/19985\/revisions"}],"predecessor-version":[{"id":19989,"href":"https:\/\/pc.sc.gov.br\/index.php?rest_route=\/wp\/v2\/posts\/19985\/revisions\/19989"}],"wp:featuredmedia":[{"embeddable":true,"href":"https:\/\/pc.sc.gov.br\/index.php?rest_route=\/wp\/v2\/media\/19986"}],"wp:attachment":[{"href":"https:\/\/pc.sc.gov.br\/index.php?rest_route=%2Fwp%2Fv2%2Fmedia&parent=19985"}],"wp:term":[{"taxonomy":"category","embeddable":true,"href":"https:\/\/pc.sc.gov.br\/index.php?rest_route=%2Fwp%2Fv2%2Fcategories&post=19985"},{"taxonomy":"post_tag","embeddable":true,"href":"https:\/\/pc.sc.gov.br\/index.php?rest_route=%2Fwp%2Fv2%2Ftags&post=19985"}],"curies":[{"name":"wp","href":"https:\/\/api.w.org\/{rel}","templated":true}]}}