{"id":19990,"date":"2024-05-10T17:38:39","date_gmt":"2024-05-10T20:38:39","guid":{"rendered":"https:\/\/pc.sc.gov.br\/?p=19990"},"modified":"2024-05-10T17:43:53","modified_gmt":"2024-05-10T20:43:53","slug":"em-solenidade-da-seguranca-publica-governador-anuncia-investimentos-e-e-homenageado-com-medalha-de-merito","status":"publish","type":"post","link":"https:\/\/pc.sc.gov.br\/?p=19990","title":{"rendered":"Em solenidade da Seguran\u00e7a P\u00fablica, governador anuncia investimentos e \u00e9 homenageado com Medalha de M\u00e9rito"},"content":{"rendered":"\t\t<div data-elementor-type=\"wp-post\" data-elementor-id=\"19990\" class=\"elementor elementor-19990\" data-elementor-post-type=\"post\">\n\t\t\t\t\t\t<section class=\"elementor-section elementor-top-section elementor-element elementor-element-f2f9552 elementor-section-boxed elementor-section-height-default elementor-section-height-default\" data-id=\"f2f9552\" data-element_type=\"section\">\n\t\t\t\t\t\t<div class=\"elementor-container elementor-column-gap-default\">\n\t\t\t\t\t<div class=\"elementor-column elementor-col-100 elementor-top-column elementor-element elementor-element-a047883\" data-id=\"a047883\" data-element_type=\"column\">\n\t\t\t<div class=\"elementor-widget-wrap elementor-element-populated\">\n\t\t\t\t\t\t<div class=\"elementor-element elementor-element-2a7b611 elementor-widget elementor-widget-heading\" data-id=\"2a7b611\" data-element_type=\"widget\" data-widget_type=\"heading.default\">\n\t\t\t\t<div class=\"elementor-widget-container\">\n\t\t\t\t\t<h2 class=\"elementor-heading-title elementor-size-default\">Em solenidade da Seguran\u00e7a P\u00fablica, governador anuncia investimentos e \u00e9 homenageado com Medalha de M\u00e9rito<\/h2>\t\t\t\t<\/div>\n\t\t\t\t<\/div>\n\t\t\t\t\t<\/div>\n\t\t<\/div>\n\t\t\t\t\t<\/div>\n\t\t<\/section>\n\t\t\t\t<section class=\"elementor-section elementor-top-section elementor-element elementor-element-efacd40 elementor-section-boxed elementor-section-height-default elementor-section-height-default\" data-id=\"efacd40\" data-element_type=\"section\">\n\t\t\t\t\t\t<div class=\"elementor-container elementor-column-gap-default\">\n\t\t\t\t\t<div class=\"elementor-column elementor-col-100 elementor-top-column elementor-element elementor-element-d1bdb5f\" data-id=\"d1bdb5f\" data-element_type=\"column\">\n\t\t\t<div class=\"elementor-widget-wrap elementor-element-populated\">\n\t\t\t\t\t\t<div class=\"elementor-element elementor-element-611141b elementor-widget elementor-widget-image\" data-id=\"611141b\" data-element_type=\"widget\" data-widget_type=\"image.default\">\n\t\t\t\t<div class=\"elementor-widget-container\">\n\t\t\t\t\t\t\t\t\t\t\t\t\t\t\t<img fetchpriority=\"high\" decoding=\"async\" width=\"696\" height=\"464\" src=\"https:\/\/pc.sc.gov.br\/\/wp-content\/uploads\/2024\/05\/MEDALHAS.jpeg\" class=\"attachment-large size-large wp-image-19993\" alt=\"\" srcset=\"https:\/\/pc.sc.gov.br\/\/wp-content\/uploads\/2024\/05\/MEDALHAS.jpeg 1024w, https:\/\/pc.sc.gov.br\/\/wp-content\/uploads\/2024\/05\/MEDALHAS-300x200.jpeg 300w, https:\/\/pc.sc.gov.br\/\/wp-content\/uploads\/2024\/05\/MEDALHAS-768x512.jpeg 768w\" sizes=\"(max-width: 696px) 100vw, 696px\" \/>\t\t\t\t\t\t\t\t\t\t\t\t\t\t\t<\/div>\n\t\t\t\t<\/div>\n\t\t\t\t\t<\/div>\n\t\t<\/div>\n\t\t\t\t\t<\/div>\n\t\t<\/section>\n\t\t\t\t<section class=\"elementor-section elementor-top-section elementor-element elementor-element-e2d8d53 elementor-section-boxed elementor-section-height-default elementor-section-height-default\" data-id=\"e2d8d53\" data-element_type=\"section\">\n\t\t\t\t\t\t<div class=\"elementor-container elementor-column-gap-default\">\n\t\t\t\t\t<div class=\"elementor-column elementor-col-100 elementor-top-column elementor-element elementor-element-8ccaf5f\" data-id=\"8ccaf5f\" data-element_type=\"column\">\n\t\t\t<div class=\"elementor-widget-wrap elementor-element-populated\">\n\t\t\t\t\t\t<div class=\"elementor-element elementor-element-f55bf63 elementor-widget elementor-widget-text-editor\" data-id=\"f55bf63\" data-element_type=\"widget\" data-widget_type=\"text-editor.default\">\n\t\t\t\t<div class=\"elementor-widget-container\">\n\t\t\t\t\t\t\t\t\t<p>Com a presen\u00e7a do governador Jorginho Mello, a Secretaria de Estado da Seguran\u00e7a P\u00fablica (SSP-SC) realizou na manh\u00e3 desta sexta-feira, 10, o reconhecimento de pessoas que prestaram relevantes servi\u00e7os \u00e0s causas da seguran\u00e7a p\u00fablica de Santa Catarina. Elas receberam a medalha de M\u00e9rito da Seguran\u00e7a P\u00fablica \u201cLuiz Carlos Schmidt de Carvalho\u201d.\u00a0<\/p><p>Na Pol\u00edcia Civil, o homenageado foi o policial Amauri de Souza. Seu Amauri, como \u00e9 conhecido, fez a Academia de Pol\u00edcia em 1970 (h\u00e1 54 anos) e continua em atividade na Central de Plant\u00e3o de Crici\u00fama.\u00a0 \u00a0<\/p>\t\t\t\t\t\t\t\t<\/div>\n\t\t\t\t<\/div>\n\t\t\t\t\t<\/div>\n\t\t<\/div>\n\t\t\t\t\t<\/div>\n\t\t<\/section>\n\t\t\t\t<section class=\"elementor-section elementor-top-section elementor-element elementor-element-6f947a9 elementor-section-boxed elementor-section-height-default elementor-section-height-default\" data-id=\"6f947a9\" data-element_type=\"section\">\n\t\t\t\t\t\t<div class=\"elementor-container elementor-column-gap-default\">\n\t\t\t\t\t<div class=\"elementor-column elementor-col-100 elementor-top-column elementor-element elementor-element-ab62022\" data-id=\"ab62022\" data-element_type=\"column\">\n\t\t\t<div class=\"elementor-widget-wrap elementor-element-populated\">\n\t\t\t\t\t\t<div class=\"elementor-element elementor-element-3c783e3 elementor-widget elementor-widget-image\" data-id=\"3c783e3\" data-element_type=\"widget\" data-widget_type=\"image.default\">\n\t\t\t\t<div class=\"elementor-widget-container\">\n\t\t\t\t\t\t\t\t\t\t\t\t\t\t\t<img decoding=\"async\" width=\"696\" height=\"694\" src=\"https:\/\/pc.sc.gov.br\/\/wp-content\/uploads\/2024\/05\/WhatsApp-Image-2024-05-10-at-17.37.25-1024x1021.jpeg\" class=\"attachment-large size-large wp-image-19992\" alt=\"\" srcset=\"https:\/\/pc.sc.gov.br\/\/wp-content\/uploads\/2024\/05\/WhatsApp-Image-2024-05-10-at-17.37.25-1024x1021.jpeg 1024w, https:\/\/pc.sc.gov.br\/\/wp-content\/uploads\/2024\/05\/WhatsApp-Image-2024-05-10-at-17.37.25-300x300.jpeg 300w, https:\/\/pc.sc.gov.br\/\/wp-content\/uploads\/2024\/05\/WhatsApp-Image-2024-05-10-at-17.37.25-150x150.jpeg 150w, https:\/\/pc.sc.gov.br\/\/wp-content\/uploads\/2024\/05\/WhatsApp-Image-2024-05-10-at-17.37.25-768x766.jpeg 768w, https:\/\/pc.sc.gov.br\/\/wp-content\/uploads\/2024\/05\/WhatsApp-Image-2024-05-10-at-17.37.25.jpeg 1080w\" sizes=\"(max-width: 696px) 100vw, 696px\" \/>\t\t\t\t\t\t\t\t\t\t\t\t\t\t\t<\/div>\n\t\t\t\t<\/div>\n\t\t\t\t\t<\/div>\n\t\t<\/div>\n\t\t\t\t\t<\/div>\n\t\t<\/section>\n\t\t\t\t<section class=\"elementor-section elementor-top-section elementor-element elementor-element-a884bd5 elementor-section-boxed elementor-section-height-default elementor-section-height-default\" data-id=\"a884bd5\" data-element_type=\"section\">\n\t\t\t\t\t\t<div class=\"elementor-container elementor-column-gap-default\">\n\t\t\t\t\t<div class=\"elementor-column elementor-col-100 elementor-top-column elementor-element elementor-element-898f068\" data-id=\"898f068\" data-element_type=\"column\">\n\t\t\t<div class=\"elementor-widget-wrap elementor-element-populated\">\n\t\t\t\t\t\t<div class=\"elementor-element elementor-element-570b736 elementor-widget elementor-widget-text-editor\" data-id=\"570b736\" data-element_type=\"widget\" data-widget_type=\"text-editor.default\">\n\t\t\t\t<div class=\"elementor-widget-container\">\n\t\t\t\t\t\t\t\t\t<p>A solenidade aconteceu no complexo administrativo da SSP-SC, em Florian\u00f3polis, e contou com a presen\u00e7a tamb\u00e9m do secret\u00e1rio de Estado da Seguran\u00e7a P\u00fablica, Sargento Lima, do secret\u00e1rio-adjunto da Seguran\u00e7a P\u00fablica, Fl\u00e1vio Graff, dos comandos e representantes das for\u00e7as de Seguran\u00e7a de SC \u00ac\u2013 Pol\u00edcia Militar, Pol\u00edcia Civil, Corpo de Bombeiros Militar e Pol\u00edcia Cient\u00edfica \u00ac\u2013, de integrantes do Judici\u00e1rio e do Minist\u00e9rio P\u00fablico, servidores da Secretaria de Seguran\u00e7a e dos homenageados com a medalha da Seguran\u00e7a P\u00fablica.<\/p>\n<p>O governador Jorginho Mello foi um dos agraciados com a honraria, prevista no decreto n\u00famero 2.420, de 14 de outubro de 2014. Al\u00e9m do chefe do Executivo estadual, outras 17 pessoas receberam a medalha, entre elas, os chefes das for\u00e7as de Seguran\u00e7a de SC e servidores das institui\u00e7\u00f5es de Seguran\u00e7a, o procurador-Geral do Estado, M\u00e1rcio Vicari, o promotor Daniel Paladino, o juiz da Vara Criminal da Regi\u00e3o Metropolitana, Elleston Lissandro Canali, entre outros (confira rela\u00e7\u00e3o abaixo).<\/p>\n<p>\u201c\u00c9 sempre importante reconhecer, principalmente em vida. A pessoa que recebe fica muito orgulhosa, aumenta a sua autoestima pelo que ela contribuiu e vai ficar ainda mais motivada para contribuir ainda mais\u201d, parabenizou o governador Jorginho Mello.<\/p>\n<p>O secret\u00e1rio de Estado da Seguran\u00e7a P\u00fablica, Sargento Lima, ressaltou o gesto como fundamental para o reconhecimento nacional que vem sendo dado ao Estado catarinense diante dos resultados contra a criminalidade e de exemplo para o Pa\u00eds.<\/p>\n<p>\u201cAs medalhas s\u00e3o para agraciar aqueles catarinenses que participaram de forma efetiva na constru\u00e7\u00e3o do t\u00edtulo de Santa Catarina o Estado mais seguro do Brasil. Agradecemos a todos pela dedica\u00e7\u00e3o e o trabalho realizado diariamente\u201d, destacou o secret\u00e1rio.<\/p>\n<p>Para um dos homenageados, o juiz da Vara Criminal da Regi\u00e3o Metropolitana, Elleston Lissandro Canali, o recebimento da medalha amplia os desafios e a miss\u00e3o no dia a dia.<\/p>\n<p>\u201cFico muito feliz e ao mesmo tempo isso traz uma responsabilidade muito maior que eu passo a sentir a partir de agora no meu trabalho. A gente sempre tem algo a melhorar e fazer mais para a sociedade\u201d, assinalou o magistrado.<\/p>\n<p><b>Decreto de medidas do transporte de pessoas em situa\u00e7\u00e3o de vulnerabilidade social<\/b><\/p>\n<p>No mesmo ato, houve a assinatura pelo governador Jorginho Mello do decreto que estabelece \u00e0 Secretaria de Estado da Seguran\u00e7a P\u00fablica (SSP) e \u00e0 Secretaria de Estado da Assist\u00eancia Social, Mulher e Fam\u00edlia (SAS) a ado\u00e7\u00e3o de medidas para organizar, coordenar, monitorar e avaliar o transporte intermunicipal de cidad\u00e3os em situa\u00e7\u00e3o de vulnerabilidade social.<\/p>\n<p>A pr\u00f3xima etapa ser\u00e1 a edi\u00e7\u00e3o de uma portaria conjunta emitida pelos secret\u00e1rios da Seguran\u00e7a P\u00fablica e da Assist\u00eancia Social para especificar sobre as diretrizes e a\u00e7\u00f5es que ser\u00e3o realizadas a respeito, em prol da regulariza\u00e7\u00e3o do transporte das pessoas em vulnerabilidade pelo Estado.<\/p>\n<p>O promotor do Minist\u00e9rio P\u00fablico Daniel Paladino, em seu discurso, classificou o decreto do Estado como de alta relev\u00e2ncia para minimizar o grave problema que os munic\u00edpios enfrentam e uma forma justa de garantir o direito das pessoas em ficar no lugar que elas decidirem sem serem despachadas como objetos para outros munic\u00edpios.<\/p>\n<p><b>Investimentos em viaturas e esta\u00e7\u00f5es de trabalho<\/b><\/p>\n<p>Ainda na solenidade desta sexta-feira foi assinado pelo governador Jorginho Mello, pelo secret\u00e1rio da SSP, Sargento Lima, e pelo conselho gestor do Fundo Estadual de Seguran\u00e7a P\u00fablica a autoriza\u00e7\u00e3o de compra de 72 (setenta e dois) ve\u00edculos SUV caracterizados de grande porte, com prote\u00e7\u00e3o bal\u00edstica n\u00edvel iii-a, no valor total de R$ 25.099.200,00 (vinte e cinco milh\u00f5es e noventa e nove mil e duzentos reais) e a autoriza\u00e7\u00e3o de compra de 330 (trezentas e trinta) esta\u00e7\u00f5es de trabalho b\u00e1sicas e avan\u00e7adas no valor total de R$ 5.325.921,00 (cinco milh\u00f5es, trezentos e vinte e cinco mil, novecentos e vinte e um reais).<\/p>\n<p>Ap\u00f3s os atos administrativos, o secret\u00e1rio da Seguran\u00e7a P\u00fablica de SC, Sargento Lima, agradeceu ao governador pela confian\u00e7a no trabalho e aos funcion\u00e1rios da SSP e das for\u00e7as de Seguran\u00e7a. Lima deixar\u00e1 o cargo de secret\u00e1rio a partir da semana que vem e retornar\u00e1 para a fun\u00e7\u00e3o de deputado estadual na Assembleia Legislativa.<\/p>\n<p><b>Homenageados com a medalha de M\u00e9rito da Seguran\u00e7a P\u00fablica \u201cLuiz Carlos Schmidt de Carvalho\u201d:<\/b><\/p>\n<p>Jorginho dos Santos Mello \u2013 Governador de SC<\/p>\n<p>Luiz Armando Schroeder Reis \u2013 Coronel da reserva do Ex\u00e9rcito<\/p>\n<p>Andressa Boer Fronza \u2013 Perita Geral da Pol\u00edcia Cient\u00edfica de SC<\/p>\n<p>Bettina Tomio Heckert \u2013 Perita da Pol\u00edcia Cient\u00edfica de SC<\/p>\n<p>Coronel Aur\u00e9lio Jos\u00e9 Pelozato da Rosa \u2013 Comandante-geral da Pol\u00edcia Militar de SC<\/p>\n<p>Coronel Alexandre Jos\u00e9 Machado \u2013 Subcomandante-geral da Pol\u00edcia Militar de SC<\/p>\n<p>Juscemar Ramos \u2013 2\u00ba Sargento da Pol\u00edcia Militar de SC<\/p>\n<p>Ulisses Gabriel \u2013 Delegado Geral da Pol\u00edcia Civil de SC<\/p>\n<p>Marcio Luiz Foga\u00e7a Vicari \u2013 Procurador Geral do Estado<\/p>\n<p>Amauri de Souza \u2013 Agente da Pol\u00edcia Civil de SC<\/p>\n<p>Daniel Paladino \u2013 Promotor de Justi\u00e7a do Minist\u00e9rio P\u00fablico de SC<\/p>\n<p>Marcos Roberto Telles dos Santos \u2013 1\u00ba Sargento da Pol\u00edcia Militar de SC<\/p>\n<p>Coronel Fabiano Bastos das Neves \u2013 Comandante-geral do Corpo de Bombeiros Militar de SC<\/p>\n<p>Felipe Lucena Bitencourt \u00ac\u2013 2\u00ba sargento do Corpo de Bombeiros Militar de SC<\/p>\n<p>Pedro Neves Bueno Cordoba \u2013 Assessor Especial da SSP\/SC<\/p>\n<p>Jorge Seif Junior \u2013 Senador da Rep\u00fablica<\/p>\n<p>Elleston Lissandro Canali \u2013 Juiz TJSC<\/p>\n<p>Carlos Schneider \u2013 Servidor SSP\/SC<\/p>\n<div>&nbsp;<\/div>\t\t\t\t\t\t\t\t<\/div>\n\t\t\t\t<\/div>\n\t\t\t\t\t<\/div>\n\t\t<\/div>\n\t\t\t\t\t<\/div>\n\t\t<\/section>\n\t\t\t\t<\/div>\n\t\t","protected":false},"excerpt":{"rendered":"<p>Em solenidade da Seguran\u00e7a P\u00fablica, governador anuncia investimentos e \u00e9 homenageado com Medalha de M\u00e9rito Com a presen\u00e7a do governador Jorginho Mello, a Secretaria de Estado da Seguran\u00e7a P\u00fablica (SSP-SC) realizou na manh\u00e3 desta sexta-feira, 10, o reconhecimento de pessoas que prestaram relevantes servi\u00e7os \u00e0s causas da seguran\u00e7a p\u00fablica de Santa Catarina. Elas receberam a [&hellip;]<\/p>\n","protected":false},"author":5,"featured_media":19991,"comment_status":"closed","ping_status":"open","sticky":false,"template":"","format":"standard","meta":{"_monsterinsights_skip_tracking":false,"_monsterinsights_sitenote_active":false,"_monsterinsights_sitenote_note":"","_monsterinsights_sitenote_category":0,"footnotes":""},"categories":[1],"tags":[],"class_list":["post-19990","post","type-post","status-publish","format-standard","has-post-thumbnail","hentry","category-sem-categoria"],"_links":{"self":[{"href":"https:\/\/pc.sc.gov.br\/index.php?rest_route=\/wp\/v2\/posts\/19990","targetHints":{"allow":["GET"]}}],"collection":[{"href":"https:\/\/pc.sc.gov.br\/index.php?rest_route=\/wp\/v2\/posts"}],"about":[{"href":"https:\/\/pc.sc.gov.br\/index.php?rest_route=\/wp\/v2\/types\/post"}],"author":[{"embeddable":true,"href":"https:\/\/pc.sc.gov.br\/index.php?rest_route=\/wp\/v2\/users\/5"}],"replies":[{"embeddable":true,"href":"https:\/\/pc.sc.gov.br\/index.php?rest_route=%2Fwp%2Fv2%2Fcomments&post=19990"}],"version-history":[{"count":3,"href":"https:\/\/pc.sc.gov.br\/index.php?rest_route=\/wp\/v2\/posts\/19990\/revisions"}],"predecessor-version":[{"id":19998,"href":"https:\/\/pc.sc.gov.br\/index.php?rest_route=\/wp\/v2\/posts\/19990\/revisions\/19998"}],"wp:featuredmedia":[{"embeddable":true,"href":"https:\/\/pc.sc.gov.br\/index.php?rest_route=\/wp\/v2\/media\/19991"}],"wp:attachment":[{"href":"https:\/\/pc.sc.gov.br\/index.php?rest_route=%2Fwp%2Fv2%2Fmedia&parent=19990"}],"wp:term":[{"taxonomy":"category","embeddable":true,"href":"https:\/\/pc.sc.gov.br\/index.php?rest_route=%2Fwp%2Fv2%2Fcategories&post=19990"},{"taxonomy":"post_tag","embeddable":true,"href":"https:\/\/pc.sc.gov.br\/index.php?rest_route=%2Fwp%2Fv2%2Ftags&post=19990"}],"curies":[{"name":"wp","href":"https:\/\/api.w.org\/{rel}","templated":true}]}}