{"id":20017,"date":"2024-05-13T13:32:13","date_gmt":"2024-05-13T16:32:13","guid":{"rendered":"https:\/\/pc.sc.gov.br\/?p=20017"},"modified":"2024-05-13T13:43:26","modified_gmt":"2024-05-13T16:43:26","slug":"policia-civil-identifica-homem-que-esfaqueou-cozinheiro-no-bairro-itacorubi-na-capital","status":"publish","type":"post","link":"https:\/\/pc.sc.gov.br\/?p=20017","title":{"rendered":"Pol\u00edcia Civil identifica homem que esfaqueou cozinheiro no bairro Itacorubi na Capital"},"content":{"rendered":"\t\t<div data-elementor-type=\"wp-post\" data-elementor-id=\"20017\" class=\"elementor elementor-20017\" data-elementor-post-type=\"post\">\n\t\t\t\t\t\t<section class=\"elementor-section elementor-top-section elementor-element elementor-element-b193b50 elementor-section-boxed elementor-section-height-default elementor-section-height-default\" data-id=\"b193b50\" data-element_type=\"section\">\n\t\t\t\t\t\t<div class=\"elementor-container elementor-column-gap-default\">\n\t\t\t\t\t<div class=\"elementor-column elementor-col-100 elementor-top-column elementor-element elementor-element-cbbf27c\" data-id=\"cbbf27c\" data-element_type=\"column\">\n\t\t\t<div class=\"elementor-widget-wrap elementor-element-populated\">\n\t\t\t\t\t\t<div class=\"elementor-element elementor-element-42a0a63 elementor-widget elementor-widget-heading\" data-id=\"42a0a63\" data-element_type=\"widget\" data-widget_type=\"heading.default\">\n\t\t\t\t<div class=\"elementor-widget-container\">\n\t\t\t\t\t<h2 class=\"elementor-heading-title elementor-size-default\">Pol\u00edcia Civil identifica homem que esfaqueou cozinheiro no bairro Itacorubi na Capital<\/h2>\t\t\t\t<\/div>\n\t\t\t\t<\/div>\n\t\t\t\t\t<\/div>\n\t\t<\/div>\n\t\t\t\t\t<\/div>\n\t\t<\/section>\n\t\t\t\t<section class=\"elementor-section elementor-top-section elementor-element elementor-element-85155c9 elementor-section-boxed elementor-section-height-default elementor-section-height-default\" data-id=\"85155c9\" data-element_type=\"section\">\n\t\t\t\t\t\t<div class=\"elementor-container elementor-column-gap-default\">\n\t\t\t\t\t<div class=\"elementor-column elementor-col-100 elementor-top-column elementor-element elementor-element-d5b02bb\" data-id=\"d5b02bb\" data-element_type=\"column\">\n\t\t\t<div class=\"elementor-widget-wrap elementor-element-populated\">\n\t\t\t\t\t\t<div class=\"elementor-element elementor-element-2961b14 elementor-widget elementor-widget-image\" data-id=\"2961b14\" data-element_type=\"widget\" data-widget_type=\"image.default\">\n\t\t\t\t<div class=\"elementor-widget-container\">\n\t\t\t\t\t\t\t\t\t\t\t\t\t\t\t<img fetchpriority=\"high\" decoding=\"async\" width=\"576\" height=\"1024\" src=\"https:\/\/pc.sc.gov.br\/\/wp-content\/uploads\/2023\/06\/VIATURA_000000000028-576x1024.jpg\" class=\"attachment-large size-large wp-image-10112\" alt=\"\" srcset=\"https:\/\/pc.sc.gov.br\/\/wp-content\/uploads\/2023\/06\/VIATURA_000000000028-576x1024.jpg 576w, https:\/\/pc.sc.gov.br\/\/wp-content\/uploads\/2023\/06\/VIATURA_000000000028-169x300.jpg 169w, https:\/\/pc.sc.gov.br\/\/wp-content\/uploads\/2023\/06\/VIATURA_000000000028.jpg 720w\" sizes=\"(max-width: 576px) 100vw, 576px\" \/>\t\t\t\t\t\t\t\t\t\t\t\t\t\t\t<\/div>\n\t\t\t\t<\/div>\n\t\t\t\t\t<\/div>\n\t\t<\/div>\n\t\t\t\t\t<\/div>\n\t\t<\/section>\n\t\t\t\t<section class=\"elementor-section elementor-top-section elementor-element elementor-element-f2dbbce elementor-section-boxed elementor-section-height-default elementor-section-height-default\" data-id=\"f2dbbce\" data-element_type=\"section\">\n\t\t\t\t\t\t<div class=\"elementor-container elementor-column-gap-default\">\n\t\t\t\t\t<div class=\"elementor-column elementor-col-100 elementor-top-column elementor-element elementor-element-b1ed807\" data-id=\"b1ed807\" data-element_type=\"column\">\n\t\t\t<div class=\"elementor-widget-wrap elementor-element-populated\">\n\t\t\t\t\t\t<div class=\"elementor-element elementor-element-0a2b101 elementor-widget elementor-widget-text-editor\" data-id=\"0a2b101\" data-element_type=\"widget\" data-widget_type=\"text-editor.default\">\n\t\t\t\t<div class=\"elementor-widget-container\">\n\t\t\t\t\t\t\t\t\t<p>Na sexta-feira (10\/05), a Pol\u00edcia Civil de Santa Catarina, por meio da 5\u00aa Delegacia de Pol\u00edcia da Capital (5\u00aa DPCAP), representou pela pris\u00e3o preventiva de um homem em situa\u00e7\u00e3o de rua pelo crime de homic\u00eddio, em sua forma tentada, praticado contra um cozinheiro, no dia 08\/05\/2024, quando o homem estava em um ponto de \u00f4nibus no bairro Itacorubi, em Florian\u00f3polis.<\/p><p>A v\u00edtima foi atingida com facadas na nuca ap\u00f3s uma discuss\u00e3o com o suspeito e sequer teve condi\u00e7\u00f5es de se deslocar \u00e0 Delegacia, pois perdeu parcialmente os movimentos das pernas em virtude dos golpes recebidos. Ap\u00f3s o registro do boletim de ocorr\u00eancia pela v\u00edtima, a equipe da 5\u00aa DPCAP identificou e localizou o autor em 48 horas, assim como apreendeu a arma utilizada.<\/p><p>O homem foi interrogado na sexta-feira (10\/5) na Central de Plant\u00e3o Policial e confessou a pr\u00e1tica do delito.<\/p>\t\t\t\t\t\t\t\t<\/div>\n\t\t\t\t<\/div>\n\t\t\t\t\t<\/div>\n\t\t<\/div>\n\t\t\t\t\t<\/div>\n\t\t<\/section>\n\t\t\t\t<section class=\"elementor-section elementor-top-section elementor-element elementor-element-1c71325 elementor-section-boxed elementor-section-height-default elementor-section-height-default\" data-id=\"1c71325\" data-element_type=\"section\">\n\t\t\t\t\t\t<div class=\"elementor-container elementor-column-gap-default\">\n\t\t\t\t\t<div class=\"elementor-column elementor-col-100 elementor-top-column elementor-element elementor-element-97d6df5\" data-id=\"97d6df5\" data-element_type=\"column\">\n\t\t\t<div class=\"elementor-widget-wrap elementor-element-populated\">\n\t\t\t\t\t\t<div class=\"elementor-element elementor-element-2b62d46 elementor-widget elementor-widget-image\" data-id=\"2b62d46\" data-element_type=\"widget\" data-widget_type=\"image.default\">\n\t\t\t\t<div class=\"elementor-widget-container\">\n\t\t\t\t\t\t\t\t\t\t\t\t\t\t\t<img decoding=\"async\" width=\"576\" height=\"1024\" src=\"https:\/\/pc.sc.gov.br\/\/wp-content\/uploads\/2024\/05\/WhatsApp-Image-2024-05-11-at-10.19.01-576x1024.jpeg\" class=\"attachment-large size-large wp-image-20022\" alt=\"\" srcset=\"https:\/\/pc.sc.gov.br\/\/wp-content\/uploads\/2024\/05\/WhatsApp-Image-2024-05-11-at-10.19.01-576x1024.jpeg 576w, https:\/\/pc.sc.gov.br\/\/wp-content\/uploads\/2024\/05\/WhatsApp-Image-2024-05-11-at-10.19.01-169x300.jpeg 169w, https:\/\/pc.sc.gov.br\/\/wp-content\/uploads\/2024\/05\/WhatsApp-Image-2024-05-11-at-10.19.01-768x1365.jpeg 768w, https:\/\/pc.sc.gov.br\/\/wp-content\/uploads\/2024\/05\/WhatsApp-Image-2024-05-11-at-10.19.01-864x1536.jpeg 864w, https:\/\/pc.sc.gov.br\/\/wp-content\/uploads\/2024\/05\/WhatsApp-Image-2024-05-11-at-10.19.01.jpeg 900w\" sizes=\"(max-width: 576px) 100vw, 576px\" \/>\t\t\t\t\t\t\t\t\t\t\t\t\t\t\t<\/div>\n\t\t\t\t<\/div>\n\t\t\t\t\t<\/div>\n\t\t<\/div>\n\t\t\t\t\t<\/div>\n\t\t<\/section>\n\t\t\t\t<\/div>\n\t\t","protected":false},"excerpt":{"rendered":"<p>Pol\u00edcia Civil identifica homem que esfaqueou cozinheiro no bairro Itacorubi na Capital Na sexta-feira (10\/05), a Pol\u00edcia Civil de Santa Catarina, por meio da 5\u00aa Delegacia de Pol\u00edcia da Capital (5\u00aa DPCAP), representou pela pris\u00e3o preventiva de um homem em situa\u00e7\u00e3o de rua pelo crime de homic\u00eddio, em sua forma tentada, praticado contra um cozinheiro, [&hellip;]<\/p>\n","protected":false},"author":5,"featured_media":10113,"comment_status":"closed","ping_status":"open","sticky":false,"template":"","format":"standard","meta":{"_monsterinsights_skip_tracking":false,"_monsterinsights_sitenote_active":false,"_monsterinsights_sitenote_note":"","_monsterinsights_sitenote_category":0,"footnotes":""},"categories":[1],"tags":[],"class_list":["post-20017","post","type-post","status-publish","format-standard","has-post-thumbnail","hentry","category-sem-categoria"],"_links":{"self":[{"href":"https:\/\/pc.sc.gov.br\/index.php?rest_route=\/wp\/v2\/posts\/20017","targetHints":{"allow":["GET"]}}],"collection":[{"href":"https:\/\/pc.sc.gov.br\/index.php?rest_route=\/wp\/v2\/posts"}],"about":[{"href":"https:\/\/pc.sc.gov.br\/index.php?rest_route=\/wp\/v2\/types\/post"}],"author":[{"embeddable":true,"href":"https:\/\/pc.sc.gov.br\/index.php?rest_route=\/wp\/v2\/users\/5"}],"replies":[{"embeddable":true,"href":"https:\/\/pc.sc.gov.br\/index.php?rest_route=%2Fwp%2Fv2%2Fcomments&post=20017"}],"version-history":[{"count":7,"href":"https:\/\/pc.sc.gov.br\/index.php?rest_route=\/wp\/v2\/posts\/20017\/revisions"}],"predecessor-version":[{"id":20025,"href":"https:\/\/pc.sc.gov.br\/index.php?rest_route=\/wp\/v2\/posts\/20017\/revisions\/20025"}],"wp:featuredmedia":[{"embeddable":true,"href":"https:\/\/pc.sc.gov.br\/index.php?rest_route=\/wp\/v2\/media\/10113"}],"wp:attachment":[{"href":"https:\/\/pc.sc.gov.br\/index.php?rest_route=%2Fwp%2Fv2%2Fmedia&parent=20017"}],"wp:term":[{"taxonomy":"category","embeddable":true,"href":"https:\/\/pc.sc.gov.br\/index.php?rest_route=%2Fwp%2Fv2%2Fcategories&post=20017"},{"taxonomy":"post_tag","embeddable":true,"href":"https:\/\/pc.sc.gov.br\/index.php?rest_route=%2Fwp%2Fv2%2Ftags&post=20017"}],"curies":[{"name":"wp","href":"https:\/\/api.w.org\/{rel}","templated":true}]}}