{"id":20027,"date":"2024-05-13T13:58:02","date_gmt":"2024-05-13T16:58:02","guid":{"rendered":"https:\/\/pc.sc.gov.br\/?p=20027"},"modified":"2024-05-13T13:59:49","modified_gmt":"2024-05-13T16:59:49","slug":"policia-civil-identifica-e-prende-suspeito-de-feminicidio-em-jacinto-machado","status":"publish","type":"post","link":"https:\/\/pc.sc.gov.br\/?p=20027","title":{"rendered":"Pol\u00edcia Civil identifica e prende suspeito de feminic\u00eddio em Jacinto Machado"},"content":{"rendered":"\t\t<div data-elementor-type=\"wp-post\" data-elementor-id=\"20027\" class=\"elementor elementor-20027\" data-elementor-post-type=\"post\">\n\t\t\t\t\t\t<section class=\"elementor-section elementor-top-section elementor-element elementor-element-04ba2d9 elementor-section-boxed elementor-section-height-default elementor-section-height-default\" data-id=\"04ba2d9\" data-element_type=\"section\">\n\t\t\t\t\t\t<div class=\"elementor-container elementor-column-gap-default\">\n\t\t\t\t\t<div class=\"elementor-column elementor-col-100 elementor-top-column elementor-element elementor-element-aaf4929\" data-id=\"aaf4929\" data-element_type=\"column\">\n\t\t\t<div class=\"elementor-widget-wrap elementor-element-populated\">\n\t\t\t\t\t\t<div class=\"elementor-element elementor-element-5f4cc89 elementor-widget elementor-widget-heading\" data-id=\"5f4cc89\" data-element_type=\"widget\" data-widget_type=\"heading.default\">\n\t\t\t\t<div class=\"elementor-widget-container\">\n\t\t\t\t\t<h2 class=\"elementor-heading-title elementor-size-default\">Pol\u00edcia Civil identifica e prende suspeito de feminic\u00eddio em Jacinto Machado<\/h2>\t\t\t\t<\/div>\n\t\t\t\t<\/div>\n\t\t\t\t\t<\/div>\n\t\t<\/div>\n\t\t\t\t\t<\/div>\n\t\t<\/section>\n\t\t\t\t<section class=\"elementor-section elementor-top-section elementor-element elementor-element-90743fa elementor-section-boxed elementor-section-height-default elementor-section-height-default\" data-id=\"90743fa\" data-element_type=\"section\">\n\t\t\t\t\t\t<div class=\"elementor-container elementor-column-gap-default\">\n\t\t\t\t\t<div class=\"elementor-column elementor-col-100 elementor-top-column elementor-element elementor-element-48b7a98\" data-id=\"48b7a98\" data-element_type=\"column\">\n\t\t\t<div class=\"elementor-widget-wrap elementor-element-populated\">\n\t\t\t\t\t\t<div class=\"elementor-element elementor-element-0b63b1f elementor-widget elementor-widget-image\" data-id=\"0b63b1f\" data-element_type=\"widget\" data-widget_type=\"image.default\">\n\t\t\t\t<div class=\"elementor-widget-container\">\n\t\t\t\t\t\t\t\t\t\t\t\t\t\t\t<img fetchpriority=\"high\" decoding=\"async\" width=\"696\" height=\"694\" src=\"https:\/\/pc.sc.gov.br\/\/wp-content\/uploads\/2024\/05\/660d2f15-a205-4f81-b1f1-cc72474fa9ee-fotor-20240513134818.jpg\" class=\"attachment-large size-large wp-image-20028\" alt=\"\" srcset=\"https:\/\/pc.sc.gov.br\/\/wp-content\/uploads\/2024\/05\/660d2f15-a205-4f81-b1f1-cc72474fa9ee-fotor-20240513134818.jpg 718w, https:\/\/pc.sc.gov.br\/\/wp-content\/uploads\/2024\/05\/660d2f15-a205-4f81-b1f1-cc72474fa9ee-fotor-20240513134818-300x300.jpg 300w, https:\/\/pc.sc.gov.br\/\/wp-content\/uploads\/2024\/05\/660d2f15-a205-4f81-b1f1-cc72474fa9ee-fotor-20240513134818-150x150.jpg 150w\" sizes=\"(max-width: 696px) 100vw, 696px\" \/>\t\t\t\t\t\t\t\t\t\t\t\t\t\t\t<\/div>\n\t\t\t\t<\/div>\n\t\t\t\t\t<\/div>\n\t\t<\/div>\n\t\t\t\t\t<\/div>\n\t\t<\/section>\n\t\t\t\t<section class=\"elementor-section elementor-top-section elementor-element elementor-element-03119ae elementor-section-boxed elementor-section-height-default elementor-section-height-default\" data-id=\"03119ae\" data-element_type=\"section\">\n\t\t\t\t\t\t<div class=\"elementor-container elementor-column-gap-default\">\n\t\t\t\t\t<div class=\"elementor-column elementor-col-100 elementor-top-column elementor-element elementor-element-312512f\" data-id=\"312512f\" data-element_type=\"column\">\n\t\t\t<div class=\"elementor-widget-wrap elementor-element-populated\">\n\t\t\t\t\t\t<div class=\"elementor-element elementor-element-b083176 elementor-widget elementor-widget-text-editor\" data-id=\"b083176\" data-element_type=\"widget\" data-widget_type=\"text-editor.default\">\n\t\t\t\t<div class=\"elementor-widget-container\">\n\t\t\t\t\t\t\t\t\t<p>A Pol\u00edcia Civil de Santa Catarina, por meio da Delegacia de Pol\u00edcia de Jacinto Machado, com o apoio dos policiais da comarca de Turvo, realizou na manh\u00e3 desta segunda-feira (13) a pris\u00e3o de um suspeito de feminic\u00eddio. A a\u00e7\u00e3o policial foi desencadeada em resposta ao desaparecimento de uma mulher residente em Jacinto Machado, desde o dia 4 de maio, que culminou na tr\u00e1gica descoberta do corpo da v\u00edtima, encontrado nas \u00e1guas do Rio Ararangu\u00e1 no s\u00e1bado (11) de maio 2024.<\/p><p>O desaparecimento da mulher mobilizou imediatamente a Pol\u00edcia Civil, que iniciou as investiga\u00e7\u00f5es para localiz\u00e1-la, realizando a pris\u00e3o do suspeito menos de 48 horas ap\u00f3s o encontro do corpo da v\u00edtima.<\/p><p>Ap\u00f3s uma meticulosa apura\u00e7\u00e3o dos fatos e reunindo evid\u00eancias substanciais, a equipe policial obteve autoriza\u00e7\u00e3o judicial, no final de semana, em regime de plant\u00e3o, para realiza\u00e7\u00e3o de buscas no domic\u00edlio do suspeito, e para cumprimento de sua pris\u00e3o tempor\u00e1ria. A pol\u00edcia trabalha com a hip\u00f3tese de feminic\u00eddio, considerando as circunst\u00e2ncias do caso.<\/p><p>O desfecho tr\u00e1gico do caso, com a localiza\u00e7\u00e3o do corpo da v\u00edtima no Rio Ararangu\u00e1, refor\u00e7a a seriedade e o compromisso das autoridades locais em buscar a verdade e fazer justi\u00e7a em casos de viol\u00eancia contra a mulher. A Delegacia de Jacinto Machado permanece dedicada e empenhada em realizar todas as dilig\u00eancias necess\u00e1rias para a completa elucida\u00e7\u00e3o do caso, garantindo que os respons\u00e1veis sejam devidamente responsabilizados perante a lei.<\/p><p>A Pol\u00edcia Civil espera que esse desdobramento das investiga\u00e7\u00f5es traga um pouco de conforto \u00e0 fam\u00edlia da v\u00edtima e que a justi\u00e7a seja feita em prol de sua mem\u00f3ria.<\/p>\t\t\t\t\t\t\t\t<\/div>\n\t\t\t\t<\/div>\n\t\t\t\t\t<\/div>\n\t\t<\/div>\n\t\t\t\t\t<\/div>\n\t\t<\/section>\n\t\t\t\t<\/div>\n\t\t","protected":false},"excerpt":{"rendered":"<p>Pol\u00edcia Civil identifica e prende suspeito de feminic\u00eddio em Jacinto Machado A Pol\u00edcia Civil de Santa Catarina, por meio da Delegacia de Pol\u00edcia de Jacinto Machado, com o apoio dos policiais da comarca de Turvo, realizou na manh\u00e3 desta segunda-feira (13) a pris\u00e3o de um suspeito de feminic\u00eddio. A a\u00e7\u00e3o policial foi desencadeada em resposta [&hellip;]<\/p>\n","protected":false},"author":5,"featured_media":20028,"comment_status":"closed","ping_status":"open","sticky":false,"template":"","format":"standard","meta":{"_monsterinsights_skip_tracking":false,"_monsterinsights_sitenote_active":false,"_monsterinsights_sitenote_note":"","_monsterinsights_sitenote_category":0,"footnotes":""},"categories":[1],"tags":[],"class_list":["post-20027","post","type-post","status-publish","format-standard","has-post-thumbnail","hentry","category-sem-categoria"],"_links":{"self":[{"href":"https:\/\/pc.sc.gov.br\/index.php?rest_route=\/wp\/v2\/posts\/20027","targetHints":{"allow":["GET"]}}],"collection":[{"href":"https:\/\/pc.sc.gov.br\/index.php?rest_route=\/wp\/v2\/posts"}],"about":[{"href":"https:\/\/pc.sc.gov.br\/index.php?rest_route=\/wp\/v2\/types\/post"}],"author":[{"embeddable":true,"href":"https:\/\/pc.sc.gov.br\/index.php?rest_route=\/wp\/v2\/users\/5"}],"replies":[{"embeddable":true,"href":"https:\/\/pc.sc.gov.br\/index.php?rest_route=%2Fwp%2Fv2%2Fcomments&post=20027"}],"version-history":[{"count":3,"href":"https:\/\/pc.sc.gov.br\/index.php?rest_route=\/wp\/v2\/posts\/20027\/revisions"}],"predecessor-version":[{"id":20031,"href":"https:\/\/pc.sc.gov.br\/index.php?rest_route=\/wp\/v2\/posts\/20027\/revisions\/20031"}],"wp:featuredmedia":[{"embeddable":true,"href":"https:\/\/pc.sc.gov.br\/index.php?rest_route=\/wp\/v2\/media\/20028"}],"wp:attachment":[{"href":"https:\/\/pc.sc.gov.br\/index.php?rest_route=%2Fwp%2Fv2%2Fmedia&parent=20027"}],"wp:term":[{"taxonomy":"category","embeddable":true,"href":"https:\/\/pc.sc.gov.br\/index.php?rest_route=%2Fwp%2Fv2%2Fcategories&post=20027"},{"taxonomy":"post_tag","embeddable":true,"href":"https:\/\/pc.sc.gov.br\/index.php?rest_route=%2Fwp%2Fv2%2Ftags&post=20027"}],"curies":[{"name":"wp","href":"https:\/\/api.w.org\/{rel}","templated":true}]}}