{"id":20032,"date":"2024-05-13T17:17:15","date_gmt":"2024-05-13T20:17:15","guid":{"rendered":"https:\/\/pc.sc.gov.br\/?p=20032"},"modified":"2024-05-13T17:29:39","modified_gmt":"2024-05-13T20:29:39","slug":"policiais-civis-carlos-roberto-dutra-e-manoel-alberto-da-silva-sao-homenageados-por-50-e-35-anos-de-servicos-prestado-a-pcsc-respectivamente","status":"publish","type":"post","link":"https:\/\/pc.sc.gov.br\/?p=20032","title":{"rendered":"Policiais civis Carlos Roberto Dutra e Manoel Alberto Silva s\u00e3o homenageados por 50 e 35 anos de servi\u00e7os prestado \u00e0 PCSC, respectivamente"},"content":{"rendered":"\t\t<div data-elementor-type=\"wp-post\" data-elementor-id=\"20032\" class=\"elementor elementor-20032\" data-elementor-post-type=\"post\">\n\t\t\t\t\t\t<section class=\"elementor-section elementor-top-section elementor-element elementor-element-05f1e90 elementor-section-boxed elementor-section-height-default elementor-section-height-default\" data-id=\"05f1e90\" data-element_type=\"section\">\n\t\t\t\t\t\t<div class=\"elementor-container elementor-column-gap-default\">\n\t\t\t\t\t<div class=\"elementor-column elementor-col-100 elementor-top-column elementor-element elementor-element-918e06d\" data-id=\"918e06d\" data-element_type=\"column\">\n\t\t\t<div class=\"elementor-widget-wrap elementor-element-populated\">\n\t\t\t\t\t\t<div class=\"elementor-element elementor-element-a680e1a elementor-widget elementor-widget-heading\" data-id=\"a680e1a\" data-element_type=\"widget\" data-widget_type=\"heading.default\">\n\t\t\t\t<div class=\"elementor-widget-container\">\n\t\t\t\t\t<h2 class=\"elementor-heading-title elementor-size-default\">Policiais civis Carlos Roberto Dutra e Manoel Alberto da Silva s\u00e3o homenageados por 50 e 35 anos de servi\u00e7os prestado \u00e0 PCSC, respectivamente<\/h2>\t\t\t\t<\/div>\n\t\t\t\t<\/div>\n\t\t\t\t\t<\/div>\n\t\t<\/div>\n\t\t\t\t\t<\/div>\n\t\t<\/section>\n\t\t\t\t<section class=\"elementor-section elementor-top-section elementor-element elementor-element-b9e54ee elementor-section-boxed elementor-section-height-default elementor-section-height-default\" data-id=\"b9e54ee\" data-element_type=\"section\">\n\t\t\t\t\t\t<div class=\"elementor-container elementor-column-gap-default\">\n\t\t\t\t\t<div class=\"elementor-column elementor-col-100 elementor-top-column elementor-element elementor-element-dae5a01\" data-id=\"dae5a01\" data-element_type=\"column\">\n\t\t\t<div class=\"elementor-widget-wrap elementor-element-populated\">\n\t\t\t\t\t\t<div class=\"elementor-element elementor-element-0924079 elementor-widget elementor-widget-image\" data-id=\"0924079\" data-element_type=\"widget\" data-widget_type=\"image.default\">\n\t\t\t\t<div class=\"elementor-widget-container\">\n\t\t\t\t\t\t\t\t\t\t\t\t\t\t\t<img fetchpriority=\"high\" decoding=\"async\" width=\"696\" height=\"520\" src=\"https:\/\/pc.sc.gov.br\/\/wp-content\/uploads\/2024\/05\/WhatsApp-Image-2024-05-13-at-15.26.59-1-1024x765.jpeg\" class=\"attachment-large size-large wp-image-20034\" alt=\"\" srcset=\"https:\/\/pc.sc.gov.br\/\/wp-content\/uploads\/2024\/05\/WhatsApp-Image-2024-05-13-at-15.26.59-1-1024x765.jpeg 1024w, https:\/\/pc.sc.gov.br\/\/wp-content\/uploads\/2024\/05\/WhatsApp-Image-2024-05-13-at-15.26.59-1-300x224.jpeg 300w, https:\/\/pc.sc.gov.br\/\/wp-content\/uploads\/2024\/05\/WhatsApp-Image-2024-05-13-at-15.26.59-1-768x574.jpeg 768w, https:\/\/pc.sc.gov.br\/\/wp-content\/uploads\/2024\/05\/WhatsApp-Image-2024-05-13-at-15.26.59-1-1536x1148.jpeg 1536w, https:\/\/pc.sc.gov.br\/\/wp-content\/uploads\/2024\/05\/WhatsApp-Image-2024-05-13-at-15.26.59-1-2048x1530.jpeg 2048w\" sizes=\"(max-width: 696px) 100vw, 696px\" \/>\t\t\t\t\t\t\t\t\t\t\t\t\t\t\t<\/div>\n\t\t\t\t<\/div>\n\t\t\t\t\t<\/div>\n\t\t<\/div>\n\t\t\t\t\t<\/div>\n\t\t<\/section>\n\t\t\t\t<section class=\"elementor-section elementor-top-section elementor-element elementor-element-d966daa elementor-section-boxed elementor-section-height-default elementor-section-height-default\" data-id=\"d966daa\" data-element_type=\"section\">\n\t\t\t\t\t\t<div class=\"elementor-container elementor-column-gap-default\">\n\t\t\t\t\t<div class=\"elementor-column elementor-col-100 elementor-top-column elementor-element elementor-element-f8aae5a\" data-id=\"f8aae5a\" data-element_type=\"column\">\n\t\t\t<div class=\"elementor-widget-wrap elementor-element-populated\">\n\t\t\t\t\t\t<div class=\"elementor-element elementor-element-1052904 elementor-widget elementor-widget-text-editor\" data-id=\"1052904\" data-element_type=\"widget\" data-widget_type=\"text-editor.default\">\n\t\t\t\t<div class=\"elementor-widget-container\">\n\t\t\t\t\t\t\t\t\t<p>O delegado-geral da PCSC, Ulisses Gabriel, fez uma homenagem especial para dois policiais civis que atuam no Oeste Catarinense. O agente de pol\u00edcia Carlos Roberto Dutra, que atua na Central de Plant\u00e3o Policiais (CPP) de Joa\u00e7aba, recebeu um certificado para marcar os seus 50 anos de servi\u00e7os p\u00fablicos prestados na Pol\u00edcia Civil de Santa Catarina. J\u00e1 o agente Manoel Alberto Silva, que atua na DPCo de Joa\u00e7aba, foi homenageado pelos seus 35 anos de atividades policiais.&nbsp;<\/p>\n<p>A homenagem destacou que ambos policiais que possuem 50 e 35 anos de servi\u00e7os p\u00fablicos devotados \u00e0 Pol\u00edcia Civil e o povo Catarinense de maneira comprometida, eficiente e respons\u00e1vel.&nbsp; A institui\u00e7\u00e3o agradece por cumprir a miss\u00e3o de maneira t\u00e3o honrosa, assinalou o delegado-geral, Ulisses Gabriel.<\/p>\n<p>Na solenidade realizada no gabinete do delegado-geral, o titular da Delegacia Regional de Pol\u00edcia (DRP), Gilmar Bonamigo, destacou a contribui\u00e7\u00e3o dos dois policiais para a sociedade Catarinense. Tamb\u00e9m participaram da homenagem: delegado Lucas Ferreira Pinto (Diretor da DPOI); delegado Daniel R\u00e9gis (Diretor da DEIC); delegado Gustavo Madeira, (Diretor da DINT); delegada Michele Alves Correa Rebelo (Diretora do Procon); delegado Marcelo Nogueira, chefe de gabinete da delegacia-geral e delegado Daniel Dias, Coordenador de Opera\u00e7\u00f5es e Recursos Especiais (CORE) da PCSC.<\/p>\t\t\t\t\t\t\t\t<\/div>\n\t\t\t\t<\/div>\n\t\t\t\t\t<\/div>\n\t\t<\/div>\n\t\t\t\t\t<\/div>\n\t\t<\/section>\n\t\t\t\t<\/div>\n\t\t","protected":false},"excerpt":{"rendered":"<p>Policiais civis Carlos Roberto Dutra e Manoel Alberto da Silva s\u00e3o homenageados por 50 e 35 anos de servi\u00e7os prestado \u00e0 PCSC, respectivamente O delegado-geral da PCSC, Ulisses Gabriel, fez uma homenagem especial para dois policiais civis que atuam no Oeste Catarinense. O agente de pol\u00edcia Carlos Roberto Dutra, que atua na Central de Plant\u00e3o [&hellip;]<\/p>\n","protected":false},"author":5,"featured_media":20033,"comment_status":"closed","ping_status":"open","sticky":false,"template":"","format":"standard","meta":{"_monsterinsights_skip_tracking":false,"_monsterinsights_sitenote_active":false,"_monsterinsights_sitenote_note":"","_monsterinsights_sitenote_category":0,"footnotes":""},"categories":[1],"tags":[],"class_list":["post-20032","post","type-post","status-publish","format-standard","has-post-thumbnail","hentry","category-sem-categoria"],"_links":{"self":[{"href":"https:\/\/pc.sc.gov.br\/index.php?rest_route=\/wp\/v2\/posts\/20032","targetHints":{"allow":["GET"]}}],"collection":[{"href":"https:\/\/pc.sc.gov.br\/index.php?rest_route=\/wp\/v2\/posts"}],"about":[{"href":"https:\/\/pc.sc.gov.br\/index.php?rest_route=\/wp\/v2\/types\/post"}],"author":[{"embeddable":true,"href":"https:\/\/pc.sc.gov.br\/index.php?rest_route=\/wp\/v2\/users\/5"}],"replies":[{"embeddable":true,"href":"https:\/\/pc.sc.gov.br\/index.php?rest_route=%2Fwp%2Fv2%2Fcomments&post=20032"}],"version-history":[{"count":7,"href":"https:\/\/pc.sc.gov.br\/index.php?rest_route=\/wp\/v2\/posts\/20032\/revisions"}],"predecessor-version":[{"id":20041,"href":"https:\/\/pc.sc.gov.br\/index.php?rest_route=\/wp\/v2\/posts\/20032\/revisions\/20041"}],"wp:featuredmedia":[{"embeddable":true,"href":"https:\/\/pc.sc.gov.br\/index.php?rest_route=\/wp\/v2\/media\/20033"}],"wp:attachment":[{"href":"https:\/\/pc.sc.gov.br\/index.php?rest_route=%2Fwp%2Fv2%2Fmedia&parent=20032"}],"wp:term":[{"taxonomy":"category","embeddable":true,"href":"https:\/\/pc.sc.gov.br\/index.php?rest_route=%2Fwp%2Fv2%2Fcategories&post=20032"},{"taxonomy":"post_tag","embeddable":true,"href":"https:\/\/pc.sc.gov.br\/index.php?rest_route=%2Fwp%2Fv2%2Ftags&post=20032"}],"curies":[{"name":"wp","href":"https:\/\/api.w.org\/{rel}","templated":true}]}}