{"id":20097,"date":"2024-05-14T17:10:19","date_gmt":"2024-05-14T20:10:19","guid":{"rendered":"https:\/\/pc.sc.gov.br\/?p=20097"},"modified":"2024-05-14T17:11:10","modified_gmt":"2024-05-14T20:11:10","slug":"dic-de-lages-realiza-a-prisao-de-homem-condenado-a-29-anos-pela-pratica-de-crime-sexual","status":"publish","type":"post","link":"https:\/\/pc.sc.gov.br\/?p=20097","title":{"rendered":"DIC de Lages realiza a pris\u00e3o de homem condenado a 29 anos pela pr\u00e1tica de crime sexual"},"content":{"rendered":"\t\t<div data-elementor-type=\"wp-post\" data-elementor-id=\"20097\" class=\"elementor elementor-20097\" data-elementor-post-type=\"post\">\n\t\t\t\t\t\t<section class=\"elementor-section elementor-top-section elementor-element elementor-element-a06afb7 elementor-section-boxed elementor-section-height-default elementor-section-height-default\" data-id=\"a06afb7\" data-element_type=\"section\">\n\t\t\t\t\t\t<div class=\"elementor-container elementor-column-gap-default\">\n\t\t\t\t\t<div class=\"elementor-column elementor-col-100 elementor-top-column elementor-element elementor-element-39b5d9e\" data-id=\"39b5d9e\" data-element_type=\"column\">\n\t\t\t<div class=\"elementor-widget-wrap elementor-element-populated\">\n\t\t\t\t\t\t<div class=\"elementor-element elementor-element-ba99387 elementor-widget elementor-widget-heading\" data-id=\"ba99387\" data-element_type=\"widget\" data-widget_type=\"heading.default\">\n\t\t\t\t<div class=\"elementor-widget-container\">\n\t\t\t\t\t<h2 class=\"elementor-heading-title elementor-size-default\">DIC de Lages realiza a pris\u00e3o de homem condenado a  29 anos pela pr\u00e1tica de crime sexual<\/h2>\t\t\t\t<\/div>\n\t\t\t\t<\/div>\n\t\t\t\t\t<\/div>\n\t\t<\/div>\n\t\t\t\t\t<\/div>\n\t\t<\/section>\n\t\t\t\t<section class=\"elementor-section elementor-top-section elementor-element elementor-element-0645868 elementor-section-boxed elementor-section-height-default elementor-section-height-default\" data-id=\"0645868\" data-element_type=\"section\">\n\t\t\t\t\t\t<div class=\"elementor-container elementor-column-gap-default\">\n\t\t\t\t\t<div class=\"elementor-column elementor-col-100 elementor-top-column elementor-element elementor-element-3475379\" data-id=\"3475379\" data-element_type=\"column\">\n\t\t\t<div class=\"elementor-widget-wrap elementor-element-populated\">\n\t\t\t\t\t\t<div class=\"elementor-element elementor-element-72bfe98 elementor-widget elementor-widget-image\" data-id=\"72bfe98\" data-element_type=\"widget\" data-widget_type=\"image.default\">\n\t\t\t\t<div class=\"elementor-widget-container\">\n\t\t\t\t\t\t\t\t\t\t\t\t\t\t\t<img fetchpriority=\"high\" decoding=\"async\" width=\"696\" height=\"401\" src=\"https:\/\/pc.sc.gov.br\/\/wp-content\/uploads\/2024\/05\/DIC-DE-LAGES-CORTA-fotor-2024022117831.jpg\" class=\"attachment-large size-large wp-image-20098\" alt=\"\" srcset=\"https:\/\/pc.sc.gov.br\/\/wp-content\/uploads\/2024\/05\/DIC-DE-LAGES-CORTA-fotor-2024022117831.jpg 841w, https:\/\/pc.sc.gov.br\/\/wp-content\/uploads\/2024\/05\/DIC-DE-LAGES-CORTA-fotor-2024022117831-300x173.jpg 300w, https:\/\/pc.sc.gov.br\/\/wp-content\/uploads\/2024\/05\/DIC-DE-LAGES-CORTA-fotor-2024022117831-768x442.jpg 768w\" sizes=\"(max-width: 696px) 100vw, 696px\" \/>\t\t\t\t\t\t\t\t\t\t\t\t\t\t\t<\/div>\n\t\t\t\t<\/div>\n\t\t\t\t\t<\/div>\n\t\t<\/div>\n\t\t\t\t\t<\/div>\n\t\t<\/section>\n\t\t\t\t<section class=\"elementor-section elementor-top-section elementor-element elementor-element-4ac5217 elementor-section-boxed elementor-section-height-default elementor-section-height-default\" data-id=\"4ac5217\" data-element_type=\"section\">\n\t\t\t\t\t\t<div class=\"elementor-container elementor-column-gap-default\">\n\t\t\t\t\t<div class=\"elementor-column elementor-col-100 elementor-top-column elementor-element elementor-element-a4fa4bc\" data-id=\"a4fa4bc\" data-element_type=\"column\">\n\t\t\t<div class=\"elementor-widget-wrap elementor-element-populated\">\n\t\t\t\t\t\t<div class=\"elementor-element elementor-element-3b7992d elementor-widget elementor-widget-text-editor\" data-id=\"3b7992d\" data-element_type=\"widget\" data-widget_type=\"text-editor.default\">\n\t\t\t\t<div class=\"elementor-widget-container\">\n\t\t\t\t\t\t\t\t\t<p>A Pol\u00edcia Civil de Santa Catarina, por meio da Divis\u00e3o de Investiga\u00e7\u00e3o Criminal (DIC) de Lages, nesta ter\u00e7a-feira (14) realizou a pris\u00e3o de um indiv\u00edduo natural de Ponte Alta, condenado a 29 anos de pris\u00e3o, em regime fechado, pela pr\u00e1tica de crimes de estupro de vulner\u00e1vel. O condenado foi preso no bairro Penha, em Lages, em sua resid\u00eancia.<\/p><p>Ap\u00f3s a localiza\u00e7\u00e3o e pris\u00e3o do investigado, os policiais o conduziram para DIC de Lages, onde foram lavrados os documentos policiais de cumprimento de mandado de pris\u00e3o, em seguida, o investigado foi encaminhado para o Pres\u00eddio de Lages.<\/p>\t\t\t\t\t\t\t\t<\/div>\n\t\t\t\t<\/div>\n\t\t\t\t\t<\/div>\n\t\t<\/div>\n\t\t\t\t\t<\/div>\n\t\t<\/section>\n\t\t\t\t<\/div>\n\t\t","protected":false},"excerpt":{"rendered":"<p>DIC de Lages realiza a pris\u00e3o de homem condenado a 29 anos pela pr\u00e1tica de crime sexual A Pol\u00edcia Civil de Santa Catarina, por meio da Divis\u00e3o de Investiga\u00e7\u00e3o Criminal (DIC) de Lages, nesta ter\u00e7a-feira (14) realizou a pris\u00e3o de um indiv\u00edduo natural de Ponte Alta, condenado a 29 anos de pris\u00e3o, em regime fechado, [&hellip;]<\/p>\n","protected":false},"author":5,"featured_media":20098,"comment_status":"closed","ping_status":"open","sticky":false,"template":"","format":"standard","meta":{"_monsterinsights_skip_tracking":false,"_monsterinsights_sitenote_active":false,"_monsterinsights_sitenote_note":"","_monsterinsights_sitenote_category":0,"footnotes":""},"categories":[1],"tags":[],"class_list":["post-20097","post","type-post","status-publish","format-standard","has-post-thumbnail","hentry","category-sem-categoria"],"_links":{"self":[{"href":"https:\/\/pc.sc.gov.br\/index.php?rest_route=\/wp\/v2\/posts\/20097","targetHints":{"allow":["GET"]}}],"collection":[{"href":"https:\/\/pc.sc.gov.br\/index.php?rest_route=\/wp\/v2\/posts"}],"about":[{"href":"https:\/\/pc.sc.gov.br\/index.php?rest_route=\/wp\/v2\/types\/post"}],"author":[{"embeddable":true,"href":"https:\/\/pc.sc.gov.br\/index.php?rest_route=\/wp\/v2\/users\/5"}],"replies":[{"embeddable":true,"href":"https:\/\/pc.sc.gov.br\/index.php?rest_route=%2Fwp%2Fv2%2Fcomments&post=20097"}],"version-history":[{"count":4,"href":"https:\/\/pc.sc.gov.br\/index.php?rest_route=\/wp\/v2\/posts\/20097\/revisions"}],"predecessor-version":[{"id":20102,"href":"https:\/\/pc.sc.gov.br\/index.php?rest_route=\/wp\/v2\/posts\/20097\/revisions\/20102"}],"wp:featuredmedia":[{"embeddable":true,"href":"https:\/\/pc.sc.gov.br\/index.php?rest_route=\/wp\/v2\/media\/20098"}],"wp:attachment":[{"href":"https:\/\/pc.sc.gov.br\/index.php?rest_route=%2Fwp%2Fv2%2Fmedia&parent=20097"}],"wp:term":[{"taxonomy":"category","embeddable":true,"href":"https:\/\/pc.sc.gov.br\/index.php?rest_route=%2Fwp%2Fv2%2Fcategories&post=20097"},{"taxonomy":"post_tag","embeddable":true,"href":"https:\/\/pc.sc.gov.br\/index.php?rest_route=%2Fwp%2Fv2%2Ftags&post=20097"}],"curies":[{"name":"wp","href":"https:\/\/api.w.org\/{rel}","templated":true}]}}