{"id":20139,"date":"2024-05-15T14:42:15","date_gmt":"2024-05-15T17:42:15","guid":{"rendered":"https:\/\/pc.sc.gov.br\/?p=20139"},"modified":"2024-05-15T14:44:37","modified_gmt":"2024-05-15T17:44:37","slug":"pcsc-deflagra-operacao-interestadual-de-combate-ao-neonazismo-em-sc-e-uma-pessoa-e-presa-em-mg","status":"publish","type":"post","link":"https:\/\/pc.sc.gov.br\/?p=20139","title":{"rendered":"PCSC deflagra opera\u00e7\u00e3o interestadual de combate ao neonazismo em SC e uma pessoa \u00e9 presa em MG"},"content":{"rendered":"\t\t<div data-elementor-type=\"wp-post\" data-elementor-id=\"20139\" class=\"elementor elementor-20139\" data-elementor-post-type=\"post\">\n\t\t\t\t\t\t<section class=\"elementor-section elementor-top-section elementor-element elementor-element-3389202 elementor-section-boxed elementor-section-height-default elementor-section-height-default\" data-id=\"3389202\" data-element_type=\"section\">\n\t\t\t\t\t\t<div class=\"elementor-container elementor-column-gap-default\">\n\t\t\t\t\t<div class=\"elementor-column elementor-col-100 elementor-top-column elementor-element elementor-element-2364803\" data-id=\"2364803\" data-element_type=\"column\">\n\t\t\t<div class=\"elementor-widget-wrap elementor-element-populated\">\n\t\t\t\t\t\t<div class=\"elementor-element elementor-element-9e1f5ad elementor-widget elementor-widget-heading\" data-id=\"9e1f5ad\" data-element_type=\"widget\" data-widget_type=\"heading.default\">\n\t\t\t\t<div class=\"elementor-widget-container\">\n\t\t\t\t\t<h2 class=\"elementor-heading-title elementor-size-default\">PCSC deflagra opera\u00e7\u00e3o interestadual de combate ao neonazismo e uma pessoa \u00e9 presa em MG<\/h2>\t\t\t\t<\/div>\n\t\t\t\t<\/div>\n\t\t\t\t\t<\/div>\n\t\t<\/div>\n\t\t\t\t\t<\/div>\n\t\t<\/section>\n\t\t\t\t<section class=\"elementor-section elementor-top-section elementor-element elementor-element-cd160b1 elementor-section-boxed elementor-section-height-default elementor-section-height-default\" data-id=\"cd160b1\" data-element_type=\"section\">\n\t\t\t\t\t\t<div class=\"elementor-container elementor-column-gap-default\">\n\t\t\t\t\t<div class=\"elementor-column elementor-col-100 elementor-top-column elementor-element elementor-element-4be5e01\" data-id=\"4be5e01\" data-element_type=\"column\">\n\t\t\t<div class=\"elementor-widget-wrap elementor-element-populated\">\n\t\t\t\t\t\t<div class=\"elementor-element elementor-element-984ac39 elementor-widget elementor-widget-image\" data-id=\"984ac39\" data-element_type=\"widget\" data-widget_type=\"image.default\">\n\t\t\t\t<div class=\"elementor-widget-container\">\n\t\t\t\t\t\t\t\t\t\t\t\t\t\t\t<img fetchpriority=\"high\" decoding=\"async\" width=\"696\" height=\"529\" src=\"https:\/\/pc.sc.gov.br\/\/wp-content\/uploads\/2024\/05\/WhatsApp-Image-2024-01-30-at-16.33.05-fotor-202405031461-1.jpg\" class=\"attachment-large size-large wp-image-20140\" alt=\"\" srcset=\"https:\/\/pc.sc.gov.br\/\/wp-content\/uploads\/2024\/05\/WhatsApp-Image-2024-01-30-at-16.33.05-fotor-202405031461-1.jpg 969w, https:\/\/pc.sc.gov.br\/\/wp-content\/uploads\/2024\/05\/WhatsApp-Image-2024-01-30-at-16.33.05-fotor-202405031461-1-300x228.jpg 300w, https:\/\/pc.sc.gov.br\/\/wp-content\/uploads\/2024\/05\/WhatsApp-Image-2024-01-30-at-16.33.05-fotor-202405031461-1-768x583.jpg 768w\" sizes=\"(max-width: 696px) 100vw, 696px\" \/>\t\t\t\t\t\t\t\t\t\t\t\t\t\t\t<\/div>\n\t\t\t\t<\/div>\n\t\t\t\t\t<\/div>\n\t\t<\/div>\n\t\t\t\t\t<\/div>\n\t\t<\/section>\n\t\t\t\t<section class=\"elementor-section elementor-top-section elementor-element elementor-element-a5b72a2 elementor-section-boxed elementor-section-height-default elementor-section-height-default\" data-id=\"a5b72a2\" data-element_type=\"section\">\n\t\t\t\t\t\t<div class=\"elementor-container elementor-column-gap-default\">\n\t\t\t\t\t<div class=\"elementor-column elementor-col-100 elementor-top-column elementor-element elementor-element-60cf707\" data-id=\"60cf707\" data-element_type=\"column\">\n\t\t\t<div class=\"elementor-widget-wrap elementor-element-populated\">\n\t\t\t\t\t\t<div class=\"elementor-element elementor-element-dbf48c2 elementor-widget elementor-widget-text-editor\" data-id=\"dbf48c2\" data-element_type=\"widget\" data-widget_type=\"text-editor.default\">\n\t\t\t\t<div class=\"elementor-widget-container\">\n\t\t\t\t\t\t\t\t\t<p>A Pol\u00edcia Civil de Santa Catarina, por interm\u00e9dio da Delegacia de Repress\u00e3o ao Racismo e a Delitos de Intoler\u00e2ncia (DRRDI) da Diretoria Estadual de Investiga\u00e7\u00f5es Criminais (DEIC), deu cumprimento a dois mandados de busca e apreens\u00e3o na manh\u00e3 desta quarta-feira (15), nos munic\u00edpios de Navegantes (SC) e Belo Horizonte (MG).<\/p><p>A investiga\u00e7\u00e3o, iniciada em Santa Catarina h\u00e1 seis meses, apura a comercializa\u00e7\u00e3o ilegal de objetos nazistas, bem como a pr\u00e1tica dos crimes de apologia ao nazismo e de racismo.\u00a0<\/p><p>No alvo de Santa Catarina, foi apreendido aparelho celular e poucos objetos em alus\u00e3o \u00e0 &#8220;SS Nazista&#8221;. J\u00e1 em Belo Horizonte\/MG, o investigado foi conduzido em flagrante por estar na posse de vasta quantidade de bandeiras, camisetas e medalhas de cunho nazista, supremacista e extremista.<\/p><p>A a\u00e7\u00e3o desta quarta-feira (15) contou com o apoio da Patrulha Unificada Metropolitana de Apoio (PUMA) da Pol\u00edcia Civil do Estado de Minas Gerais.<\/p>\t\t\t\t\t\t\t\t<\/div>\n\t\t\t\t<\/div>\n\t\t\t\t\t<\/div>\n\t\t<\/div>\n\t\t\t\t\t<\/div>\n\t\t<\/section>\n\t\t\t\t<\/div>\n\t\t","protected":false},"excerpt":{"rendered":"<p>PCSC deflagra opera\u00e7\u00e3o interestadual de combate ao neonazismo e uma pessoa \u00e9 presa em MG A Pol\u00edcia Civil de Santa Catarina, por interm\u00e9dio da Delegacia de Repress\u00e3o ao Racismo e a Delitos de Intoler\u00e2ncia (DRRDI) da Diretoria Estadual de Investiga\u00e7\u00f5es Criminais (DEIC), deu cumprimento a dois mandados de busca e apreens\u00e3o na manh\u00e3 desta quarta-feira [&hellip;]<\/p>\n","protected":false},"author":5,"featured_media":20140,"comment_status":"closed","ping_status":"open","sticky":false,"template":"","format":"standard","meta":{"_monsterinsights_skip_tracking":false,"_monsterinsights_sitenote_active":false,"_monsterinsights_sitenote_note":"","_monsterinsights_sitenote_category":0,"footnotes":""},"categories":[1],"tags":[],"class_list":["post-20139","post","type-post","status-publish","format-standard","has-post-thumbnail","hentry","category-sem-categoria"],"_links":{"self":[{"href":"https:\/\/pc.sc.gov.br\/index.php?rest_route=\/wp\/v2\/posts\/20139","targetHints":{"allow":["GET"]}}],"collection":[{"href":"https:\/\/pc.sc.gov.br\/index.php?rest_route=\/wp\/v2\/posts"}],"about":[{"href":"https:\/\/pc.sc.gov.br\/index.php?rest_route=\/wp\/v2\/types\/post"}],"author":[{"embeddable":true,"href":"https:\/\/pc.sc.gov.br\/index.php?rest_route=\/wp\/v2\/users\/5"}],"replies":[{"embeddable":true,"href":"https:\/\/pc.sc.gov.br\/index.php?rest_route=%2Fwp%2Fv2%2Fcomments&post=20139"}],"version-history":[{"count":3,"href":"https:\/\/pc.sc.gov.br\/index.php?rest_route=\/wp\/v2\/posts\/20139\/revisions"}],"predecessor-version":[{"id":20144,"href":"https:\/\/pc.sc.gov.br\/index.php?rest_route=\/wp\/v2\/posts\/20139\/revisions\/20144"}],"wp:featuredmedia":[{"embeddable":true,"href":"https:\/\/pc.sc.gov.br\/index.php?rest_route=\/wp\/v2\/media\/20140"}],"wp:attachment":[{"href":"https:\/\/pc.sc.gov.br\/index.php?rest_route=%2Fwp%2Fv2%2Fmedia&parent=20139"}],"wp:term":[{"taxonomy":"category","embeddable":true,"href":"https:\/\/pc.sc.gov.br\/index.php?rest_route=%2Fwp%2Fv2%2Fcategories&post=20139"},{"taxonomy":"post_tag","embeddable":true,"href":"https:\/\/pc.sc.gov.br\/index.php?rest_route=%2Fwp%2Fv2%2Ftags&post=20139"}],"curies":[{"name":"wp","href":"https:\/\/api.w.org\/{rel}","templated":true}]}}