{"id":20151,"date":"2024-05-15T17:07:11","date_gmt":"2024-05-15T20:07:11","guid":{"rendered":"https:\/\/pc.sc.gov.br\/?p=20151"},"modified":"2024-05-15T18:00:53","modified_gmt":"2024-05-15T21:00:53","slug":"dpco-de-braco-do-norte-cumpre-mandado-de-prisao-preventiva-de-estelionatario-no-rio-grande-do-sul","status":"publish","type":"post","link":"https:\/\/pc.sc.gov.br\/?p=20151","title":{"rendered":"DPCo de Bra\u00e7o do Norte cumpre mandado de pris\u00e3o preventiva de estelionat\u00e1rio no Rio Grande do Sul"},"content":{"rendered":"\t\t<div data-elementor-type=\"wp-post\" data-elementor-id=\"20151\" class=\"elementor elementor-20151\" data-elementor-post-type=\"post\">\n\t\t\t\t\t\t<section class=\"elementor-section elementor-top-section elementor-element elementor-element-dd1dbf9 elementor-section-boxed elementor-section-height-default elementor-section-height-default\" data-id=\"dd1dbf9\" data-element_type=\"section\">\n\t\t\t\t\t\t<div class=\"elementor-container elementor-column-gap-default\">\n\t\t\t\t\t<div class=\"elementor-column elementor-col-100 elementor-top-column elementor-element elementor-element-fbfccd4\" data-id=\"fbfccd4\" data-element_type=\"column\">\n\t\t\t<div class=\"elementor-widget-wrap elementor-element-populated\">\n\t\t\t\t\t\t<div class=\"elementor-element elementor-element-a91a118 elementor-widget elementor-widget-heading\" data-id=\"a91a118\" data-element_type=\"widget\" data-widget_type=\"heading.default\">\n\t\t\t\t<div class=\"elementor-widget-container\">\n\t\t\t\t\t<h2 class=\"elementor-heading-title elementor-size-default\">DPCo de Bra\u00e7o do Norte cumpre mandado de pris\u00e3o preventiva de estelionat\u00e1rio no Rio Grande do Sul<\/h2>\t\t\t\t<\/div>\n\t\t\t\t<\/div>\n\t\t\t\t\t<\/div>\n\t\t<\/div>\n\t\t\t\t\t<\/div>\n\t\t<\/section>\n\t\t\t\t<section class=\"elementor-section elementor-top-section elementor-element elementor-element-de60b0c elementor-section-boxed elementor-section-height-default elementor-section-height-default\" data-id=\"de60b0c\" data-element_type=\"section\">\n\t\t\t\t\t\t<div class=\"elementor-container elementor-column-gap-default\">\n\t\t\t\t\t<div class=\"elementor-column elementor-col-100 elementor-top-column elementor-element elementor-element-addcaac\" data-id=\"addcaac\" data-element_type=\"column\">\n\t\t\t<div class=\"elementor-widget-wrap elementor-element-populated\">\n\t\t\t\t\t\t<div class=\"elementor-element elementor-element-49b1a87 elementor-widget elementor-widget-image\" data-id=\"49b1a87\" data-element_type=\"widget\" data-widget_type=\"image.default\">\n\t\t\t\t<div class=\"elementor-widget-container\">\n\t\t\t\t\t\t\t\t\t\t\t\t\t\t\t<img fetchpriority=\"high\" decoding=\"async\" width=\"696\" height=\"583\" src=\"https:\/\/pc.sc.gov.br\/\/wp-content\/uploads\/2024\/05\/52798047036_d7bc95aaed_k-fotor-20231101135311.jpg\" class=\"attachment-large size-large wp-image-20152\" alt=\"\" srcset=\"https:\/\/pc.sc.gov.br\/\/wp-content\/uploads\/2024\/05\/52798047036_d7bc95aaed_k-fotor-20231101135311.jpg 961w, https:\/\/pc.sc.gov.br\/\/wp-content\/uploads\/2024\/05\/52798047036_d7bc95aaed_k-fotor-20231101135311-300x251.jpg 300w, https:\/\/pc.sc.gov.br\/\/wp-content\/uploads\/2024\/05\/52798047036_d7bc95aaed_k-fotor-20231101135311-768x643.jpg 768w\" sizes=\"(max-width: 696px) 100vw, 696px\" \/>\t\t\t\t\t\t\t\t\t\t\t\t\t\t\t<\/div>\n\t\t\t\t<\/div>\n\t\t\t\t\t<\/div>\n\t\t<\/div>\n\t\t\t\t\t<\/div>\n\t\t<\/section>\n\t\t\t\t<section class=\"elementor-section elementor-top-section elementor-element elementor-element-93aa27e elementor-section-boxed elementor-section-height-default elementor-section-height-default\" data-id=\"93aa27e\" data-element_type=\"section\">\n\t\t\t\t\t\t<div class=\"elementor-container elementor-column-gap-default\">\n\t\t\t\t\t<div class=\"elementor-column elementor-col-100 elementor-top-column elementor-element elementor-element-8fe452e\" data-id=\"8fe452e\" data-element_type=\"column\">\n\t\t\t<div class=\"elementor-widget-wrap elementor-element-populated\">\n\t\t\t\t\t\t<div class=\"elementor-element elementor-element-07114bc elementor-widget elementor-widget-text-editor\" data-id=\"07114bc\" data-element_type=\"widget\" data-widget_type=\"text-editor.default\">\n\t\t\t\t<div class=\"elementor-widget-container\">\n\t\t\t\t\t\t\t\t\t<p>A Pol\u00edcia Civil de Santa Catarina, por meio da Delegacia de Pol\u00edcia da Comarca de Bra\u00e7o do Norte cumpriu nesta quarta-feira (15) mandado de pris\u00e3o preventiva de estelionat\u00e1rio, em Julio de Castinhos no Rio Grande do Sul.<\/p>\n<p>De acordo coma delegada titular e respons\u00e1vel pela investiga\u00e7\u00e3o, Jucin\u00eas Dilcin\u00e9ia Ferreira, o referido investigado, sob o v\u00ednculo trabalhista que mantinha com a empresa de Com\u00e9rcio Magazine Luiza, unidade de Bra\u00e7o do Norte, aplicou golpes a uma rede de pessoas, causando um preju\u00edzo preliminarmente levantado em aproximados mais de R$ 2 milh\u00f5es.&nbsp;<\/p>\n<p>As v\u00edtimas que cabalmente representaram para que fosse instaurado procedimento investigativo, manifestaram terem sido mantidas em erro pelo investigado que, sob a justificativa de deter v\u00ednculo trabalhista com a empresa de com\u00e9rcio citada, detinha descontos ultra especiais na aquisi\u00e7\u00e3o de produtos, cuja benesse era repassada a elas.&nbsp;<\/p>\n<p>Nesse sentido, ele recebia o dinheiro delas, adquirindo em nome dele e de familiares dele&nbsp; alguns itens de forma normal, repassando aos clientes\/v\u00edtimas n\u00famero ex\u00edguo de produtos a fim conquistar a confian\u00e7a delas.&nbsp;<\/p>\n<p>Com o objetivo alcan\u00e7ado ele, subsequentemente, atraia mais e mais v\u00edtimas e negocia\u00e7\u00f5es das j\u00e1 v\u00edtimas formadas que investiam cada vez mais sem contudo receber os produtos que negociaram com ele.&nbsp;<\/p>\n<p>A empresa Magazine Luiza quando tomou conhecimento interpelou o empregado golpista que de imediato, como contra resposta pediu desligamento da empresa, e dias ap\u00f3s fugiu da cidade de Bra\u00e7o do Norte, tomando paradeiro ignorado.&nbsp;<\/p>\n<p>De forma \u00e1gil e efetiva das dilig\u00eancias investigativas da Pol\u00edcia Civil de Bra\u00e7o do Norte, e via de consequ\u00eancia da autoridade policial que chefia as investiga\u00e7\u00f5es, a qual representou pela pris\u00e3o cautelar do investigado, al\u00e9m do bloqueio das contas banc\u00e1rias utilizadas e no nome do investigado, cuja manifesta\u00e7\u00e3o do Minist\u00e9rio P\u00fablico assim como da autoridade judicial foram favor\u00e1veis.&nbsp;<\/p>\n<p>Em continuidade, destinado esfor\u00e7os para localiza\u00e7\u00e3o do investigado, no \u00faltimo dia 13 fora identificado seu paradeiro, quando no dia 14, uma equipe de Bra\u00e7o do Norte deslocou-se para J\u00falio de Castilhos no Rio Grande do Sul, sendo cumprida a pris\u00e3o no meio dessa manh\u00e3 de quarta-feira, dia 15\/05.&nbsp;<\/p>\n<p>Ap\u00f3s os procedimentos de praxe da pris\u00e3o e do interrogat\u00f3rio, o investigado foi conduzido ao Pres\u00eddio de J\u00falio de Castilhos (RS).&nbsp;<\/p>\n<p>V\u00eddeo: delegada Jucin\u00eas Dilcin\u00e9ia Ferreira, delegada respons\u00e1vel pela invesiga\u00e7\u00e3o<span style=\"color: rgb(0, 0, 0); font-family: -apple-system, BlinkMacSystemFont, &quot;Segoe UI&quot;, Roboto, Helvetica, Arial, sans-serif; font-size: 14px; letter-spacing: normal; text-align: left; font-weight: var( --e-global-typography-primary-font-weight );\">.<\/span><\/p>\t\t\t\t\t\t\t\t<\/div>\n\t\t\t\t<\/div>\n\t\t\t\t\t<\/div>\n\t\t<\/div>\n\t\t\t\t\t<\/div>\n\t\t<\/section>\n\t\t\t\t<section class=\"elementor-section elementor-top-section elementor-element elementor-element-328cc96 elementor-section-boxed elementor-section-height-default elementor-section-height-default\" data-id=\"328cc96\" data-element_type=\"section\">\n\t\t\t\t\t\t<div class=\"elementor-container elementor-column-gap-default\">\n\t\t\t\t\t<div class=\"elementor-column elementor-col-100 elementor-top-column elementor-element elementor-element-5235b6b\" data-id=\"5235b6b\" data-element_type=\"column\">\n\t\t\t<div class=\"elementor-widget-wrap elementor-element-populated\">\n\t\t\t\t\t\t<div class=\"elementor-element elementor-element-6d827a4 elementor-widget__width-initial elementor-widget elementor-widget-video\" data-id=\"6d827a4\" data-element_type=\"widget\" data-settings=\"{&quot;video_type&quot;:&quot;hosted&quot;,&quot;controls&quot;:&quot;yes&quot;}\" data-widget_type=\"video.default\">\n\t\t\t\t<div class=\"elementor-widget-container\">\n\t\t\t\t\t\t\t<div class=\"e-hosted-video elementor-wrapper elementor-open-inline\">\n\t\t\t\t\t<video class=\"elementor-video\" src=\"https:\/\/pc.sc.gov.br\/wp-content\/uploads\/2024\/05\/WhatsApp-Video-2024-05-15-at-17.55.25.mp4\" controls=\"\" preload=\"metadata\"><\/video>\n\t\t\t\t<\/div>\n\t\t\t\t\t\t<\/div>\n\t\t\t\t<\/div>\n\t\t\t\t\t<\/div>\n\t\t<\/div>\n\t\t\t\t\t<\/div>\n\t\t<\/section>\n\t\t\t\t<\/div>\n\t\t","protected":false},"excerpt":{"rendered":"<p>DPCo de Bra\u00e7o do Norte cumpre mandado de pris\u00e3o preventiva de estelionat\u00e1rio no Rio Grande do Sul A Pol\u00edcia Civil de Santa Catarina, por meio da Delegacia de Pol\u00edcia da Comarca de Bra\u00e7o do Norte cumpriu nesta quarta-feira (15) mandado de pris\u00e3o preventiva de estelionat\u00e1rio, em Julio de Castinhos no Rio Grande do Sul. De [&hellip;]<\/p>\n","protected":false},"author":5,"featured_media":20152,"comment_status":"closed","ping_status":"open","sticky":false,"template":"","format":"standard","meta":{"_monsterinsights_skip_tracking":false,"_monsterinsights_sitenote_active":false,"_monsterinsights_sitenote_note":"","_monsterinsights_sitenote_category":0,"footnotes":""},"categories":[1],"tags":[],"class_list":["post-20151","post","type-post","status-publish","format-standard","has-post-thumbnail","hentry","category-sem-categoria"],"_links":{"self":[{"href":"https:\/\/pc.sc.gov.br\/index.php?rest_route=\/wp\/v2\/posts\/20151","targetHints":{"allow":["GET"]}}],"collection":[{"href":"https:\/\/pc.sc.gov.br\/index.php?rest_route=\/wp\/v2\/posts"}],"about":[{"href":"https:\/\/pc.sc.gov.br\/index.php?rest_route=\/wp\/v2\/types\/post"}],"author":[{"embeddable":true,"href":"https:\/\/pc.sc.gov.br\/index.php?rest_route=\/wp\/v2\/users\/5"}],"replies":[{"embeddable":true,"href":"https:\/\/pc.sc.gov.br\/index.php?rest_route=%2Fwp%2Fv2%2Fcomments&post=20151"}],"version-history":[{"count":6,"href":"https:\/\/pc.sc.gov.br\/index.php?rest_route=\/wp\/v2\/posts\/20151\/revisions"}],"predecessor-version":[{"id":20178,"href":"https:\/\/pc.sc.gov.br\/index.php?rest_route=\/wp\/v2\/posts\/20151\/revisions\/20178"}],"wp:featuredmedia":[{"embeddable":true,"href":"https:\/\/pc.sc.gov.br\/index.php?rest_route=\/wp\/v2\/media\/20152"}],"wp:attachment":[{"href":"https:\/\/pc.sc.gov.br\/index.php?rest_route=%2Fwp%2Fv2%2Fmedia&parent=20151"}],"wp:term":[{"taxonomy":"category","embeddable":true,"href":"https:\/\/pc.sc.gov.br\/index.php?rest_route=%2Fwp%2Fv2%2Fcategories&post=20151"},{"taxonomy":"post_tag","embeddable":true,"href":"https:\/\/pc.sc.gov.br\/index.php?rest_route=%2Fwp%2Fv2%2Ftags&post=20151"}],"curies":[{"name":"wp","href":"https:\/\/api.w.org\/{rel}","templated":true}]}}