{"id":20162,"date":"2024-05-15T17:43:20","date_gmt":"2024-05-15T20:43:20","guid":{"rendered":"https:\/\/pc.sc.gov.br\/?p=20162"},"modified":"2024-05-15T17:46:00","modified_gmt":"2024-05-15T20:46:00","slug":"pcsc-cumpre-mandados-de-prisao-preventiva-de-busca-e-apreensao-e-de-sequestro-e-indisponibilidade-de-bens-em-oito-cidades-de-sc","status":"publish","type":"post","link":"https:\/\/pc.sc.gov.br\/?p=20162","title":{"rendered":"PCSC cumpre mandados de pris\u00e3o preventiva, de busca e apreens\u00e3o e de sequestro e indisponibilidade de bens em oito cidades de SC"},"content":{"rendered":"\t\t<div data-elementor-type=\"wp-post\" data-elementor-id=\"20162\" class=\"elementor elementor-20162\" data-elementor-post-type=\"post\">\n\t\t\t\t\t\t<section class=\"elementor-section elementor-top-section elementor-element elementor-element-c127eb0 elementor-section-boxed elementor-section-height-default elementor-section-height-default\" data-id=\"c127eb0\" data-element_type=\"section\">\n\t\t\t\t\t\t<div class=\"elementor-container elementor-column-gap-default\">\n\t\t\t\t\t<div class=\"elementor-column elementor-col-100 elementor-top-column elementor-element elementor-element-0a84c56\" data-id=\"0a84c56\" data-element_type=\"column\">\n\t\t\t<div class=\"elementor-widget-wrap elementor-element-populated\">\n\t\t\t\t\t\t<div class=\"elementor-element elementor-element-1cd459f elementor-widget elementor-widget-heading\" data-id=\"1cd459f\" data-element_type=\"widget\" data-widget_type=\"heading.default\">\n\t\t\t\t<div class=\"elementor-widget-container\">\n\t\t\t\t\t<h2 class=\"elementor-heading-title elementor-size-default\">Pol\u00edcia Civil cumpre mandados de pris\u00e3o preventiva, de busca e apreens\u00e3o e de sequestro e indisponibilidade de bens em oito cidades de SC<\/h2>\t\t\t\t<\/div>\n\t\t\t\t<\/div>\n\t\t\t\t\t<\/div>\n\t\t<\/div>\n\t\t\t\t\t<\/div>\n\t\t<\/section>\n\t\t\t\t<section class=\"elementor-section elementor-top-section elementor-element elementor-element-df7edc0 elementor-section-boxed elementor-section-height-default elementor-section-height-default\" data-id=\"df7edc0\" data-element_type=\"section\">\n\t\t\t\t\t\t<div class=\"elementor-container elementor-column-gap-default\">\n\t\t\t\t\t<div class=\"elementor-column elementor-col-100 elementor-top-column elementor-element elementor-element-d1c0b19\" data-id=\"d1c0b19\" data-element_type=\"column\">\n\t\t\t<div class=\"elementor-widget-wrap elementor-element-populated\">\n\t\t\t\t\t\t<div class=\"elementor-element elementor-element-b26caff elementor-widget elementor-widget-image\" data-id=\"b26caff\" data-element_type=\"widget\" data-widget_type=\"image.default\">\n\t\t\t\t<div class=\"elementor-widget-container\">\n\t\t\t\t\t\t\t\t\t\t\t\t\t\t\t<img fetchpriority=\"high\" decoding=\"async\" width=\"696\" height=\"605\" src=\"https:\/\/pc.sc.gov.br\/\/wp-content\/uploads\/2024\/05\/030ae5e2-706f-4600-a4f1-e1b4888edf01-fotor-20240515174050-1024x890.jpg\" class=\"attachment-large size-large wp-image-20163\" alt=\"\" srcset=\"https:\/\/pc.sc.gov.br\/\/wp-content\/uploads\/2024\/05\/030ae5e2-706f-4600-a4f1-e1b4888edf01-fotor-20240515174050-1024x890.jpg 1024w, https:\/\/pc.sc.gov.br\/\/wp-content\/uploads\/2024\/05\/030ae5e2-706f-4600-a4f1-e1b4888edf01-fotor-20240515174050-300x261.jpg 300w, https:\/\/pc.sc.gov.br\/\/wp-content\/uploads\/2024\/05\/030ae5e2-706f-4600-a4f1-e1b4888edf01-fotor-20240515174050-768x668.jpg 768w, https:\/\/pc.sc.gov.br\/\/wp-content\/uploads\/2024\/05\/030ae5e2-706f-4600-a4f1-e1b4888edf01-fotor-20240515174050.jpg 1196w\" sizes=\"(max-width: 696px) 100vw, 696px\" \/>\t\t\t\t\t\t\t\t\t\t\t\t\t\t\t<\/div>\n\t\t\t\t<\/div>\n\t\t\t\t\t<\/div>\n\t\t<\/div>\n\t\t\t\t\t<\/div>\n\t\t<\/section>\n\t\t\t\t<section class=\"elementor-section elementor-top-section elementor-element elementor-element-a7e94ab elementor-section-boxed elementor-section-height-default elementor-section-height-default\" data-id=\"a7e94ab\" data-element_type=\"section\">\n\t\t\t\t\t\t<div class=\"elementor-container elementor-column-gap-default\">\n\t\t\t\t\t<div class=\"elementor-column elementor-col-100 elementor-top-column elementor-element elementor-element-9275b60\" data-id=\"9275b60\" data-element_type=\"column\">\n\t\t\t<div class=\"elementor-widget-wrap elementor-element-populated\">\n\t\t\t\t\t\t<div class=\"elementor-element elementor-element-4e141ba elementor-widget elementor-widget-text-editor\" data-id=\"4e141ba\" data-element_type=\"widget\" data-widget_type=\"text-editor.default\">\n\t\t\t\t<div class=\"elementor-widget-container\">\n\t\t\t\t\t\t\t\t\t<p>Na manh\u00e3 desta quarta-feira (15) a Pol\u00edcia Civil, por meio da DIC e DRFR de Blumenau, deflagrou opera\u00e7\u00e3o policial denominada \u201cSurpresa\u201d para cumprir 12 mandados de pris\u00e3o preventiva e 25 de busca e apreens\u00e3o, al\u00e9m do sequestro e indisponibilidade de bens, direitos e valores em desfavor de pessoas envolvidas com o tr\u00e1fico de drogas e lavagem de dinheiro. At\u00e9 o final da tarde, 11 pessoas haviam sido presas.\u00a0<\/p><p>A opera\u00e7\u00e3o contou com o apoio da DIC de Itaja\u00ed, DIC de Balne\u00e1rio Cambori\u00fa, DIC de Brusque, DIC de S\u00e3o Jos\u00e9, da DPCo de Ascurra, DTCA, DRP e DPCAMI de Blumenau, DPCo de Brusque, DPCo de Tijucas, DPCo de Cambori\u00fa, CPP de Balne\u00e1rio Cambori\u00fa e das 3\u00aa, 4\u00aa e 5\u00aa DPCos de Joinville. Ao todo, 65 policiais civis participaram da opera\u00e7\u00e3o.<\/p><p>Em maio de 2023, a DIC de Blumenau cumpriu mandado de busca e apreens\u00e3o contra um investigado por tr\u00e1fico de drogas na cidade de Porto Belo. Na oportunidade, o alvo da dilig\u00eancia n\u00e3o foi localizado, mas havia um casal no im\u00f3vel que estava de posse de um ve\u00edculo avaliado em R$ 145 mil e mantinha em esp\u00e9cie a quantia de R$ 71.901,00. De imediato, o casal negou qualquer v\u00ednculo com o investigado procurado.<\/p><p>Todavia, no decorrer das investiga\u00e7\u00f5es, comprovou-se n\u00e3o s\u00f3 uma estreita rela\u00e7\u00e3o entre o casal e o principal investigado como tamb\u00e9m um forte esquema de lavagem de dinheiro proveniente do tr\u00e1fico de drogas.<\/p><p>A partir da an\u00e1lise financeira dos investigados (a maioria com passagens pelo crime de tr\u00e1fico de drogas) foi poss\u00edvel demonstrar que o grupo criminoso movimentou mais de R$ 112 milh\u00f5es.<\/p><p>A fim de cessar a pr\u00e1tica de crimes, a PCSC representou pela pris\u00e3o preventiva, busca e apreens\u00e3o, sequestro e indisponibilidade de bens, direitos e valores dos investigados, medidas prontamente deferidas pelo Poder Judici\u00e1rio de Blumenau.\u00a0<\/p><p>As buscas foram realizadas nas cidades de Blumenau, Balne\u00e1rio Pi\u00e7arras, Balne\u00e1rio Cambori\u00fa, Cambori\u00fa, Itapema, Porto Belo, Governador Celso Ramos e S\u00e3o Jos\u00e9. Al\u00e9m de celulares, computadores e documentos, que ainda ser\u00e3o analisados, tamb\u00e9m fora apreendidos dinheiro, autom\u00f3veis e um quadriciclo. Os presos foram encaminhados ao Pres\u00eddio Regional de Itaja\u00ed.<\/p>\t\t\t\t\t\t\t\t<\/div>\n\t\t\t\t<\/div>\n\t\t\t\t\t<\/div>\n\t\t<\/div>\n\t\t\t\t\t<\/div>\n\t\t<\/section>\n\t\t\t\t<section class=\"elementor-section elementor-top-section elementor-element elementor-element-618dcb4 elementor-section-boxed elementor-section-height-default elementor-section-height-default\" data-id=\"618dcb4\" data-element_type=\"section\">\n\t\t\t\t\t\t<div class=\"elementor-container elementor-column-gap-default\">\n\t\t\t\t\t<div class=\"elementor-column elementor-col-100 elementor-top-column elementor-element elementor-element-66e8bd1\" data-id=\"66e8bd1\" data-element_type=\"column\">\n\t\t\t<div class=\"elementor-widget-wrap elementor-element-populated\">\n\t\t\t\t\t\t<div class=\"elementor-element elementor-element-6b59a1b elementor-widget__width-initial elementor-widget elementor-widget-video\" data-id=\"6b59a1b\" data-element_type=\"widget\" data-settings=\"{&quot;video_type&quot;:&quot;hosted&quot;,&quot;controls&quot;:&quot;yes&quot;}\" data-widget_type=\"video.default\">\n\t\t\t\t<div class=\"elementor-widget-container\">\n\t\t\t\t\t\t\t<div class=\"e-hosted-video elementor-wrapper elementor-open-inline\">\n\t\t\t\t\t<video class=\"elementor-video\" src=\"https:\/\/pc.sc.gov.br\/wp-content\/uploads\/2024\/05\/WhatsApp-Video-2024-05-15-at-16.45.40.mp4\" controls=\"\" preload=\"metadata\"><\/video>\n\t\t\t\t<\/div>\n\t\t\t\t\t\t<\/div>\n\t\t\t\t<\/div>\n\t\t\t\t\t<\/div>\n\t\t<\/div>\n\t\t\t\t\t<\/div>\n\t\t<\/section>\n\t\t\t\t<\/div>\n\t\t","protected":false},"excerpt":{"rendered":"<p>Pol\u00edcia Civil cumpre mandados de pris\u00e3o preventiva, de busca e apreens\u00e3o e de sequestro e indisponibilidade de bens em oito cidades de SC Na manh\u00e3 desta quarta-feira (15) a Pol\u00edcia Civil, por meio da DIC e DRFR de Blumenau, deflagrou opera\u00e7\u00e3o policial denominada \u201cSurpresa\u201d para cumprir 12 mandados de pris\u00e3o preventiva e 25 de busca [&hellip;]<\/p>\n","protected":false},"author":5,"featured_media":20163,"comment_status":"closed","ping_status":"open","sticky":false,"template":"","format":"standard","meta":{"_monsterinsights_skip_tracking":false,"_monsterinsights_sitenote_active":false,"_monsterinsights_sitenote_note":"","_monsterinsights_sitenote_category":0,"footnotes":""},"categories":[1],"tags":[],"class_list":["post-20162","post","type-post","status-publish","format-standard","has-post-thumbnail","hentry","category-sem-categoria"],"_links":{"self":[{"href":"https:\/\/pc.sc.gov.br\/index.php?rest_route=\/wp\/v2\/posts\/20162","targetHints":{"allow":["GET"]}}],"collection":[{"href":"https:\/\/pc.sc.gov.br\/index.php?rest_route=\/wp\/v2\/posts"}],"about":[{"href":"https:\/\/pc.sc.gov.br\/index.php?rest_route=\/wp\/v2\/types\/post"}],"author":[{"embeddable":true,"href":"https:\/\/pc.sc.gov.br\/index.php?rest_route=\/wp\/v2\/users\/5"}],"replies":[{"embeddable":true,"href":"https:\/\/pc.sc.gov.br\/index.php?rest_route=%2Fwp%2Fv2%2Fcomments&post=20162"}],"version-history":[{"count":10,"href":"https:\/\/pc.sc.gov.br\/index.php?rest_route=\/wp\/v2\/posts\/20162\/revisions"}],"predecessor-version":[{"id":20174,"href":"https:\/\/pc.sc.gov.br\/index.php?rest_route=\/wp\/v2\/posts\/20162\/revisions\/20174"}],"wp:featuredmedia":[{"embeddable":true,"href":"https:\/\/pc.sc.gov.br\/index.php?rest_route=\/wp\/v2\/media\/20163"}],"wp:attachment":[{"href":"https:\/\/pc.sc.gov.br\/index.php?rest_route=%2Fwp%2Fv2%2Fmedia&parent=20162"}],"wp:term":[{"taxonomy":"category","embeddable":true,"href":"https:\/\/pc.sc.gov.br\/index.php?rest_route=%2Fwp%2Fv2%2Fcategories&post=20162"},{"taxonomy":"post_tag","embeddable":true,"href":"https:\/\/pc.sc.gov.br\/index.php?rest_route=%2Fwp%2Fv2%2Ftags&post=20162"}],"curies":[{"name":"wp","href":"https:\/\/api.w.org\/{rel}","templated":true}]}}