{"id":20179,"date":"2024-05-15T18:21:27","date_gmt":"2024-05-15T21:21:27","guid":{"rendered":"https:\/\/pc.sc.gov.br\/?p=20179"},"modified":"2024-05-15T18:22:54","modified_gmt":"2024-05-15T21:22:54","slug":"diretor-da-deic-da-policia-civil-de-sc-participa-como-expositor-da-18a-edicao-do-encontro-seguranca-publica-em-foco-em-brasilia","status":"publish","type":"post","link":"https:\/\/pc.sc.gov.br\/?p=20179","title":{"rendered":"Diretor da DEIC da Pol\u00edcia Civil de SC participa como expositor da 18\u00aa edi\u00e7\u00e3o do Encontro Seguran\u00e7a P\u00fablica em Foco em Bras\u00edlia"},"content":{"rendered":"\t\t<div data-elementor-type=\"wp-post\" data-elementor-id=\"20179\" class=\"elementor elementor-20179\" data-elementor-post-type=\"post\">\n\t\t\t\t\t\t<section class=\"elementor-section elementor-top-section elementor-element elementor-element-5dfa997 elementor-section-boxed elementor-section-height-default elementor-section-height-default\" data-id=\"5dfa997\" data-element_type=\"section\">\n\t\t\t\t\t\t<div class=\"elementor-container elementor-column-gap-default\">\n\t\t\t\t\t<div class=\"elementor-column elementor-col-100 elementor-top-column elementor-element elementor-element-c94cd7c\" data-id=\"c94cd7c\" data-element_type=\"column\">\n\t\t\t<div class=\"elementor-widget-wrap elementor-element-populated\">\n\t\t\t\t\t\t<div class=\"elementor-element elementor-element-90fad46 elementor-widget elementor-widget-heading\" data-id=\"90fad46\" data-element_type=\"widget\" data-widget_type=\"heading.default\">\n\t\t\t\t<div class=\"elementor-widget-container\">\n\t\t\t\t\t<h2 class=\"elementor-heading-title elementor-size-default\">Diretor da DEIC da Pol\u00edcia Civil de SC participa como expositor da 18\u00aa edi\u00e7\u00e3o do Encontro Seguran\u00e7a P\u00fablica em Foco em Bras\u00edlia<\/h2>\t\t\t\t<\/div>\n\t\t\t\t<\/div>\n\t\t\t\t\t<\/div>\n\t\t<\/div>\n\t\t\t\t\t<\/div>\n\t\t<\/section>\n\t\t\t\t<section class=\"elementor-section elementor-top-section elementor-element elementor-element-dece212 elementor-section-boxed elementor-section-height-default elementor-section-height-default\" data-id=\"dece212\" data-element_type=\"section\">\n\t\t\t\t\t\t<div class=\"elementor-container elementor-column-gap-default\">\n\t\t\t\t\t<div class=\"elementor-column elementor-col-100 elementor-top-column elementor-element elementor-element-ab9e975\" data-id=\"ab9e975\" data-element_type=\"column\">\n\t\t\t<div class=\"elementor-widget-wrap elementor-element-populated\">\n\t\t\t\t\t\t<div class=\"elementor-element elementor-element-41c98a1 elementor-widget elementor-widget-image\" data-id=\"41c98a1\" data-element_type=\"widget\" data-widget_type=\"image.default\">\n\t\t\t\t<div class=\"elementor-widget-container\">\n\t\t\t\t\t\t\t\t\t\t\t\t\t\t\t<img fetchpriority=\"high\" decoding=\"async\" width=\"696\" height=\"464\" src=\"https:\/\/pc.sc.gov.br\/\/wp-content\/uploads\/2024\/05\/53723687803_41b8f73422_k-1024x683.jpg\" class=\"attachment-large size-large wp-image-20181\" alt=\"\" srcset=\"https:\/\/pc.sc.gov.br\/\/wp-content\/uploads\/2024\/05\/53723687803_41b8f73422_k-1024x683.jpg 1024w, https:\/\/pc.sc.gov.br\/\/wp-content\/uploads\/2024\/05\/53723687803_41b8f73422_k-300x200.jpg 300w, https:\/\/pc.sc.gov.br\/\/wp-content\/uploads\/2024\/05\/53723687803_41b8f73422_k-768x512.jpg 768w, https:\/\/pc.sc.gov.br\/\/wp-content\/uploads\/2024\/05\/53723687803_41b8f73422_k-1536x1024.jpg 1536w, https:\/\/pc.sc.gov.br\/\/wp-content\/uploads\/2024\/05\/53723687803_41b8f73422_k.jpg 2048w\" sizes=\"(max-width: 696px) 100vw, 696px\" \/>\t\t\t\t\t\t\t\t\t\t\t\t\t\t\t<\/div>\n\t\t\t\t<\/div>\n\t\t\t\t\t<\/div>\n\t\t<\/div>\n\t\t\t\t\t<\/div>\n\t\t<\/section>\n\t\t\t\t<section class=\"elementor-section elementor-top-section elementor-element elementor-element-aca3999 elementor-section-boxed elementor-section-height-default elementor-section-height-default\" data-id=\"aca3999\" data-element_type=\"section\">\n\t\t\t\t\t\t<div class=\"elementor-container elementor-column-gap-default\">\n\t\t\t\t\t<div class=\"elementor-column elementor-col-100 elementor-top-column elementor-element elementor-element-9f611f1\" data-id=\"9f611f1\" data-element_type=\"column\">\n\t\t\t<div class=\"elementor-widget-wrap elementor-element-populated\">\n\t\t\t\t\t\t<div class=\"elementor-element elementor-element-156a52f elementor-widget elementor-widget-text-editor\" data-id=\"156a52f\" data-element_type=\"widget\" data-widget_type=\"text-editor.default\">\n\t\t\t\t<div class=\"elementor-widget-container\">\n\t\t\t\t\t\t\t\t\t<p>Nesta quarta-feira (15), a Pol\u00edcia Civil de Santa Catarina foi representada pela participa\u00e7\u00e3o do Diretor Estadual de Investiga\u00e7\u00f5es Criminais da institui\u00e7\u00e3o policial, delegado Daniel S\u00e1 Fortes R\u00e9gis, como expositor na 18\u00aa edi\u00e7\u00e3o do Encontro Seguran\u00e7a P\u00fablica em Foco, que teve como tema central o Combate \u00e0 Cibercriminalidade. O evento foi promovido pelo Conselho Nacional do Minist\u00e9rio P\u00fablico e aconteceu em Bras\u00edlia (DF).<\/p>\n<p>No evento, o delegado Daniel R\u00e9gis, destacou que a Pol\u00edcia Civil de SC est\u00e1 \u00e0 disposi\u00e7\u00e3o do Conselho Nacional do Minist\u00e9rio P\u00fablico. \u201cTemos atuado fortemente no combate ao cibercrime no nosso estado. Destaco que, j\u00e1 que n\u00e3o h\u00e1 fronteiras para esse tipo de crime, n\u00e3o h\u00e1 fronteiras tamb\u00e9m para todos n\u00f3s que estamos do lado de c\u00e1 da persecu\u00e7\u00e3o penal\u201d, enfatizou o delegado R\u00e9gis.<\/p>\n<p>Durante o evento, o delegado R\u00e9gis falou sobre a atua\u00e7\u00e3o da DEIC\/PCSC no combate aos Cibercrimes, com destaque para os crimes de fraude pela internet, lavagem de dinheiro, pornografia infantil, crimes de \u00f3dio e racismo de delitos de intoler\u00e2ncia.<\/p>\n<p>O evento foi mediado pelo presidente da Comiss\u00e3o, conselheiro Jaime Miranda e contou com a participa\u00e7\u00e3o tamb\u00e9m o promotor de Justi\u00e7a e coordenador de Planejamento Institucional do Minist\u00e9rio P\u00fablico de Minas Gerais (MPMG), Rafael Fernandes. &nbsp;<\/p>\n<p>O projeto Seguran\u00e7a P\u00fablica em Foco busca promover a intera\u00e7\u00e3o do Minist\u00e9rio P\u00fablico com os \u00f3rg\u00e3os do Sistema \u00danico de Seguran\u00e7a P\u00fablica (SUSP) e do Sistema de Justi\u00e7a criminal.<\/p>\n<p><b>O evento pode ser assistido na \u00edntegra pelo Youtube:<\/b>&nbsp;<a href=\"https:\/\/www.youtube.com\/watch?v=aIl_ZOrdfDs\" target=\"_blank\" style=\"font-family: var( --e-global-typography-primary-font-family ), Sans-serif; font-size: var( --e-global-typography-primary-font-size ); font-weight: var( --e-global-typography-primary-font-weight ); letter-spacing: var( --e-global-typography-primary-letter-spacing ); background-color: rgb(255, 255, 255);\">https:\/\/www.youtube.com\/watch?v=aIl_ZOrdfDs<\/a><\/p>\t\t\t\t\t\t\t\t<\/div>\n\t\t\t\t<\/div>\n\t\t\t\t\t<\/div>\n\t\t<\/div>\n\t\t\t\t\t<\/div>\n\t\t<\/section>\n\t\t\t\t<section class=\"elementor-section elementor-top-section elementor-element elementor-element-fed0fef elementor-section-boxed elementor-section-height-default elementor-section-height-default\" data-id=\"fed0fef\" data-element_type=\"section\">\n\t\t\t\t\t\t<div class=\"elementor-container elementor-column-gap-default\">\n\t\t\t\t\t<div class=\"elementor-column elementor-col-100 elementor-top-column elementor-element elementor-element-f3fb133\" data-id=\"f3fb133\" data-element_type=\"column\">\n\t\t\t<div class=\"elementor-widget-wrap elementor-element-populated\">\n\t\t\t\t\t\t<div class=\"elementor-element elementor-element-875048f elementor-widget elementor-widget-image\" data-id=\"875048f\" data-element_type=\"widget\" data-widget_type=\"image.default\">\n\t\t\t\t<div class=\"elementor-widget-container\">\n\t\t\t\t\t\t\t\t\t\t\t\t\t\t\t<img decoding=\"async\" width=\"696\" height=\"522\" src=\"https:\/\/pc.sc.gov.br\/\/wp-content\/uploads\/2024\/05\/WhatsApp-Image-2024-05-15-at-17.44.00-1024x768.jpeg\" class=\"attachment-large size-large wp-image-20180\" alt=\"\" srcset=\"https:\/\/pc.sc.gov.br\/\/wp-content\/uploads\/2024\/05\/WhatsApp-Image-2024-05-15-at-17.44.00-1024x768.jpeg 1024w, https:\/\/pc.sc.gov.br\/\/wp-content\/uploads\/2024\/05\/WhatsApp-Image-2024-05-15-at-17.44.00-300x225.jpeg 300w, https:\/\/pc.sc.gov.br\/\/wp-content\/uploads\/2024\/05\/WhatsApp-Image-2024-05-15-at-17.44.00-768x576.jpeg 768w, https:\/\/pc.sc.gov.br\/\/wp-content\/uploads\/2024\/05\/WhatsApp-Image-2024-05-15-at-17.44.00-1536x1152.jpeg 1536w, https:\/\/pc.sc.gov.br\/\/wp-content\/uploads\/2024\/05\/WhatsApp-Image-2024-05-15-at-17.44.00.jpeg 1600w\" sizes=\"(max-width: 696px) 100vw, 696px\" \/>\t\t\t\t\t\t\t\t\t\t\t\t\t\t\t<\/div>\n\t\t\t\t<\/div>\n\t\t\t\t\t<\/div>\n\t\t<\/div>\n\t\t\t\t\t<\/div>\n\t\t<\/section>\n\t\t\t\t<\/div>\n\t\t","protected":false},"excerpt":{"rendered":"<p>Diretor da DEIC da Pol\u00edcia Civil de SC participa como expositor da 18\u00aa edi\u00e7\u00e3o do Encontro Seguran\u00e7a P\u00fablica em Foco em Bras\u00edlia Nesta quarta-feira (15), a Pol\u00edcia Civil de Santa Catarina foi representada pela participa\u00e7\u00e3o do Diretor Estadual de Investiga\u00e7\u00f5es Criminais da institui\u00e7\u00e3o policial, delegado Daniel S\u00e1 Fortes R\u00e9gis, como expositor na 18\u00aa edi\u00e7\u00e3o do [&hellip;]<\/p>\n","protected":false},"author":5,"featured_media":20181,"comment_status":"closed","ping_status":"open","sticky":false,"template":"","format":"standard","meta":{"_monsterinsights_skip_tracking":false,"_monsterinsights_sitenote_active":false,"_monsterinsights_sitenote_note":"","_monsterinsights_sitenote_category":0,"footnotes":""},"categories":[1],"tags":[],"class_list":["post-20179","post","type-post","status-publish","format-standard","has-post-thumbnail","hentry","category-sem-categoria"],"_links":{"self":[{"href":"https:\/\/pc.sc.gov.br\/index.php?rest_route=\/wp\/v2\/posts\/20179","targetHints":{"allow":["GET"]}}],"collection":[{"href":"https:\/\/pc.sc.gov.br\/index.php?rest_route=\/wp\/v2\/posts"}],"about":[{"href":"https:\/\/pc.sc.gov.br\/index.php?rest_route=\/wp\/v2\/types\/post"}],"author":[{"embeddable":true,"href":"https:\/\/pc.sc.gov.br\/index.php?rest_route=\/wp\/v2\/users\/5"}],"replies":[{"embeddable":true,"href":"https:\/\/pc.sc.gov.br\/index.php?rest_route=%2Fwp%2Fv2%2Fcomments&post=20179"}],"version-history":[{"count":4,"href":"https:\/\/pc.sc.gov.br\/index.php?rest_route=\/wp\/v2\/posts\/20179\/revisions"}],"predecessor-version":[{"id":20185,"href":"https:\/\/pc.sc.gov.br\/index.php?rest_route=\/wp\/v2\/posts\/20179\/revisions\/20185"}],"wp:featuredmedia":[{"embeddable":true,"href":"https:\/\/pc.sc.gov.br\/index.php?rest_route=\/wp\/v2\/media\/20181"}],"wp:attachment":[{"href":"https:\/\/pc.sc.gov.br\/index.php?rest_route=%2Fwp%2Fv2%2Fmedia&parent=20179"}],"wp:term":[{"taxonomy":"category","embeddable":true,"href":"https:\/\/pc.sc.gov.br\/index.php?rest_route=%2Fwp%2Fv2%2Fcategories&post=20179"},{"taxonomy":"post_tag","embeddable":true,"href":"https:\/\/pc.sc.gov.br\/index.php?rest_route=%2Fwp%2Fv2%2Ftags&post=20179"}],"curies":[{"name":"wp","href":"https:\/\/api.w.org\/{rel}","templated":true}]}}