{"id":20201,"date":"2024-05-16T12:10:55","date_gmt":"2024-05-16T15:10:55","guid":{"rendered":"https:\/\/pc.sc.gov.br\/?p=20201"},"modified":"2024-05-16T12:33:20","modified_gmt":"2024-05-16T15:33:20","slug":"pcsc-envia-mais-28-policiais-civis-para-atuar-na-missao-humanitaria-no-rio-grande-do-sul","status":"publish","type":"post","link":"https:\/\/pc.sc.gov.br\/?p=20201","title":{"rendered":"PCSC envia mais 28 policiais civis para atuar na miss\u00e3o humanit\u00e1ria no Rio Grande do Sul"},"content":{"rendered":"\t\t<div data-elementor-type=\"wp-post\" data-elementor-id=\"20201\" class=\"elementor elementor-20201\" data-elementor-post-type=\"post\">\n\t\t\t\t\t\t<section class=\"elementor-section elementor-top-section elementor-element elementor-element-1317e42 elementor-section-boxed elementor-section-height-default elementor-section-height-default\" data-id=\"1317e42\" data-element_type=\"section\">\n\t\t\t\t\t\t<div class=\"elementor-container elementor-column-gap-default\">\n\t\t\t\t\t<div class=\"elementor-column elementor-col-100 elementor-top-column elementor-element elementor-element-1e2954c\" data-id=\"1e2954c\" data-element_type=\"column\">\n\t\t\t<div class=\"elementor-widget-wrap elementor-element-populated\">\n\t\t\t\t\t\t<div class=\"elementor-element elementor-element-fd37dd5 elementor-widget elementor-widget-heading\" data-id=\"fd37dd5\" data-element_type=\"widget\" data-widget_type=\"heading.default\">\n\t\t\t\t<div class=\"elementor-widget-container\">\n\t\t\t\t\t<h2 class=\"elementor-heading-title elementor-size-default\">PCSC envia mais 28 policiais civis para atuar na miss\u00e3o humanit\u00e1ria no Rio Grande do Sul<\/h2>\t\t\t\t<\/div>\n\t\t\t\t<\/div>\n\t\t\t\t\t<\/div>\n\t\t<\/div>\n\t\t\t\t\t<\/div>\n\t\t<\/section>\n\t\t\t\t<section class=\"elementor-section elementor-top-section elementor-element elementor-element-e333691 elementor-section-boxed elementor-section-height-default elementor-section-height-default\" data-id=\"e333691\" data-element_type=\"section\">\n\t\t\t\t\t\t<div class=\"elementor-container elementor-column-gap-default\">\n\t\t\t\t\t<div class=\"elementor-column elementor-col-100 elementor-top-column elementor-element elementor-element-73d5320\" data-id=\"73d5320\" data-element_type=\"column\">\n\t\t\t<div class=\"elementor-widget-wrap elementor-element-populated\">\n\t\t\t\t\t\t<div class=\"elementor-element elementor-element-6a7884e elementor-widget elementor-widget-image\" data-id=\"6a7884e\" data-element_type=\"widget\" data-widget_type=\"image.default\">\n\t\t\t\t<div class=\"elementor-widget-container\">\n\t\t\t\t\t\t\t\t\t\t\t\t\t\t\t<img fetchpriority=\"high\" decoding=\"async\" width=\"696\" height=\"472\" src=\"https:\/\/pc.sc.gov.br\/\/wp-content\/uploads\/2024\/05\/53724532752_9972781ac2_c.jpg\" class=\"attachment-large size-large wp-image-20213\" alt=\"\" srcset=\"https:\/\/pc.sc.gov.br\/\/wp-content\/uploads\/2024\/05\/53724532752_9972781ac2_c.jpg 800w, https:\/\/pc.sc.gov.br\/\/wp-content\/uploads\/2024\/05\/53724532752_9972781ac2_c-300x204.jpg 300w, https:\/\/pc.sc.gov.br\/\/wp-content\/uploads\/2024\/05\/53724532752_9972781ac2_c-768x521.jpg 768w\" sizes=\"(max-width: 696px) 100vw, 696px\" \/>\t\t\t\t\t\t\t\t\t\t\t\t\t\t\t<\/div>\n\t\t\t\t<\/div>\n\t\t\t\t\t<\/div>\n\t\t<\/div>\n\t\t\t\t\t<\/div>\n\t\t<\/section>\n\t\t\t\t<section class=\"elementor-section elementor-top-section elementor-element elementor-element-513b474 elementor-section-boxed elementor-section-height-default elementor-section-height-default\" data-id=\"513b474\" data-element_type=\"section\">\n\t\t\t\t\t\t<div class=\"elementor-container elementor-column-gap-default\">\n\t\t\t\t\t<div class=\"elementor-column elementor-col-100 elementor-top-column elementor-element elementor-element-d73a79d\" data-id=\"d73a79d\" data-element_type=\"column\">\n\t\t\t<div class=\"elementor-widget-wrap elementor-element-populated\">\n\t\t\t\t\t\t<div class=\"elementor-element elementor-element-cdc57cf elementor-widget elementor-widget-text-editor\" data-id=\"cdc57cf\" data-element_type=\"widget\" data-widget_type=\"text-editor.default\">\n\t\t\t\t<div class=\"elementor-widget-container\">\n\t\t\t\t\t\t\t\t\t<p>A Pol\u00edcia Civil de Santa Catarina enviou na manh\u00e3 desta quinta-feira (16), mais 28 policiais civis, que v\u00e3o se juntar as demais for\u00e7as de seguran\u00e7a que atuam no socorro \u00e0s v\u00edtimas das enchentes que assolam o Rio Grande do Sul, em especial na regi\u00e3o da Grande Porto Alegre.&nbsp;&nbsp;<\/p>\n<p>O comboio \u00e9 formado por policiais civis que atuam nas delegacias de Laguna, Xaxim, S\u00e3o Louren\u00e7o do Oeste, Palho\u00e7a, Florian\u00f3polis, Blumenau, Joinville, Crici\u00fama e Itaja\u00ed. Nas viaturas, os policiais tamb\u00e9m est\u00e3o levando mantimentos recolhidos nas delegacias para entregar nos abrigos.&nbsp;<\/p>\n<p>Uma sacola com um bilhete carinhoso se destacava em meio \u00e0s doa\u00e7\u00f5es. A filha do agente de pol\u00edcia de Joinville,Caio Catalan, embalou bombons e brinquedos e colocou um bilhetinho carinhoso para as crian\u00e7as. S\u00f3 fez um pedido: que entregassem em abrigos que est\u00e3o recebendo crian\u00e7as autistas.&nbsp;<\/p>\n<p>A equipe da PCSC vai com a miss\u00e3o de resgatar pessoas em situa\u00e7\u00e3o de risco e refor\u00e7ar o patrulhamento pluvial, visto que boa parte das cidades ainda permanece inundada e sofrendo com saques.&nbsp;&nbsp;<\/p>\n<p>O agente de Pol\u00edcia da Divis\u00e3o de Investiga\u00e7\u00e3o Criminal (DIC) de Palho\u00e7a, Rober Larry Cabreira de Almeida, que est\u00e1 h\u00e1 14 anos na PCSC, e indo pela segunda vez na miss\u00e3o humanit\u00e1ria. \u201cNa primeira vez trabalhamos muito no socorro \u00e0s v\u00edtimas ilhadas agora vamos contribuir com a seguran\u00e7a, com patrulhamento pluvial ostensivo, uma vez que h\u00e1 registro de casas sendo saqueadas em diversos locais\u201d, disse o agente Rober.<\/p>\n<p>A tamb\u00e9m agente de Pol\u00edcia, Helo\u00edsa Petri, que atua na delegacia de Repress\u00e3o a Roubos (DRR) da Capital, destacou que decidiu ajudar porque \u00e9 uma quest\u00e3o de humanidade. \u201c\u00c9 um momento para ajudar as pessoas que mais precisam\u201d, assinalou. Heloisa est\u00e1 h\u00e1 18 anos da PCSC.&nbsp;<span style=\"font-family: var( --e-global-typography-text-font-family ), Sans-serif; font-size: var( --e-global-typography-text-font-size );\">At\u00e9 o momento a Pol\u00edcia Civil de Santa Catarina j\u00e1 mobilizou pelo menos 65 policiais para atuar na miss\u00e3o humanit\u00e1ria do Rio Grande do Sul.<\/span><span style=\"color: var( --e-global-color-text ); font-family: var( --e-global-typography-primary-font-family ), Sans-serif; font-size: var( --e-global-typography-primary-font-size ); font-weight: var( --e-global-typography-primary-font-weight ); letter-spacing: var( --e-global-typography-primary-letter-spacing );\">&nbsp;<\/span><\/p>\t\t\t\t\t\t\t\t<\/div>\n\t\t\t\t<\/div>\n\t\t\t\t\t<\/div>\n\t\t<\/div>\n\t\t\t\t\t<\/div>\n\t\t<\/section>\n\t\t\t\t<section class=\"elementor-section elementor-top-section elementor-element elementor-element-f01764c elementor-section-boxed elementor-section-height-default elementor-section-height-default\" data-id=\"f01764c\" data-element_type=\"section\">\n\t\t\t\t\t\t<div class=\"elementor-container elementor-column-gap-default\">\n\t\t\t\t\t<div class=\"elementor-column elementor-col-100 elementor-top-column elementor-element elementor-element-ccbc8f8\" data-id=\"ccbc8f8\" data-element_type=\"column\">\n\t\t\t<div class=\"elementor-widget-wrap elementor-element-populated\">\n\t\t\t\t\t\t<div class=\"elementor-element elementor-element-3983b99 elementor-widget elementor-widget-image\" data-id=\"3983b99\" data-element_type=\"widget\" data-widget_type=\"image.default\">\n\t\t\t\t<div class=\"elementor-widget-container\">\n\t\t\t\t\t\t\t\t\t\t\t\t\t\t\t<img decoding=\"async\" width=\"696\" height=\"468\" src=\"https:\/\/pc.sc.gov.br\/\/wp-content\/uploads\/2024\/05\/53725650263_8180f12714_c.jpg\" class=\"attachment-large size-large wp-image-20214\" alt=\"\" srcset=\"https:\/\/pc.sc.gov.br\/\/wp-content\/uploads\/2024\/05\/53725650263_8180f12714_c.jpg 800w, https:\/\/pc.sc.gov.br\/\/wp-content\/uploads\/2024\/05\/53725650263_8180f12714_c-300x202.jpg 300w, https:\/\/pc.sc.gov.br\/\/wp-content\/uploads\/2024\/05\/53725650263_8180f12714_c-768x516.jpg 768w\" sizes=\"(max-width: 696px) 100vw, 696px\" \/>\t\t\t\t\t\t\t\t\t\t\t\t\t\t\t<\/div>\n\t\t\t\t<\/div>\n\t\t\t\t\t<\/div>\n\t\t<\/div>\n\t\t\t\t\t<\/div>\n\t\t<\/section>\n\t\t\t\t<\/div>\n\t\t","protected":false},"excerpt":{"rendered":"<p>PCSC envia mais 28 policiais civis para atuar na miss\u00e3o humanit\u00e1ria no Rio Grande do Sul A Pol\u00edcia Civil de Santa Catarina enviou na manh\u00e3 desta quinta-feira (16), mais 28 policiais civis, que v\u00e3o se juntar as demais for\u00e7as de seguran\u00e7a que atuam no socorro \u00e0s v\u00edtimas das enchentes que assolam o Rio Grande do [&hellip;]<\/p>\n","protected":false},"author":5,"featured_media":20195,"comment_status":"closed","ping_status":"open","sticky":false,"template":"","format":"standard","meta":{"_monsterinsights_skip_tracking":false,"_monsterinsights_sitenote_active":false,"_monsterinsights_sitenote_note":"","_monsterinsights_sitenote_category":0,"footnotes":""},"categories":[1],"tags":[],"class_list":["post-20201","post","type-post","status-publish","format-standard","has-post-thumbnail","hentry","category-sem-categoria"],"_links":{"self":[{"href":"https:\/\/pc.sc.gov.br\/index.php?rest_route=\/wp\/v2\/posts\/20201","targetHints":{"allow":["GET"]}}],"collection":[{"href":"https:\/\/pc.sc.gov.br\/index.php?rest_route=\/wp\/v2\/posts"}],"about":[{"href":"https:\/\/pc.sc.gov.br\/index.php?rest_route=\/wp\/v2\/types\/post"}],"author":[{"embeddable":true,"href":"https:\/\/pc.sc.gov.br\/index.php?rest_route=\/wp\/v2\/users\/5"}],"replies":[{"embeddable":true,"href":"https:\/\/pc.sc.gov.br\/index.php?rest_route=%2Fwp%2Fv2%2Fcomments&post=20201"}],"version-history":[{"count":7,"href":"https:\/\/pc.sc.gov.br\/index.php?rest_route=\/wp\/v2\/posts\/20201\/revisions"}],"predecessor-version":[{"id":20217,"href":"https:\/\/pc.sc.gov.br\/index.php?rest_route=\/wp\/v2\/posts\/20201\/revisions\/20217"}],"wp:featuredmedia":[{"embeddable":true,"href":"https:\/\/pc.sc.gov.br\/index.php?rest_route=\/wp\/v2\/media\/20195"}],"wp:attachment":[{"href":"https:\/\/pc.sc.gov.br\/index.php?rest_route=%2Fwp%2Fv2%2Fmedia&parent=20201"}],"wp:term":[{"taxonomy":"category","embeddable":true,"href":"https:\/\/pc.sc.gov.br\/index.php?rest_route=%2Fwp%2Fv2%2Fcategories&post=20201"},{"taxonomy":"post_tag","embeddable":true,"href":"https:\/\/pc.sc.gov.br\/index.php?rest_route=%2Fwp%2Fv2%2Ftags&post=20201"}],"curies":[{"name":"wp","href":"https:\/\/api.w.org\/{rel}","templated":true}]}}