{"id":20224,"date":"2024-05-16T14:12:30","date_gmt":"2024-05-16T17:12:30","guid":{"rendered":"https:\/\/pc.sc.gov.br\/?p=20224"},"modified":"2024-05-16T14:13:18","modified_gmt":"2024-05-16T17:13:18","slug":"policia-civil-deflagra-operacao-factoring-contra-estelionato-e-falsidade-documental-em-icara-e-criciuma","status":"publish","type":"post","link":"https:\/\/pc.sc.gov.br\/?p=20224","title":{"rendered":"Pol\u00edcia Civil deflagra opera\u00e7\u00e3o \u201cFactoring\u201d contra estelionato e falsidade documental em I\u00e7ara e Crici\u00fama"},"content":{"rendered":"\t\t<div data-elementor-type=\"wp-post\" data-elementor-id=\"20224\" class=\"elementor elementor-20224\" data-elementor-post-type=\"post\">\n\t\t\t\t\t\t<section class=\"elementor-section elementor-top-section elementor-element elementor-element-d563ea1 elementor-section-boxed elementor-section-height-default elementor-section-height-default\" data-id=\"d563ea1\" data-element_type=\"section\">\n\t\t\t\t\t\t<div class=\"elementor-container elementor-column-gap-default\">\n\t\t\t\t\t<div class=\"elementor-column elementor-col-100 elementor-top-column elementor-element elementor-element-dbefcb8\" data-id=\"dbefcb8\" data-element_type=\"column\">\n\t\t\t<div class=\"elementor-widget-wrap elementor-element-populated\">\n\t\t\t\t\t\t<div class=\"elementor-element elementor-element-50317c7 elementor-widget elementor-widget-heading\" data-id=\"50317c7\" data-element_type=\"widget\" data-widget_type=\"heading.default\">\n\t\t\t\t<div class=\"elementor-widget-container\">\n\t\t\t\t\t<h2 class=\"elementor-heading-title elementor-size-default\">Pol\u00edcia Civil deflagra opera\u00e7\u00e3o \u201cFactoring\u201d contra estelionato e falsidade documental em I\u00e7ara e Crici\u00fama<\/h2>\t\t\t\t<\/div>\n\t\t\t\t<\/div>\n\t\t\t\t\t<\/div>\n\t\t<\/div>\n\t\t\t\t\t<\/div>\n\t\t<\/section>\n\t\t\t\t<section class=\"elementor-section elementor-top-section elementor-element elementor-element-4410291 elementor-section-boxed elementor-section-height-default elementor-section-height-default\" data-id=\"4410291\" data-element_type=\"section\">\n\t\t\t\t\t\t<div class=\"elementor-container elementor-column-gap-default\">\n\t\t\t\t\t<div class=\"elementor-column elementor-col-100 elementor-top-column elementor-element elementor-element-5d0d3d0\" data-id=\"5d0d3d0\" data-element_type=\"column\">\n\t\t\t<div class=\"elementor-widget-wrap elementor-element-populated\">\n\t\t\t\t\t\t<div class=\"elementor-element elementor-element-bb760f6 elementor-widget elementor-widget-image\" data-id=\"bb760f6\" data-element_type=\"widget\" data-widget_type=\"image.default\">\n\t\t\t\t<div class=\"elementor-widget-container\">\n\t\t\t\t\t\t\t\t\t\t\t\t\t\t\t<img fetchpriority=\"high\" decoding=\"async\" width=\"696\" height=\"481\" src=\"https:\/\/pc.sc.gov.br\/\/wp-content\/uploads\/2023\/06\/DEIC-PAREDE-e1756932196278.jpeg\" class=\"attachment-large size-large wp-image-10791\" alt=\"\" srcset=\"https:\/\/pc.sc.gov.br\/\/wp-content\/uploads\/2023\/06\/DEIC-PAREDE-e1756932196278.jpeg 1024w, https:\/\/pc.sc.gov.br\/\/wp-content\/uploads\/2023\/06\/DEIC-PAREDE-e1756932196278-300x207.jpeg 300w, https:\/\/pc.sc.gov.br\/\/wp-content\/uploads\/2023\/06\/DEIC-PAREDE-e1756932196278-768x530.jpeg 768w\" sizes=\"(max-width: 696px) 100vw, 696px\" \/>\t\t\t\t\t\t\t\t\t\t\t\t\t\t\t<\/div>\n\t\t\t\t<\/div>\n\t\t\t\t\t<\/div>\n\t\t<\/div>\n\t\t\t\t\t<\/div>\n\t\t<\/section>\n\t\t\t\t<section class=\"elementor-section elementor-top-section elementor-element elementor-element-0839ad7 elementor-section-boxed elementor-section-height-default elementor-section-height-default\" data-id=\"0839ad7\" data-element_type=\"section\">\n\t\t\t\t\t\t<div class=\"elementor-container elementor-column-gap-default\">\n\t\t\t\t\t<div class=\"elementor-column elementor-col-100 elementor-top-column elementor-element elementor-element-2f70cba\" data-id=\"2f70cba\" data-element_type=\"column\">\n\t\t\t<div class=\"elementor-widget-wrap elementor-element-populated\">\n\t\t\t\t\t\t<div class=\"elementor-element elementor-element-b64591d elementor-widget elementor-widget-text-editor\" data-id=\"b64591d\" data-element_type=\"widget\" data-widget_type=\"text-editor.default\">\n\t\t\t\t<div class=\"elementor-widget-container\">\n\t\t\t\t\t\t\t\t\t<p>Nesta quinta-feira (16\/05), a Pol\u00edcia Civil de Santa Catarina, por meio da Delegacia de Defrauda\u00e7\u00f5es da Diretoria Estadual de Investiga\u00e7\u00f5es Criminais, deflagrou a opera\u00e7\u00e3o \u201cFactoring\u201d e cumpriu tr\u00eas mandados de busca e apreens\u00e3o, nas cidades de Crici\u00fama e I\u00e7ara, visando esclarecer crime de estelionato e falsidade documental.<\/p><p>Durante as investiga\u00e7\u00f5es, apurou-se que os investigados utilizando-se de duplicatas falsificadas recebiam valores de servi\u00e7os n\u00e3o realizados, gerando um preju\u00edzo de aproximadamente meio milh\u00e3o de reais pra a v\u00edtima.<\/p><p>Foram apreendidos aparelhos eletr\u00f4nicos, que ser\u00e3o analisados para a continuidade das investiga\u00e7\u00f5es.<\/p>\t\t\t\t\t\t\t\t<\/div>\n\t\t\t\t<\/div>\n\t\t\t\t\t<\/div>\n\t\t<\/div>\n\t\t\t\t\t<\/div>\n\t\t<\/section>\n\t\t\t\t<\/div>\n\t\t","protected":false},"excerpt":{"rendered":"<p>Pol\u00edcia Civil deflagra opera\u00e7\u00e3o \u201cFactoring\u201d contra estelionato e falsidade documental em I\u00e7ara e Crici\u00fama Nesta quinta-feira (16\/05), a Pol\u00edcia Civil de Santa Catarina, por meio da Delegacia de Defrauda\u00e7\u00f5es da Diretoria Estadual de Investiga\u00e7\u00f5es Criminais, deflagrou a opera\u00e7\u00e3o \u201cFactoring\u201d e cumpriu tr\u00eas mandados de busca e apreens\u00e3o, nas cidades de Crici\u00fama e I\u00e7ara, visando esclarecer [&hellip;]<\/p>\n","protected":false},"author":5,"featured_media":10917,"comment_status":"closed","ping_status":"open","sticky":false,"template":"","format":"standard","meta":{"_monsterinsights_skip_tracking":false,"_monsterinsights_sitenote_active":false,"_monsterinsights_sitenote_note":"","_monsterinsights_sitenote_category":0,"footnotes":""},"categories":[1],"tags":[],"class_list":["post-20224","post","type-post","status-publish","format-standard","has-post-thumbnail","hentry","category-sem-categoria"],"_links":{"self":[{"href":"https:\/\/pc.sc.gov.br\/index.php?rest_route=\/wp\/v2\/posts\/20224","targetHints":{"allow":["GET"]}}],"collection":[{"href":"https:\/\/pc.sc.gov.br\/index.php?rest_route=\/wp\/v2\/posts"}],"about":[{"href":"https:\/\/pc.sc.gov.br\/index.php?rest_route=\/wp\/v2\/types\/post"}],"author":[{"embeddable":true,"href":"https:\/\/pc.sc.gov.br\/index.php?rest_route=\/wp\/v2\/users\/5"}],"replies":[{"embeddable":true,"href":"https:\/\/pc.sc.gov.br\/index.php?rest_route=%2Fwp%2Fv2%2Fcomments&post=20224"}],"version-history":[{"count":4,"href":"https:\/\/pc.sc.gov.br\/index.php?rest_route=\/wp\/v2\/posts\/20224\/revisions"}],"predecessor-version":[{"id":20228,"href":"https:\/\/pc.sc.gov.br\/index.php?rest_route=\/wp\/v2\/posts\/20224\/revisions\/20228"}],"wp:featuredmedia":[{"embeddable":true,"href":"https:\/\/pc.sc.gov.br\/index.php?rest_route=\/wp\/v2\/media\/10917"}],"wp:attachment":[{"href":"https:\/\/pc.sc.gov.br\/index.php?rest_route=%2Fwp%2Fv2%2Fmedia&parent=20224"}],"wp:term":[{"taxonomy":"category","embeddable":true,"href":"https:\/\/pc.sc.gov.br\/index.php?rest_route=%2Fwp%2Fv2%2Fcategories&post=20224"},{"taxonomy":"post_tag","embeddable":true,"href":"https:\/\/pc.sc.gov.br\/index.php?rest_route=%2Fwp%2Fv2%2Ftags&post=20224"}],"curies":[{"name":"wp","href":"https:\/\/api.w.org\/{rel}","templated":true}]}}