{"id":20237,"date":"2024-05-16T15:19:54","date_gmt":"2024-05-16T18:19:54","guid":{"rendered":"https:\/\/pc.sc.gov.br\/?p=20237"},"modified":"2024-05-16T15:22:33","modified_gmt":"2024-05-16T18:22:33","slug":"policia-civil-apreende-cerca-de-150-quilos-de-maconha-e-prende-suspeito-de-trafico-de-drogas","status":"publish","type":"post","link":"https:\/\/pc.sc.gov.br\/?p=20237","title":{"rendered":"Pol\u00edcia Civil apreende cerca de 150 quilos de maconha e prende suspeito de tr\u00e1fico de drogas"},"content":{"rendered":"\t\t<div data-elementor-type=\"wp-post\" data-elementor-id=\"20237\" class=\"elementor elementor-20237\" data-elementor-post-type=\"post\">\n\t\t\t\t\t\t<section class=\"elementor-section elementor-top-section elementor-element elementor-element-c32b8d3 elementor-section-boxed elementor-section-height-default elementor-section-height-default\" data-id=\"c32b8d3\" data-element_type=\"section\">\n\t\t\t\t\t\t<div class=\"elementor-container elementor-column-gap-default\">\n\t\t\t\t\t<div class=\"elementor-column elementor-col-100 elementor-top-column elementor-element elementor-element-43dd356\" data-id=\"43dd356\" data-element_type=\"column\">\n\t\t\t<div class=\"elementor-widget-wrap elementor-element-populated\">\n\t\t\t\t\t\t<div class=\"elementor-element elementor-element-facadbe elementor-widget elementor-widget-heading\" data-id=\"facadbe\" data-element_type=\"widget\" data-widget_type=\"heading.default\">\n\t\t\t\t<div class=\"elementor-widget-container\">\n\t\t\t\t\t<h2 class=\"elementor-heading-title elementor-size-default\">Pol\u00edcia Civil apreende cerca de 150 quilos de maconha e prende suspeito de tr\u00e1fico de drogas<\/h2>\t\t\t\t<\/div>\n\t\t\t\t<\/div>\n\t\t\t\t\t<\/div>\n\t\t<\/div>\n\t\t\t\t\t<\/div>\n\t\t<\/section>\n\t\t\t\t<section class=\"elementor-section elementor-top-section elementor-element elementor-element-f521c11 elementor-section-boxed elementor-section-height-default elementor-section-height-default\" data-id=\"f521c11\" data-element_type=\"section\">\n\t\t\t\t\t\t<div class=\"elementor-container elementor-column-gap-default\">\n\t\t\t\t\t<div class=\"elementor-column elementor-col-100 elementor-top-column elementor-element elementor-element-52aaf04\" data-id=\"52aaf04\" data-element_type=\"column\">\n\t\t\t<div class=\"elementor-widget-wrap elementor-element-populated\">\n\t\t\t\t\t\t<div class=\"elementor-element elementor-element-f5c80cb elementor-widget elementor-widget-image\" data-id=\"f5c80cb\" data-element_type=\"widget\" data-widget_type=\"image.default\">\n\t\t\t\t<div class=\"elementor-widget-container\">\n\t\t\t\t\t\t\t\t\t\t\t\t\t\t\t<img fetchpriority=\"high\" decoding=\"async\" width=\"576\" height=\"1024\" src=\"https:\/\/pc.sc.gov.br\/\/wp-content\/uploads\/2024\/05\/WhatsApp-Image-2024-05-16-at-07.48.18-576x1024.jpeg\" class=\"attachment-large size-large wp-image-20238\" alt=\"\" srcset=\"https:\/\/pc.sc.gov.br\/\/wp-content\/uploads\/2024\/05\/WhatsApp-Image-2024-05-16-at-07.48.18-576x1024.jpeg 576w, https:\/\/pc.sc.gov.br\/\/wp-content\/uploads\/2024\/05\/WhatsApp-Image-2024-05-16-at-07.48.18-169x300.jpeg 169w, https:\/\/pc.sc.gov.br\/\/wp-content\/uploads\/2024\/05\/WhatsApp-Image-2024-05-16-at-07.48.18-768x1365.jpeg 768w, https:\/\/pc.sc.gov.br\/\/wp-content\/uploads\/2024\/05\/WhatsApp-Image-2024-05-16-at-07.48.18-864x1536.jpeg 864w, https:\/\/pc.sc.gov.br\/\/wp-content\/uploads\/2024\/05\/WhatsApp-Image-2024-05-16-at-07.48.18-1152x2048.jpeg 1152w, https:\/\/pc.sc.gov.br\/\/wp-content\/uploads\/2024\/05\/WhatsApp-Image-2024-05-16-at-07.48.18-scaled.jpeg 1440w\" sizes=\"(max-width: 576px) 100vw, 576px\" \/>\t\t\t\t\t\t\t\t\t\t\t\t\t\t\t<\/div>\n\t\t\t\t<\/div>\n\t\t\t\t\t<\/div>\n\t\t<\/div>\n\t\t\t\t\t<\/div>\n\t\t<\/section>\n\t\t\t\t<section class=\"elementor-section elementor-top-section elementor-element elementor-element-a3274a8 elementor-section-boxed elementor-section-height-default elementor-section-height-default\" data-id=\"a3274a8\" data-element_type=\"section\">\n\t\t\t\t\t\t<div class=\"elementor-container elementor-column-gap-default\">\n\t\t\t\t\t<div class=\"elementor-column elementor-col-100 elementor-top-column elementor-element elementor-element-5ac6831\" data-id=\"5ac6831\" data-element_type=\"column\">\n\t\t\t<div class=\"elementor-widget-wrap elementor-element-populated\">\n\t\t\t\t\t\t<div class=\"elementor-element elementor-element-1f302b2 elementor-widget elementor-widget-text-editor\" data-id=\"1f302b2\" data-element_type=\"widget\" data-widget_type=\"text-editor.default\">\n\t\t\t\t<div class=\"elementor-widget-container\">\n\t\t\t\t\t\t\t\t\t<p>Nesta quinta-feira (16\/05), a Pol\u00edcia Civil de Santa Catarina, por meio da Divis\u00e3o de Investiga\u00e7\u00e3o Criminal (DIC) de Itaja\u00ed, prendeu um homem por tr\u00e1fico de drogas na cidade de Navegantes e apreendeu aproximadamente 150 kg de maconha no munic\u00edpio de S\u00e3o Jos\u00e9 dos Pinhais, no Paran\u00e1.<\/p><p>A DIC de Itaja\u00ed vinha monitorando grupo criminoso respons\u00e1vel pelo com\u00e9rcio de haxixe e maconha em Itaja\u00ed e regi\u00e3o. Na noite de ontem, 15\/05\/2024, o homem retornou de Foz do Igua\u00e7u, no Paran\u00e1, e foi abordado ao chegar a sua resid\u00eancia, na cidade de Navegantes. Em sua posse foram encontrados aproximadamente 91 gramas de haxixe e uma balan\u00e7a de precis\u00e3o.<\/p><p>No decurso da investiga\u00e7\u00e3o, foi identificado que o grupo estaria se utilizando de um im\u00f3vel na cidade de S\u00e3o Jos\u00e9 dos Pinhais como entreposto para armazenamento de drogas. Ato cont\u00ednuo, as equipes da DIC de Itaja\u00ed, juntamente com equipes da DENARC da Pol\u00edcia Civil do Paran\u00e1, dirigiram-se ao local e l\u00e1 apreenderam aproximadamente 150 kg de maconha.<\/p><p>O preso foi autuado em flagrante pelo crime de tr\u00e1fico de drogas e encaminhado ao Sistema Penitenci\u00e1rio, onde se encontra \u00e0 disposi\u00e7\u00e3o da Justi\u00e7a. As dilig\u00eancias contaram com apoio da For\u00e7a Integrada de Combate ao Crime Organizado (FICCO\/SC), do N\u00facleo de Opera\u00e7\u00f5es com C\u00e3es de Itaja\u00ed (NOC\/PCSC) e da DENARC\/PCPR.<\/p>\t\t\t\t\t\t\t\t<\/div>\n\t\t\t\t<\/div>\n\t\t\t\t\t<\/div>\n\t\t<\/div>\n\t\t\t\t\t<\/div>\n\t\t<\/section>\n\t\t\t\t<section class=\"elementor-section elementor-top-section elementor-element elementor-element-82c383c elementor-section-boxed elementor-section-height-default elementor-section-height-default\" data-id=\"82c383c\" data-element_type=\"section\">\n\t\t\t\t\t\t<div class=\"elementor-container elementor-column-gap-default\">\n\t\t\t\t\t<div class=\"elementor-column elementor-col-100 elementor-top-column elementor-element elementor-element-ff442a0\" data-id=\"ff442a0\" data-element_type=\"column\">\n\t\t\t<div class=\"elementor-widget-wrap elementor-element-populated\">\n\t\t\t\t\t\t<div class=\"elementor-element elementor-element-a50788e elementor-widget elementor-widget-video\" data-id=\"a50788e\" data-element_type=\"widget\" data-settings=\"{&quot;video_type&quot;:&quot;hosted&quot;,&quot;controls&quot;:&quot;yes&quot;}\" data-widget_type=\"video.default\">\n\t\t\t\t<div class=\"elementor-widget-container\">\n\t\t\t\t\t\t\t<div class=\"e-hosted-video elementor-wrapper elementor-open-inline\">\n\t\t\t\t\t<video class=\"elementor-video\" src=\"https:\/\/pc.sc.gov.br\/wp-content\/uploads\/2024\/05\/WhatsApp-Video-2024-05-16-at-07.48.26.mp4\" controls=\"\" preload=\"metadata\"><\/video>\n\t\t\t\t<\/div>\n\t\t\t\t\t\t<\/div>\n\t\t\t\t<\/div>\n\t\t\t\t\t<\/div>\n\t\t<\/div>\n\t\t\t\t\t<\/div>\n\t\t<\/section>\n\t\t\t\t<\/div>\n\t\t","protected":false},"excerpt":{"rendered":"<p>Pol\u00edcia Civil apreende cerca de 150 quilos de maconha e prende suspeito de tr\u00e1fico de drogas Nesta quinta-feira (16\/05), a Pol\u00edcia Civil de Santa Catarina, por meio da Divis\u00e3o de Investiga\u00e7\u00e3o Criminal (DIC) de Itaja\u00ed, prendeu um homem por tr\u00e1fico de drogas na cidade de Navegantes e apreendeu aproximadamente 150 kg de maconha no munic\u00edpio [&hellip;]<\/p>\n","protected":false},"author":5,"featured_media":20239,"comment_status":"closed","ping_status":"open","sticky":false,"template":"","format":"standard","meta":{"_monsterinsights_skip_tracking":false,"_monsterinsights_sitenote_active":false,"_monsterinsights_sitenote_note":"","_monsterinsights_sitenote_category":0,"footnotes":""},"categories":[1],"tags":[],"class_list":["post-20237","post","type-post","status-publish","format-standard","has-post-thumbnail","hentry","category-sem-categoria"],"_links":{"self":[{"href":"https:\/\/pc.sc.gov.br\/index.php?rest_route=\/wp\/v2\/posts\/20237","targetHints":{"allow":["GET"]}}],"collection":[{"href":"https:\/\/pc.sc.gov.br\/index.php?rest_route=\/wp\/v2\/posts"}],"about":[{"href":"https:\/\/pc.sc.gov.br\/index.php?rest_route=\/wp\/v2\/types\/post"}],"author":[{"embeddable":true,"href":"https:\/\/pc.sc.gov.br\/index.php?rest_route=\/wp\/v2\/users\/5"}],"replies":[{"embeddable":true,"href":"https:\/\/pc.sc.gov.br\/index.php?rest_route=%2Fwp%2Fv2%2Fcomments&post=20237"}],"version-history":[{"count":4,"href":"https:\/\/pc.sc.gov.br\/index.php?rest_route=\/wp\/v2\/posts\/20237\/revisions"}],"predecessor-version":[{"id":20245,"href":"https:\/\/pc.sc.gov.br\/index.php?rest_route=\/wp\/v2\/posts\/20237\/revisions\/20245"}],"wp:featuredmedia":[{"embeddable":true,"href":"https:\/\/pc.sc.gov.br\/index.php?rest_route=\/wp\/v2\/media\/20239"}],"wp:attachment":[{"href":"https:\/\/pc.sc.gov.br\/index.php?rest_route=%2Fwp%2Fv2%2Fmedia&parent=20237"}],"wp:term":[{"taxonomy":"category","embeddable":true,"href":"https:\/\/pc.sc.gov.br\/index.php?rest_route=%2Fwp%2Fv2%2Fcategories&post=20237"},{"taxonomy":"post_tag","embeddable":true,"href":"https:\/\/pc.sc.gov.br\/index.php?rest_route=%2Fwp%2Fv2%2Ftags&post=20237"}],"curies":[{"name":"wp","href":"https:\/\/api.w.org\/{rel}","templated":true}]}}