{"id":20246,"date":"2024-05-16T18:23:33","date_gmt":"2024-05-16T21:23:33","guid":{"rendered":"https:\/\/pc.sc.gov.br\/?p=20246"},"modified":"2024-05-16T18:25:07","modified_gmt":"2024-05-16T21:25:07","slug":"governador-jorginho-edita-decreto-que-regulamenta-pela-primeira-vez-o-estagio-probatorio-para-novos-policiais-civis","status":"publish","type":"post","link":"https:\/\/pc.sc.gov.br\/?p=20246","title":{"rendered":"Governador Jorginho edita decreto que regulamenta, pela primeira vez, o est\u00e1gio probat\u00f3rio para novos policiais civis"},"content":{"rendered":"\t\t<div data-elementor-type=\"wp-post\" data-elementor-id=\"20246\" class=\"elementor elementor-20246\" data-elementor-post-type=\"post\">\n\t\t\t\t\t\t<section class=\"elementor-section elementor-top-section elementor-element elementor-element-f3a5382 elementor-section-boxed elementor-section-height-default elementor-section-height-default\" data-id=\"f3a5382\" data-element_type=\"section\">\n\t\t\t\t\t\t<div class=\"elementor-container elementor-column-gap-default\">\n\t\t\t\t\t<div class=\"elementor-column elementor-col-100 elementor-top-column elementor-element elementor-element-607097f\" data-id=\"607097f\" data-element_type=\"column\">\n\t\t\t<div class=\"elementor-widget-wrap elementor-element-populated\">\n\t\t\t\t\t\t<div class=\"elementor-element elementor-element-50a4592 elementor-widget elementor-widget-heading\" data-id=\"50a4592\" data-element_type=\"widget\" data-widget_type=\"heading.default\">\n\t\t\t\t<div class=\"elementor-widget-container\">\n\t\t\t\t\t<h2 class=\"elementor-heading-title elementor-size-default\">Governador Jorginho edita decreto que regulamenta, pela primeira vez, o est\u00e1gio probat\u00f3rio para novos policiais civis<\/h2>\t\t\t\t<\/div>\n\t\t\t\t<\/div>\n\t\t\t\t\t<\/div>\n\t\t<\/div>\n\t\t\t\t\t<\/div>\n\t\t<\/section>\n\t\t\t\t<section class=\"elementor-section elementor-top-section elementor-element elementor-element-3900205 elementor-section-boxed elementor-section-height-default elementor-section-height-default\" data-id=\"3900205\" data-element_type=\"section\">\n\t\t\t\t\t\t<div class=\"elementor-container elementor-column-gap-default\">\n\t\t\t\t\t<div class=\"elementor-column elementor-col-100 elementor-top-column elementor-element elementor-element-dd4cdd4\" data-id=\"dd4cdd4\" data-element_type=\"column\">\n\t\t\t<div class=\"elementor-widget-wrap elementor-element-populated\">\n\t\t\t\t\t\t<div class=\"elementor-element elementor-element-7007502 elementor-widget elementor-widget-image\" data-id=\"7007502\" data-element_type=\"widget\" data-widget_type=\"image.default\">\n\t\t\t\t<div class=\"elementor-widget-container\">\n\t\t\t\t\t\t\t\t\t\t\t\t\t\t\t<img fetchpriority=\"high\" decoding=\"async\" width=\"696\" height=\"464\" src=\"https:\/\/pc.sc.gov.br\/\/wp-content\/uploads\/2024\/05\/TREINO-ACADEPOL-1024x683.jpg\" class=\"attachment-large size-large wp-image-20247\" alt=\"\" srcset=\"https:\/\/pc.sc.gov.br\/\/wp-content\/uploads\/2024\/05\/TREINO-ACADEPOL-1024x683.jpg 1024w, https:\/\/pc.sc.gov.br\/\/wp-content\/uploads\/2024\/05\/TREINO-ACADEPOL-300x200.jpg 300w, https:\/\/pc.sc.gov.br\/\/wp-content\/uploads\/2024\/05\/TREINO-ACADEPOL-768x512.jpg 768w, https:\/\/pc.sc.gov.br\/\/wp-content\/uploads\/2024\/05\/TREINO-ACADEPOL-1536x1024.jpg 1536w, https:\/\/pc.sc.gov.br\/\/wp-content\/uploads\/2024\/05\/TREINO-ACADEPOL.jpg 1992w\" sizes=\"(max-width: 696px) 100vw, 696px\" \/>\t\t\t\t\t\t\t\t\t\t\t\t\t\t\t<\/div>\n\t\t\t\t<\/div>\n\t\t\t\t\t<\/div>\n\t\t<\/div>\n\t\t\t\t\t<\/div>\n\t\t<\/section>\n\t\t\t\t<section class=\"elementor-section elementor-top-section elementor-element elementor-element-b5cc408 elementor-section-boxed elementor-section-height-default elementor-section-height-default\" data-id=\"b5cc408\" data-element_type=\"section\">\n\t\t\t\t\t\t<div class=\"elementor-container elementor-column-gap-default\">\n\t\t\t\t\t<div class=\"elementor-column elementor-col-100 elementor-top-column elementor-element elementor-element-74c9917\" data-id=\"74c9917\" data-element_type=\"column\">\n\t\t\t<div class=\"elementor-widget-wrap elementor-element-populated\">\n\t\t\t\t\t\t<div class=\"elementor-element elementor-element-0f212f7 elementor-widget elementor-widget-text-editor\" data-id=\"0f212f7\" data-element_type=\"widget\" data-widget_type=\"text-editor.default\">\n\t\t\t\t<div class=\"elementor-widget-container\">\n\t\t\t\t\t\t\t\t\t<p>O delegado-geral da Pol\u00edcia Civil de Santa Catarina, Ulisses Gabriel, informou nesta quinta-feira (16) que o governador Jorginho Mello editou um decreto que regulamenta, pela primeira vez, na hist\u00f3ria da institui\u00e7\u00e3o, o est\u00e1gio probat\u00f3rio para novos policiais civis.&nbsp; &nbsp;<\/p>\n<p>Ao longo dos tr\u00eas anos que compreendem o per\u00edodo do est\u00e1gio probat\u00f3rio ser\u00e3o implementadas quatro avalia\u00e7\u00f5es que compreendem as seguintes \u00e1reas: avalia\u00e7\u00e3o de desempenho, avalia\u00e7\u00e3o t\u00e9cnica, exame toxicol\u00f3gico e avalia\u00e7\u00e3o psicol\u00f3gica. \u201cEsta regulamenta\u00e7\u00e3o representa um avan\u00e7o significativo na forma\u00e7\u00e3o e no acompanhamento dos egressos da ACADEPOL. A necessidade de retornos obrigat\u00f3rios \u00e0 capacita\u00e7\u00e3o ao longo dos tr\u00eas anos de est\u00e1gio probat\u00f3rio permitir\u00e1 um monitoramento mais eficaz e uma orienta\u00e7\u00e3o mais precisa aos novos policiais civis, promovendo seu desenvolvimento profissional e pessoal\u201d, assinalou delegado Ulisses Gabriel.<\/p>\n<p>A avalia\u00e7\u00e3o de desempenho ser\u00e1 realizada por meio de monitoramento cont\u00ednuo das atividades e condutas dos novos policiais, garantindo que os padr\u00f5es de qualidade e efici\u00eancia sejam mantidos. A avalia\u00e7\u00e3o t\u00e9cnica prev\u00ea exame peri\u00f3dico das habilidades t\u00e9cnicas, assegurando que os conhecimentos adquiridos na Academia de Pol\u00edcia Civil (ACADEPOL) sejam aplicados corretamente e aprimorados. Outro item considerado \u00e9 o exame toxicol\u00f3gico com a realiza\u00e7\u00e3o de exames regulares, visando \u00e0 manuten\u00e7\u00e3o da integridade e da sa\u00fade dos servidores. Por fim, a avalia\u00e7\u00e3o psicol\u00f3gica estabelece o acompanhamento psicol\u00f3gico cont\u00ednuo para garantir o bem-estar mental dos policiais, proporcionando suporte e orienta\u00e7\u00e3o necess\u00e1rios.<\/p>\n<p>O delegado-geral enfatizou que o decreto atende importante pleito da Pol\u00edcia Civil. \u201cAgrade\u00e7o ao Governador Jorginho Mello pela sensibilidade e pelo compromisso demonstrados com a edi\u00e7\u00e3o do decreto. Sua decis\u00e3o contribuir\u00e1 decisivamente para a melhoria dos servi\u00e7os prestados \u00e0 sociedade catarinense e para o fortalecimento de nossa institui\u00e7\u00e3o\u201d, destacou.<\/p>\n<p>Ulisses Gabriel disse ainda que a implementa\u00e7\u00e3o eficiente e eficaz deste novo regulamento, assegura que os novos policiais recebam o acompanhamento necess\u00e1rio para o exerc\u00edcio pleno e competente de suas fun\u00e7\u00f5es.<span style=\"color: var( --e-global-color-text ); font-family: var( --e-global-typography-primary-font-family ), Sans-serif; font-size: var( --e-global-typography-primary-font-size ); font-weight: var( --e-global-typography-primary-font-weight ); letter-spacing: var( --e-global-typography-primary-letter-spacing );\">&nbsp;<\/span><\/p>\t\t\t\t\t\t\t\t<\/div>\n\t\t\t\t<\/div>\n\t\t\t\t\t<\/div>\n\t\t<\/div>\n\t\t\t\t\t<\/div>\n\t\t<\/section>\n\t\t\t\t<\/div>\n\t\t","protected":false},"excerpt":{"rendered":"<p>Governador Jorginho edita decreto que regulamenta, pela primeira vez, o est\u00e1gio probat\u00f3rio para novos policiais civis O delegado-geral da Pol\u00edcia Civil de Santa Catarina, Ulisses Gabriel, informou nesta quinta-feira (16) que o governador Jorginho Mello editou um decreto que regulamenta, pela primeira vez, na hist\u00f3ria da institui\u00e7\u00e3o, o est\u00e1gio probat\u00f3rio para novos policiais civis.&nbsp; &nbsp; [&hellip;]<\/p>\n","protected":false},"author":5,"featured_media":20247,"comment_status":"closed","ping_status":"open","sticky":false,"template":"","format":"standard","meta":{"_monsterinsights_skip_tracking":false,"_monsterinsights_sitenote_active":false,"_monsterinsights_sitenote_note":"","_monsterinsights_sitenote_category":0,"footnotes":""},"categories":[1],"tags":[],"class_list":["post-20246","post","type-post","status-publish","format-standard","has-post-thumbnail","hentry","category-sem-categoria"],"_links":{"self":[{"href":"https:\/\/pc.sc.gov.br\/index.php?rest_route=\/wp\/v2\/posts\/20246","targetHints":{"allow":["GET"]}}],"collection":[{"href":"https:\/\/pc.sc.gov.br\/index.php?rest_route=\/wp\/v2\/posts"}],"about":[{"href":"https:\/\/pc.sc.gov.br\/index.php?rest_route=\/wp\/v2\/types\/post"}],"author":[{"embeddable":true,"href":"https:\/\/pc.sc.gov.br\/index.php?rest_route=\/wp\/v2\/users\/5"}],"replies":[{"embeddable":true,"href":"https:\/\/pc.sc.gov.br\/index.php?rest_route=%2Fwp%2Fv2%2Fcomments&post=20246"}],"version-history":[{"count":3,"href":"https:\/\/pc.sc.gov.br\/index.php?rest_route=\/wp\/v2\/posts\/20246\/revisions"}],"predecessor-version":[{"id":20250,"href":"https:\/\/pc.sc.gov.br\/index.php?rest_route=\/wp\/v2\/posts\/20246\/revisions\/20250"}],"wp:featuredmedia":[{"embeddable":true,"href":"https:\/\/pc.sc.gov.br\/index.php?rest_route=\/wp\/v2\/media\/20247"}],"wp:attachment":[{"href":"https:\/\/pc.sc.gov.br\/index.php?rest_route=%2Fwp%2Fv2%2Fmedia&parent=20246"}],"wp:term":[{"taxonomy":"category","embeddable":true,"href":"https:\/\/pc.sc.gov.br\/index.php?rest_route=%2Fwp%2Fv2%2Fcategories&post=20246"},{"taxonomy":"post_tag","embeddable":true,"href":"https:\/\/pc.sc.gov.br\/index.php?rest_route=%2Fwp%2Fv2%2Ftags&post=20246"}],"curies":[{"name":"wp","href":"https:\/\/api.w.org\/{rel}","templated":true}]}}