{"id":20256,"date":"2024-05-17T14:19:41","date_gmt":"2024-05-17T17:19:41","guid":{"rendered":"https:\/\/pc.sc.gov.br\/?p=20256"},"modified":"2024-05-17T14:45:44","modified_gmt":"2024-05-17T17:45:44","slug":"pcsc-deflagra-operacao-guardioes-da-infancia-e-prende-25-condenados-por-estupro-de-vulneravel-em-santa-catarina-parana-e-maranhao","status":"publish","type":"post","link":"https:\/\/pc.sc.gov.br\/?p=20256","title":{"rendered":"DCAP\/DEIC deflagra opera\u00e7\u00e3o \u201cGuardi\u00f5es da Inf\u00e2ncia\u201d e prende 25 condenados por estupro de vulner\u00e1vel em Santa Catarina, Paran\u00e1 e Maranh\u00e3o"},"content":{"rendered":"\t\t<div data-elementor-type=\"wp-post\" data-elementor-id=\"20256\" class=\"elementor elementor-20256\" data-elementor-post-type=\"post\">\n\t\t\t\t\t\t<section class=\"elementor-section elementor-top-section elementor-element elementor-element-af1cc2d elementor-section-boxed elementor-section-height-default elementor-section-height-default\" data-id=\"af1cc2d\" data-element_type=\"section\">\n\t\t\t\t\t\t<div class=\"elementor-container elementor-column-gap-default\">\n\t\t\t\t\t<div class=\"elementor-column elementor-col-100 elementor-top-column elementor-element elementor-element-bc72505\" data-id=\"bc72505\" data-element_type=\"column\">\n\t\t\t<div class=\"elementor-widget-wrap elementor-element-populated\">\n\t\t\t\t\t\t<div class=\"elementor-element elementor-element-3da8a8d elementor-widget elementor-widget-heading\" data-id=\"3da8a8d\" data-element_type=\"widget\" data-widget_type=\"heading.default\">\n\t\t\t\t<div class=\"elementor-widget-container\">\n\t\t\t\t\t<h2 class=\"elementor-heading-title elementor-size-default\">DCAP\/DEIC deflagra opera\u00e7\u00e3o \u201cGuardi\u00f5es da Inf\u00e2ncia\u201d e prende 25 condenados por estupro de vulner\u00e1vel em Santa Catarina, Paran\u00e1 e Maranh\u00e3o<\/h2>\t\t\t\t<\/div>\n\t\t\t\t<\/div>\n\t\t\t\t\t<\/div>\n\t\t<\/div>\n\t\t\t\t\t<\/div>\n\t\t<\/section>\n\t\t\t\t<section class=\"elementor-section elementor-top-section elementor-element elementor-element-ba6f3d6 elementor-section-boxed elementor-section-height-default elementor-section-height-default\" data-id=\"ba6f3d6\" data-element_type=\"section\">\n\t\t\t\t\t\t<div class=\"elementor-container elementor-column-gap-default\">\n\t\t\t\t\t<div class=\"elementor-column elementor-col-100 elementor-top-column elementor-element elementor-element-f12688f\" data-id=\"f12688f\" data-element_type=\"column\">\n\t\t\t<div class=\"elementor-widget-wrap elementor-element-populated\">\n\t\t\t\t\t\t<div class=\"elementor-element elementor-element-a15b88a elementor-widget elementor-widget-image\" data-id=\"a15b88a\" data-element_type=\"widget\" data-widget_type=\"image.default\">\n\t\t\t\t<div class=\"elementor-widget-container\">\n\t\t\t\t\t\t\t\t\t\t\t\t\t\t\t<img fetchpriority=\"high\" decoding=\"async\" width=\"696\" height=\"387\" src=\"https:\/\/pc.sc.gov.br\/\/wp-content\/uploads\/2024\/05\/WhatsApp-Image-2024-05-16-at-18.23.00-fotor-2024051714451-1024x570.jpg\" class=\"attachment-large size-large wp-image-20257\" alt=\"\" srcset=\"https:\/\/pc.sc.gov.br\/\/wp-content\/uploads\/2024\/05\/WhatsApp-Image-2024-05-16-at-18.23.00-fotor-2024051714451-1024x570.jpg 1024w, https:\/\/pc.sc.gov.br\/\/wp-content\/uploads\/2024\/05\/WhatsApp-Image-2024-05-16-at-18.23.00-fotor-2024051714451-300x167.jpg 300w, https:\/\/pc.sc.gov.br\/\/wp-content\/uploads\/2024\/05\/WhatsApp-Image-2024-05-16-at-18.23.00-fotor-2024051714451-768x427.jpg 768w, https:\/\/pc.sc.gov.br\/\/wp-content\/uploads\/2024\/05\/WhatsApp-Image-2024-05-16-at-18.23.00-fotor-2024051714451.jpg 1278w\" sizes=\"(max-width: 696px) 100vw, 696px\" \/>\t\t\t\t\t\t\t\t\t\t\t\t\t\t\t<\/div>\n\t\t\t\t<\/div>\n\t\t\t\t\t<\/div>\n\t\t<\/div>\n\t\t\t\t\t<\/div>\n\t\t<\/section>\n\t\t\t\t<section class=\"elementor-section elementor-top-section elementor-element elementor-element-a5b129f elementor-section-boxed elementor-section-height-default elementor-section-height-default\" data-id=\"a5b129f\" data-element_type=\"section\">\n\t\t\t\t\t\t<div class=\"elementor-container elementor-column-gap-default\">\n\t\t\t\t\t<div class=\"elementor-column elementor-col-100 elementor-top-column elementor-element elementor-element-2882897\" data-id=\"2882897\" data-element_type=\"column\">\n\t\t\t<div class=\"elementor-widget-wrap elementor-element-populated\">\n\t\t\t\t\t\t<div class=\"elementor-element elementor-element-13c4a65 elementor-widget elementor-widget-text-editor\" data-id=\"13c4a65\" data-element_type=\"widget\" data-widget_type=\"text-editor.default\">\n\t\t\t\t<div class=\"elementor-widget-container\">\n\t\t\t\t\t\t\t\t\t<p>A Pol\u00edcia Civil de Santa Catarina, por meio da Delegacia de Capturas da Diretoria Estadual de Investiga\u00e7\u00f5es Criminais (DECAP\/DEIC) deflagrou a opera\u00e7\u00e3o \u201cGuardi\u00f5es da Inf\u00e2ncia\u201d em combate \u00e0 pedofilia, tendo em vista o Dia Nacional de Combate ao Abuso e \u00e0 Explora\u00e7\u00e3o Sexual de Crian\u00e7as e Adolescentes (18\/05). As a\u00e7\u00f5es aconteceram entre os dias 14 a 16 de maio e resultaram na pris\u00e3o de 25 pessoas.&nbsp;<\/p>\n<p>Os mandados de pris\u00e3o cumpridos s\u00e3o provenientes do cometimento do crime de estupro de vulner\u00e1vel, previsto no art. 217-A do C\u00f3digo Penal. As ordens judiciais foram cumpridas nos munic\u00edpios catarinenses de Arroio do Silva, Blumenau, Canelinha, Correia Pinto, Florian\u00f3polis, Joinville, Jos\u00e9 Boiteux, Luiz Alves, Navegantes, Palho\u00e7a, Petrol\u00e2ndia, Pomerode, Rio do Sul, S\u00e3o Francisco do Sul, S\u00e3o Jos\u00e9 e Xaxim; e paranaenses de Curitiba e Vitorino. Um condenado foi preso no Maranh\u00e3o.&nbsp;<\/p>\n<p>Entre os presos, destaca-se um homem condenado ao cumprimento de mais de 82 anos de pris\u00e3o, em Rio do Sul, na quinta-feira (16\/05). Ele possui 20 boletins de ocorr\u00eancia registrados em seu desfavor, entre os crimes est\u00e3o amea\u00e7a e estupros de vulner\u00e1veis, praticados contra duas sobrinhas dele, pr\u00e1tica criminosa que teria iniciado quando as meninas tinham apenas 6 anos de idade.&nbsp;<\/p>\n<p>Participaram da opera\u00e7\u00e3o cerca de 80 policiais civis da DEIC e das unidades policiais da PCSC onde os mandados foram cumpridos. Al\u00e9m disso, a a\u00e7\u00e3o teve participa\u00e7\u00e3o tamb\u00e9m da Pol\u00edcia Civil do Paran\u00e1 naquele estado.<\/p>\n<p><span style=\"font-family: var( --e-global-typography-text-font-family ), Sans-serif; font-size: var( --e-global-typography-text-font-size ); font-weight: var( --e-global-typography-text-font-weight );\">&nbsp;V\u00eddeo: Delegado Allan Antunes Marinho Leandro, titular da DECAP e respons\u00e1vel pela opera\u00e7\u00e3o \u201cGuardi\u00f5es da Inf\u00e2ncia\u201d<\/span><span style=\"color: var( --e-global-color-text ); font-family: var( --e-global-typography-primary-font-family ), Sans-serif; font-size: var( --e-global-typography-primary-font-size ); font-weight: var( --e-global-typography-primary-font-weight ); letter-spacing: var( --e-global-typography-primary-letter-spacing );\">&nbsp;<\/span><\/p>\t\t\t\t\t\t\t\t<\/div>\n\t\t\t\t<\/div>\n\t\t\t\t\t<\/div>\n\t\t<\/div>\n\t\t\t\t\t<\/div>\n\t\t<\/section>\n\t\t\t\t<section class=\"elementor-section elementor-top-section elementor-element elementor-element-97e0b88 elementor-section-boxed elementor-section-height-default elementor-section-height-default\" data-id=\"97e0b88\" data-element_type=\"section\">\n\t\t\t\t\t\t<div class=\"elementor-container elementor-column-gap-default\">\n\t\t\t\t\t<div class=\"elementor-column elementor-col-100 elementor-top-column elementor-element elementor-element-45a3cf5\" data-id=\"45a3cf5\" data-element_type=\"column\">\n\t\t\t<div class=\"elementor-widget-wrap elementor-element-populated\">\n\t\t\t\t\t\t<div class=\"elementor-element elementor-element-ad534e6 elementor-widget elementor-widget-video\" data-id=\"ad534e6\" data-element_type=\"widget\" data-settings=\"{&quot;video_type&quot;:&quot;hosted&quot;,&quot;controls&quot;:&quot;yes&quot;}\" data-widget_type=\"video.default\">\n\t\t\t\t<div class=\"elementor-widget-container\">\n\t\t\t\t\t\t\t<div class=\"e-hosted-video elementor-wrapper elementor-open-inline\">\n\t\t\t\t\t<video class=\"elementor-video\" src=\"https:\/\/pc.sc.gov.br\/wp-content\/uploads\/2024\/05\/WhatsApp-Video-2024-05-17-at-13.08.15.mp4\" controls=\"\" preload=\"metadata\" controlsList=\"nodownload\"><\/video>\n\t\t\t\t<\/div>\n\t\t\t\t\t\t<\/div>\n\t\t\t\t<\/div>\n\t\t\t\t\t<\/div>\n\t\t<\/div>\n\t\t\t\t\t<\/div>\n\t\t<\/section>\n\t\t\t\t<\/div>\n\t\t","protected":false},"excerpt":{"rendered":"<p>DCAP\/DEIC deflagra opera\u00e7\u00e3o \u201cGuardi\u00f5es da Inf\u00e2ncia\u201d e prende 25 condenados por estupro de vulner\u00e1vel em Santa Catarina, Paran\u00e1 e Maranh\u00e3o A Pol\u00edcia Civil de Santa Catarina, por meio da Delegacia de Capturas da Diretoria Estadual de Investiga\u00e7\u00f5es Criminais (DECAP\/DEIC) deflagrou a opera\u00e7\u00e3o \u201cGuardi\u00f5es da Inf\u00e2ncia\u201d em combate \u00e0 pedofilia, tendo em vista o Dia Nacional [&hellip;]<\/p>\n","protected":false},"author":5,"featured_media":20257,"comment_status":"closed","ping_status":"open","sticky":false,"template":"","format":"standard","meta":{"_monsterinsights_skip_tracking":false,"_monsterinsights_sitenote_active":false,"_monsterinsights_sitenote_note":"","_monsterinsights_sitenote_category":0,"footnotes":""},"categories":[1],"tags":[],"class_list":["post-20256","post","type-post","status-publish","format-standard","has-post-thumbnail","hentry","category-sem-categoria"],"_links":{"self":[{"href":"https:\/\/pc.sc.gov.br\/index.php?rest_route=\/wp\/v2\/posts\/20256","targetHints":{"allow":["GET"]}}],"collection":[{"href":"https:\/\/pc.sc.gov.br\/index.php?rest_route=\/wp\/v2\/posts"}],"about":[{"href":"https:\/\/pc.sc.gov.br\/index.php?rest_route=\/wp\/v2\/types\/post"}],"author":[{"embeddable":true,"href":"https:\/\/pc.sc.gov.br\/index.php?rest_route=\/wp\/v2\/users\/5"}],"replies":[{"embeddable":true,"href":"https:\/\/pc.sc.gov.br\/index.php?rest_route=%2Fwp%2Fv2%2Fcomments&post=20256"}],"version-history":[{"count":14,"href":"https:\/\/pc.sc.gov.br\/index.php?rest_route=\/wp\/v2\/posts\/20256\/revisions"}],"predecessor-version":[{"id":20273,"href":"https:\/\/pc.sc.gov.br\/index.php?rest_route=\/wp\/v2\/posts\/20256\/revisions\/20273"}],"wp:featuredmedia":[{"embeddable":true,"href":"https:\/\/pc.sc.gov.br\/index.php?rest_route=\/wp\/v2\/media\/20257"}],"wp:attachment":[{"href":"https:\/\/pc.sc.gov.br\/index.php?rest_route=%2Fwp%2Fv2%2Fmedia&parent=20256"}],"wp:term":[{"taxonomy":"category","embeddable":true,"href":"https:\/\/pc.sc.gov.br\/index.php?rest_route=%2Fwp%2Fv2%2Fcategories&post=20256"},{"taxonomy":"post_tag","embeddable":true,"href":"https:\/\/pc.sc.gov.br\/index.php?rest_route=%2Fwp%2Fv2%2Ftags&post=20256"}],"curies":[{"name":"wp","href":"https:\/\/api.w.org\/{rel}","templated":true}]}}