{"id":20292,"date":"2024-05-17T18:21:43","date_gmt":"2024-05-17T21:21:43","guid":{"rendered":"https:\/\/pc.sc.gov.br\/?p=20292"},"modified":"2024-05-17T18:22:01","modified_gmt":"2024-05-17T21:22:01","slug":"policia-civil-conclui-inquerito-sobre-rompimento-de-reservatorio-de-agua-na-capital","status":"publish","type":"post","link":"https:\/\/pc.sc.gov.br\/?p=20292","title":{"rendered":"Pol\u00edcia Civil conclui inqu\u00e9rito sobre rompimento de reservat\u00f3rio de \u00e1gua na Capital"},"content":{"rendered":"\t\t<div data-elementor-type=\"wp-post\" data-elementor-id=\"20292\" class=\"elementor elementor-20292\" data-elementor-post-type=\"post\">\n\t\t\t\t\t\t<section class=\"elementor-section elementor-top-section elementor-element elementor-element-a245aff elementor-section-boxed elementor-section-height-default elementor-section-height-default\" data-id=\"a245aff\" data-element_type=\"section\">\n\t\t\t\t\t\t<div class=\"elementor-container elementor-column-gap-default\">\n\t\t\t\t\t<div class=\"elementor-column elementor-col-100 elementor-top-column elementor-element elementor-element-e0fe6bc\" data-id=\"e0fe6bc\" data-element_type=\"column\">\n\t\t\t<div class=\"elementor-widget-wrap elementor-element-populated\">\n\t\t\t\t\t\t<div class=\"elementor-element elementor-element-a72187b elementor-widget elementor-widget-heading\" data-id=\"a72187b\" data-element_type=\"widget\" data-widget_type=\"heading.default\">\n\t\t\t\t<div class=\"elementor-widget-container\">\n\t\t\t\t\t<h2 class=\"elementor-heading-title elementor-size-default\">Pol\u00edcia Civil conclui inqu\u00e9rito sobre rompimento de reservat\u00f3rio de \u00e1gua na Capital <\/h2>\t\t\t\t<\/div>\n\t\t\t\t<\/div>\n\t\t\t\t\t<\/div>\n\t\t<\/div>\n\t\t\t\t\t<\/div>\n\t\t<\/section>\n\t\t\t\t<section class=\"elementor-section elementor-top-section elementor-element elementor-element-6a9fb5f elementor-section-boxed elementor-section-height-default elementor-section-height-default\" data-id=\"6a9fb5f\" data-element_type=\"section\">\n\t\t\t\t\t\t<div class=\"elementor-container elementor-column-gap-default\">\n\t\t\t\t\t<div class=\"elementor-column elementor-col-100 elementor-top-column elementor-element elementor-element-feb9af4\" data-id=\"feb9af4\" data-element_type=\"column\">\n\t\t\t<div class=\"elementor-widget-wrap elementor-element-populated\">\n\t\t\t\t\t\t<div class=\"elementor-element elementor-element-0f048e6 elementor-widget elementor-widget-image\" data-id=\"0f048e6\" data-element_type=\"widget\" data-widget_type=\"image.default\">\n\t\t\t\t<div class=\"elementor-widget-container\">\n\t\t\t\t\t\t\t\t\t\t\t\t\t\t\t<img fetchpriority=\"high\" decoding=\"async\" width=\"696\" height=\"583\" src=\"https:\/\/pc.sc.gov.br\/\/wp-content\/uploads\/2024\/04\/52798047036_d7bc95aaed_k-fotor-20231101135311.jpg\" class=\"attachment-large size-large wp-image-19696\" alt=\"\" srcset=\"https:\/\/pc.sc.gov.br\/\/wp-content\/uploads\/2024\/04\/52798047036_d7bc95aaed_k-fotor-20231101135311.jpg 961w, https:\/\/pc.sc.gov.br\/\/wp-content\/uploads\/2024\/04\/52798047036_d7bc95aaed_k-fotor-20231101135311-300x251.jpg 300w, https:\/\/pc.sc.gov.br\/\/wp-content\/uploads\/2024\/04\/52798047036_d7bc95aaed_k-fotor-20231101135311-768x643.jpg 768w\" sizes=\"(max-width: 696px) 100vw, 696px\" \/>\t\t\t\t\t\t\t\t\t\t\t\t\t\t\t<\/div>\n\t\t\t\t<\/div>\n\t\t\t\t\t<\/div>\n\t\t<\/div>\n\t\t\t\t\t<\/div>\n\t\t<\/section>\n\t\t\t\t<section class=\"elementor-section elementor-top-section elementor-element elementor-element-12857f8 elementor-section-boxed elementor-section-height-default elementor-section-height-default\" data-id=\"12857f8\" data-element_type=\"section\">\n\t\t\t\t\t\t<div class=\"elementor-container elementor-column-gap-default\">\n\t\t\t\t\t<div class=\"elementor-column elementor-col-100 elementor-top-column elementor-element elementor-element-ae9aed9\" data-id=\"ae9aed9\" data-element_type=\"column\">\n\t\t\t<div class=\"elementor-widget-wrap elementor-element-populated\">\n\t\t\t\t\t\t<div class=\"elementor-element elementor-element-aff998a elementor-widget elementor-widget-text-editor\" data-id=\"aff998a\" data-element_type=\"widget\" data-widget_type=\"text-editor.default\">\n\t\t\t\t<div class=\"elementor-widget-container\">\n\t\t\t\t\t\t\t\t\t<p>Na semana passada, a Pol\u00edcia Civil de Santa Catarina, por meio da Delegacia de Pol\u00edcia do Continente, finalizou o inqu\u00e9rito policial que apurava o rompimento do reservat\u00f3rio de \u00e1gua da Casan, ocorrido no dia 6 de setembro de 2023, no bairro Monte Cristo, em Florian\u00f3polis.<\/p><p>A investiga\u00e7\u00e3o resultou no indiciamento de dois engenheiros que atuavam na obra, um deles respons\u00e1vel pela execu\u00e7\u00e3o, que era contratado pela empresa vencedora da licita\u00e7\u00e3o; e outro engenheiro que era respons\u00e1vel pela fiscaliza\u00e7\u00e3o, da Casan.<\/p><p>Destaca-se que dois fatores foram determinantes para a conclus\u00e3o do inqu\u00e9rito, um deles foram os resultados dos laudos apresentados pela Pol\u00edcia Cient\u00edfica, sendo que foram realizadas duas per\u00edcias consideradas complexas, gerando um laudo prim\u00e1rio e outro complementar. Os resultados foram apresentados somente em dezembro do ano passado.<\/p><p>Al\u00e9m disso, alguns questionamentos da autoridade policial n\u00e3o foram esclarecidos pelos laudos da PCI e demandaram a manifesta\u00e7\u00e3o do CREA-SC sobre a qualifica\u00e7\u00e3o de dois engenheiros que estavam envolvidos na constru\u00e7\u00e3o. Essas respostas foram apresentadas \u00e0 Pol\u00edcia Civil de Santa Catarina somente em mar\u00e7o deste ano. Ap\u00f3s isso, a Pol\u00edcia Civil come\u00e7ou a realizar as oitivas de testemunhas e dos envolvidos na obra.<\/p><p>A investiga\u00e7\u00e3o apontou que a causa do rompimento foi basicamente a diverg\u00eancia do material que foi utilizado na obra e o que estava previsto no projeto estrutural. Segundo laudo da PCI, esse material foi usado em quantidade inferior ao previsto no projeto, causando o rompimento de um dos reservat\u00f3rios.<\/p><p>Dessa forma, conforme constatou o laudo da PCI, o colapso da estrutura aconteceu pela incapacidade da parede estrutural transferir aos pilares adjacentes os esfor\u00e7os exercidos pela quantidade de \u00e1gua que havia no interior no reservat\u00f3rio.<\/p><p>Por meio do di\u00e1rio da obra, foi poss\u00edvel constatar quem eram os dois engenheiros respons\u00e1veis pela etapa da obra em quest\u00e3o, tanto pela execu\u00e7\u00e3o quanto pela fiscaliza\u00e7\u00e3o. Eles foram indiciados na modalidade culposa pelos crimes de inunda\u00e7\u00e3o e desabamento, ambos qualificados pelas les\u00f5es corporais geradas aos moradores do entorno. Al\u00e9m disso, eles foram indiciados tamb\u00e9m pelo dano ambiental causado na regi\u00e3o.<\/p><p>.<\/p>\t\t\t\t\t\t\t\t<\/div>\n\t\t\t\t<\/div>\n\t\t\t\t\t<\/div>\n\t\t<\/div>\n\t\t\t\t\t<\/div>\n\t\t<\/section>\n\t\t\t\t<\/div>\n\t\t","protected":false},"excerpt":{"rendered":"<p>Pol\u00edcia Civil conclui inqu\u00e9rito sobre rompimento de reservat\u00f3rio de \u00e1gua na Capital Na semana passada, a Pol\u00edcia Civil de Santa Catarina, por meio da Delegacia de Pol\u00edcia do Continente, finalizou o inqu\u00e9rito policial que apurava o rompimento do reservat\u00f3rio de \u00e1gua da Casan, ocorrido no dia 6 de setembro de 2023, no bairro Monte Cristo, [&hellip;]<\/p>\n","protected":false},"author":5,"featured_media":18108,"comment_status":"closed","ping_status":"open","sticky":false,"template":"","format":"standard","meta":{"_monsterinsights_skip_tracking":false,"_monsterinsights_sitenote_active":false,"_monsterinsights_sitenote_note":"","_monsterinsights_sitenote_category":0,"footnotes":""},"categories":[1],"tags":[],"class_list":["post-20292","post","type-post","status-publish","format-standard","has-post-thumbnail","hentry","category-sem-categoria"],"_links":{"self":[{"href":"https:\/\/pc.sc.gov.br\/index.php?rest_route=\/wp\/v2\/posts\/20292","targetHints":{"allow":["GET"]}}],"collection":[{"href":"https:\/\/pc.sc.gov.br\/index.php?rest_route=\/wp\/v2\/posts"}],"about":[{"href":"https:\/\/pc.sc.gov.br\/index.php?rest_route=\/wp\/v2\/types\/post"}],"author":[{"embeddable":true,"href":"https:\/\/pc.sc.gov.br\/index.php?rest_route=\/wp\/v2\/users\/5"}],"replies":[{"embeddable":true,"href":"https:\/\/pc.sc.gov.br\/index.php?rest_route=%2Fwp%2Fv2%2Fcomments&post=20292"}],"version-history":[{"count":4,"href":"https:\/\/pc.sc.gov.br\/index.php?rest_route=\/wp\/v2\/posts\/20292\/revisions"}],"predecessor-version":[{"id":20296,"href":"https:\/\/pc.sc.gov.br\/index.php?rest_route=\/wp\/v2\/posts\/20292\/revisions\/20296"}],"wp:featuredmedia":[{"embeddable":true,"href":"https:\/\/pc.sc.gov.br\/index.php?rest_route=\/wp\/v2\/media\/18108"}],"wp:attachment":[{"href":"https:\/\/pc.sc.gov.br\/index.php?rest_route=%2Fwp%2Fv2%2Fmedia&parent=20292"}],"wp:term":[{"taxonomy":"category","embeddable":true,"href":"https:\/\/pc.sc.gov.br\/index.php?rest_route=%2Fwp%2Fv2%2Fcategories&post=20292"},{"taxonomy":"post_tag","embeddable":true,"href":"https:\/\/pc.sc.gov.br\/index.php?rest_route=%2Fwp%2Fv2%2Ftags&post=20292"}],"curies":[{"name":"wp","href":"https:\/\/api.w.org\/{rel}","templated":true}]}}