{"id":20298,"date":"2024-05-20T14:22:19","date_gmt":"2024-05-20T17:22:19","guid":{"rendered":"https:\/\/pc.sc.gov.br\/?p=20298"},"modified":"2024-05-20T14:23:18","modified_gmt":"2024-05-20T17:23:18","slug":"policia-civil-apreende-49-kg-de-maconha-com-adolescente-no-terminal-rodoviario-de-xanxere","status":"publish","type":"post","link":"https:\/\/pc.sc.gov.br\/?p=20298","title":{"rendered":"Pol\u00edcia Civil apreende 4,9 kg de maconha com adolescente no Terminal Rodovi\u00e1rio de Xanxer\u00ea"},"content":{"rendered":"\t\t<div data-elementor-type=\"wp-post\" data-elementor-id=\"20298\" class=\"elementor elementor-20298\" data-elementor-post-type=\"post\">\n\t\t\t\t\t\t<section class=\"elementor-section elementor-top-section elementor-element elementor-element-9503329 elementor-section-boxed elementor-section-height-default elementor-section-height-default\" data-id=\"9503329\" data-element_type=\"section\">\n\t\t\t\t\t\t<div class=\"elementor-container elementor-column-gap-default\">\n\t\t\t\t\t<div class=\"elementor-column elementor-col-100 elementor-top-column elementor-element elementor-element-6e12141\" data-id=\"6e12141\" data-element_type=\"column\">\n\t\t\t<div class=\"elementor-widget-wrap elementor-element-populated\">\n\t\t\t\t\t\t<div class=\"elementor-element elementor-element-aba2ae2 elementor-widget elementor-widget-heading\" data-id=\"aba2ae2\" data-element_type=\"widget\" data-widget_type=\"heading.default\">\n\t\t\t\t<div class=\"elementor-widget-container\">\n\t\t\t\t\t<h2 class=\"elementor-heading-title elementor-size-default\">Pol\u00edcia Civil apreende 4,9 kg de maconha com adolescente no Terminal Rodovi\u00e1rio de Xanxer\u00ea<\/h2>\t\t\t\t<\/div>\n\t\t\t\t<\/div>\n\t\t\t\t\t<\/div>\n\t\t<\/div>\n\t\t\t\t\t<\/div>\n\t\t<\/section>\n\t\t\t\t<section class=\"elementor-section elementor-top-section elementor-element elementor-element-e4cacc0 elementor-section-boxed elementor-section-height-default elementor-section-height-default\" data-id=\"e4cacc0\" data-element_type=\"section\">\n\t\t\t\t\t\t<div class=\"elementor-container elementor-column-gap-default\">\n\t\t\t\t\t<div class=\"elementor-column elementor-col-100 elementor-top-column elementor-element elementor-element-58492be\" data-id=\"58492be\" data-element_type=\"column\">\n\t\t\t<div class=\"elementor-widget-wrap elementor-element-populated\">\n\t\t\t\t\t\t<div class=\"elementor-element elementor-element-c7e84cd elementor-widget elementor-widget-image\" data-id=\"c7e84cd\" data-element_type=\"widget\" data-widget_type=\"image.default\">\n\t\t\t\t<div class=\"elementor-widget-container\">\n\t\t\t\t\t\t\t\t\t\t\t\t\t\t\t<img fetchpriority=\"high\" decoding=\"async\" width=\"696\" height=\"928\" src=\"https:\/\/pc.sc.gov.br\/\/wp-content\/uploads\/2024\/05\/WhatsApp-Image-2024-05-20-at-10.56.27-768x1024.jpeg\" class=\"attachment-large size-large wp-image-20299\" alt=\"\" srcset=\"https:\/\/pc.sc.gov.br\/\/wp-content\/uploads\/2024\/05\/WhatsApp-Image-2024-05-20-at-10.56.27-768x1024.jpeg 768w, https:\/\/pc.sc.gov.br\/\/wp-content\/uploads\/2024\/05\/WhatsApp-Image-2024-05-20-at-10.56.27-225x300.jpeg 225w, https:\/\/pc.sc.gov.br\/\/wp-content\/uploads\/2024\/05\/WhatsApp-Image-2024-05-20-at-10.56.27.jpeg 960w\" sizes=\"(max-width: 696px) 100vw, 696px\" \/>\t\t\t\t\t\t\t\t\t\t\t\t\t\t\t<\/div>\n\t\t\t\t<\/div>\n\t\t\t\t\t<\/div>\n\t\t<\/div>\n\t\t\t\t\t<\/div>\n\t\t<\/section>\n\t\t\t\t<section class=\"elementor-section elementor-top-section elementor-element elementor-element-814059a elementor-section-boxed elementor-section-height-default elementor-section-height-default\" data-id=\"814059a\" data-element_type=\"section\">\n\t\t\t\t\t\t<div class=\"elementor-container elementor-column-gap-default\">\n\t\t\t\t\t<div class=\"elementor-column elementor-col-100 elementor-top-column elementor-element elementor-element-3846a5c\" data-id=\"3846a5c\" data-element_type=\"column\">\n\t\t\t<div class=\"elementor-widget-wrap elementor-element-populated\">\n\t\t\t\t\t\t<div class=\"elementor-element elementor-element-1f14114 elementor-widget elementor-widget-text-editor\" data-id=\"1f14114\" data-element_type=\"widget\" data-widget_type=\"text-editor.default\">\n\t\t\t\t<div class=\"elementor-widget-container\">\n\t\t\t\t\t\t\t\t\t<p>A Pol\u00edcia Civil de Santa Catarina, atrav\u00e9s de policiais civis mobilizados pela OPERA\u00c7\u00c3O PROTETOR, apreenderam na noite de domingo (19), no Terminal Rodovi\u00e1rio de Xanxer\u00ea, uma adolescente de 14 anos, natural de Foz de Igua\u00e7u\/PR, que transportava cerca de 4,9 quilos de subst\u00e2ncia semelhante \u00e0 maconha em sua bagagem.<\/p><p>A adolescente foi encaminhada para a Delegacia de Pol\u00edcia de Xanxer\u00ea para procedimentos legais e entregue aos cuidados do Conselho Tutelar. A Pol\u00edcia Civil de Xanxer\u00ea vai dar seguimento com a investiga\u00e7\u00e3o sobre o caso.<\/p><p>A a\u00e7\u00e3o policial tamb\u00e9m contou com apoio do K9-Dragon, do N\u00facleo de Opera\u00e7\u00f5es com C\u00e3es da 16\u00aa DRP de Xanxer\u00ea.<\/p><p>A Opera\u00e7\u00e3o PROTETOR de Divisas e Fronteiras \u00e9 uma opera\u00e7\u00e3o permanente desenvolvida pelo Minist\u00e9rio da Justi\u00e7a e Seguran\u00e7a P\u00fablica \u2013 MJSP, por meio da Secretaria Nacional de Seguran\u00e7a P\u00fablica \u2013 SENASP, cujo objetivo \u00e9 a coopera\u00e7\u00e3o e a qualifica\u00e7\u00e3o das For\u00e7as de Seguran\u00e7a P\u00fablica \u00e0 Prote\u00e7\u00e3o das Divisas, Fronteiras e a promo\u00e7\u00e3o da Justi\u00e7a.<\/p><p>No \u00e2mbito da Pol\u00edcia Civil de Santa Catarina, a coordena\u00e7\u00e3o e planejamento das a\u00e7\u00f5es e atividades desta opera\u00e7\u00e3o nos 89 munic\u00edpios que comp\u00f5em a faixa da fronteira \u00e9 de responsabilidade da Diretoria de Pol\u00edcia da Fronteira (DIFRON).<\/p>\t\t\t\t\t\t\t\t<\/div>\n\t\t\t\t<\/div>\n\t\t\t\t\t<\/div>\n\t\t<\/div>\n\t\t\t\t\t<\/div>\n\t\t<\/section>\n\t\t\t\t<\/div>\n\t\t","protected":false},"excerpt":{"rendered":"<p>Pol\u00edcia Civil apreende 4,9 kg de maconha com adolescente no Terminal Rodovi\u00e1rio de Xanxer\u00ea A Pol\u00edcia Civil de Santa Catarina, atrav\u00e9s de policiais civis mobilizados pela OPERA\u00c7\u00c3O PROTETOR, apreenderam na noite de domingo (19), no Terminal Rodovi\u00e1rio de Xanxer\u00ea, uma adolescente de 14 anos, natural de Foz de Igua\u00e7u\/PR, que transportava cerca de 4,9 quilos [&hellip;]<\/p>\n","protected":false},"author":5,"featured_media":20299,"comment_status":"closed","ping_status":"open","sticky":false,"template":"","format":"standard","meta":{"_monsterinsights_skip_tracking":false,"_monsterinsights_sitenote_active":false,"_monsterinsights_sitenote_note":"","_monsterinsights_sitenote_category":0,"footnotes":""},"categories":[1],"tags":[],"class_list":["post-20298","post","type-post","status-publish","format-standard","has-post-thumbnail","hentry","category-sem-categoria"],"_links":{"self":[{"href":"https:\/\/pc.sc.gov.br\/index.php?rest_route=\/wp\/v2\/posts\/20298","targetHints":{"allow":["GET"]}}],"collection":[{"href":"https:\/\/pc.sc.gov.br\/index.php?rest_route=\/wp\/v2\/posts"}],"about":[{"href":"https:\/\/pc.sc.gov.br\/index.php?rest_route=\/wp\/v2\/types\/post"}],"author":[{"embeddable":true,"href":"https:\/\/pc.sc.gov.br\/index.php?rest_route=\/wp\/v2\/users\/5"}],"replies":[{"embeddable":true,"href":"https:\/\/pc.sc.gov.br\/index.php?rest_route=%2Fwp%2Fv2%2Fcomments&post=20298"}],"version-history":[{"count":4,"href":"https:\/\/pc.sc.gov.br\/index.php?rest_route=\/wp\/v2\/posts\/20298\/revisions"}],"predecessor-version":[{"id":20303,"href":"https:\/\/pc.sc.gov.br\/index.php?rest_route=\/wp\/v2\/posts\/20298\/revisions\/20303"}],"wp:featuredmedia":[{"embeddable":true,"href":"https:\/\/pc.sc.gov.br\/index.php?rest_route=\/wp\/v2\/media\/20299"}],"wp:attachment":[{"href":"https:\/\/pc.sc.gov.br\/index.php?rest_route=%2Fwp%2Fv2%2Fmedia&parent=20298"}],"wp:term":[{"taxonomy":"category","embeddable":true,"href":"https:\/\/pc.sc.gov.br\/index.php?rest_route=%2Fwp%2Fv2%2Fcategories&post=20298"},{"taxonomy":"post_tag","embeddable":true,"href":"https:\/\/pc.sc.gov.br\/index.php?rest_route=%2Fwp%2Fv2%2Ftags&post=20298"}],"curies":[{"name":"wp","href":"https:\/\/api.w.org\/{rel}","templated":true}]}}