{"id":20322,"date":"2024-05-20T16:04:33","date_gmt":"2024-05-20T19:04:33","guid":{"rendered":"https:\/\/pc.sc.gov.br\/?p=20322"},"modified":"2024-05-20T16:05:43","modified_gmt":"2024-05-20T19:05:43","slug":"policia-civil-prende-em-flagrante-autor-de-furto-e-estelionato-na-regiao-da-lagoa-da-conceicao-na-capital","status":"publish","type":"post","link":"https:\/\/pc.sc.gov.br\/?p=20322","title":{"rendered":"Pol\u00edcia Civil prende em flagrante autor de furto e estelionato na regi\u00e3o da Lagoa da Concei\u00e7\u00e3o na Capital"},"content":{"rendered":"\t\t<div data-elementor-type=\"wp-post\" data-elementor-id=\"20322\" class=\"elementor elementor-20322\" data-elementor-post-type=\"post\">\n\t\t\t\t\t\t<section class=\"elementor-section elementor-top-section elementor-element elementor-element-f835c10 elementor-section-boxed elementor-section-height-default elementor-section-height-default\" data-id=\"f835c10\" data-element_type=\"section\">\n\t\t\t\t\t\t<div class=\"elementor-container elementor-column-gap-default\">\n\t\t\t\t\t<div class=\"elementor-column elementor-col-100 elementor-top-column elementor-element elementor-element-8221b92\" data-id=\"8221b92\" data-element_type=\"column\">\n\t\t\t<div class=\"elementor-widget-wrap elementor-element-populated\">\n\t\t\t\t\t\t<div class=\"elementor-element elementor-element-be40516 elementor-widget elementor-widget-heading\" data-id=\"be40516\" data-element_type=\"widget\" data-widget_type=\"heading.default\">\n\t\t\t\t<div class=\"elementor-widget-container\">\n\t\t\t\t\t<h2 class=\"elementor-heading-title elementor-size-default\">Pol\u00edcia Civil prende em flagrante autor de furto e estelionato na regi\u00e3o da Lagoa da Concei\u00e7\u00e3o na Capital<\/h2>\t\t\t\t<\/div>\n\t\t\t\t<\/div>\n\t\t\t\t\t<\/div>\n\t\t<\/div>\n\t\t\t\t\t<\/div>\n\t\t<\/section>\n\t\t\t\t<section class=\"elementor-section elementor-top-section elementor-element elementor-element-52e827f elementor-section-boxed elementor-section-height-default elementor-section-height-default\" data-id=\"52e827f\" data-element_type=\"section\">\n\t\t\t\t\t\t<div class=\"elementor-container elementor-column-gap-default\">\n\t\t\t\t\t<div class=\"elementor-column elementor-col-100 elementor-top-column elementor-element elementor-element-12309ca\" data-id=\"12309ca\" data-element_type=\"column\">\n\t\t\t<div class=\"elementor-widget-wrap elementor-element-populated\">\n\t\t\t\t\t\t<div class=\"elementor-element elementor-element-56d79f2 elementor-widget elementor-widget-image\" data-id=\"56d79f2\" data-element_type=\"widget\" data-widget_type=\"image.default\">\n\t\t\t\t<div class=\"elementor-widget-container\">\n\t\t\t\t\t\t\t\t\t\t\t\t\t\t\t<img fetchpriority=\"high\" decoding=\"async\" width=\"696\" height=\"583\" src=\"https:\/\/pc.sc.gov.br\/\/wp-content\/uploads\/2024\/05\/52798047036_d7bc95aaed_k-fotor-20231101135311.jpg\" class=\"attachment-large size-large wp-image-20152\" alt=\"\" srcset=\"https:\/\/pc.sc.gov.br\/\/wp-content\/uploads\/2024\/05\/52798047036_d7bc95aaed_k-fotor-20231101135311.jpg 961w, https:\/\/pc.sc.gov.br\/\/wp-content\/uploads\/2024\/05\/52798047036_d7bc95aaed_k-fotor-20231101135311-300x251.jpg 300w, https:\/\/pc.sc.gov.br\/\/wp-content\/uploads\/2024\/05\/52798047036_d7bc95aaed_k-fotor-20231101135311-768x643.jpg 768w\" sizes=\"(max-width: 696px) 100vw, 696px\" \/>\t\t\t\t\t\t\t\t\t\t\t\t\t\t\t<\/div>\n\t\t\t\t<\/div>\n\t\t\t\t\t<\/div>\n\t\t<\/div>\n\t\t\t\t\t<\/div>\n\t\t<\/section>\n\t\t\t\t<section class=\"elementor-section elementor-top-section elementor-element elementor-element-1112e0a elementor-section-boxed elementor-section-height-default elementor-section-height-default\" data-id=\"1112e0a\" data-element_type=\"section\">\n\t\t\t\t\t\t<div class=\"elementor-container elementor-column-gap-default\">\n\t\t\t\t\t<div class=\"elementor-column elementor-col-100 elementor-top-column elementor-element elementor-element-c819f52\" data-id=\"c819f52\" data-element_type=\"column\">\n\t\t\t<div class=\"elementor-widget-wrap elementor-element-populated\">\n\t\t\t\t\t\t<div class=\"elementor-element elementor-element-8bba480 elementor-widget elementor-widget-text-editor\" data-id=\"8bba480\" data-element_type=\"widget\" data-widget_type=\"text-editor.default\">\n\t\t\t\t<div class=\"elementor-widget-container\">\n\t\t\t\t\t\t\t\t\t<p>Na sexta-feira (17\/05), a Pol\u00edcia Civil de Santa Catarina, por meio da 10\u00aa Delegacia de Pol\u00edcia da Capital, prendeu em flagrante um homem pela pr\u00e1tica de furto em um restaurante, no bairro Campeche, na Capital. Logo ap\u00f3s a ocorr\u00eancia do furto, policiais iniciaram o monitoramento do autor, j\u00e1 investigado, chegando \u00e0 localiza\u00e7\u00e3o de seu paradeiro no Canto da Lagoa.<\/p><p>Durante a dilig\u00eancia houve \u00eaxito na recupera\u00e7\u00e3o de dinheiro, celular e alimentos subtra\u00eddos do restaurante. Al\u00e9m disso, outros objetos, referente a mais tr\u00eas inqu\u00e9ritos policiais que tramitam contra o autor, tamb\u00e9m foram recuperados.<\/p><p>Quanto ao crime de estelionato, o autor aproveitou um dos celulares do restaurante, utilizado para tele-entrega, e simulou algumas vendas, solicitando transfer\u00eancias via pix para diversos clientes.<\/p>\t\t\t\t\t\t\t\t<\/div>\n\t\t\t\t<\/div>\n\t\t\t\t\t<\/div>\n\t\t<\/div>\n\t\t\t\t\t<\/div>\n\t\t<\/section>\n\t\t\t\t<\/div>\n\t\t","protected":false},"excerpt":{"rendered":"<p>Pol\u00edcia Civil prende em flagrante autor de furto e estelionato na regi\u00e3o da Lagoa da Concei\u00e7\u00e3o na Capital Na sexta-feira (17\/05), a Pol\u00edcia Civil de Santa Catarina, por meio da 10\u00aa Delegacia de Pol\u00edcia da Capital, prendeu em flagrante um homem pela pr\u00e1tica de furto em um restaurante, no bairro Campeche, na Capital. Logo ap\u00f3s [&hellip;]<\/p>\n","protected":false},"author":5,"featured_media":20152,"comment_status":"closed","ping_status":"open","sticky":false,"template":"","format":"standard","meta":{"_monsterinsights_skip_tracking":false,"_monsterinsights_sitenote_active":false,"_monsterinsights_sitenote_note":"","_monsterinsights_sitenote_category":0,"footnotes":""},"categories":[1],"tags":[],"class_list":["post-20322","post","type-post","status-publish","format-standard","has-post-thumbnail","hentry","category-sem-categoria"],"_links":{"self":[{"href":"https:\/\/pc.sc.gov.br\/index.php?rest_route=\/wp\/v2\/posts\/20322","targetHints":{"allow":["GET"]}}],"collection":[{"href":"https:\/\/pc.sc.gov.br\/index.php?rest_route=\/wp\/v2\/posts"}],"about":[{"href":"https:\/\/pc.sc.gov.br\/index.php?rest_route=\/wp\/v2\/types\/post"}],"author":[{"embeddable":true,"href":"https:\/\/pc.sc.gov.br\/index.php?rest_route=\/wp\/v2\/users\/5"}],"replies":[{"embeddable":true,"href":"https:\/\/pc.sc.gov.br\/index.php?rest_route=%2Fwp%2Fv2%2Fcomments&post=20322"}],"version-history":[{"count":4,"href":"https:\/\/pc.sc.gov.br\/index.php?rest_route=\/wp\/v2\/posts\/20322\/revisions"}],"predecessor-version":[{"id":20326,"href":"https:\/\/pc.sc.gov.br\/index.php?rest_route=\/wp\/v2\/posts\/20322\/revisions\/20326"}],"wp:featuredmedia":[{"embeddable":true,"href":"https:\/\/pc.sc.gov.br\/index.php?rest_route=\/wp\/v2\/media\/20152"}],"wp:attachment":[{"href":"https:\/\/pc.sc.gov.br\/index.php?rest_route=%2Fwp%2Fv2%2Fmedia&parent=20322"}],"wp:term":[{"taxonomy":"category","embeddable":true,"href":"https:\/\/pc.sc.gov.br\/index.php?rest_route=%2Fwp%2Fv2%2Fcategories&post=20322"},{"taxonomy":"post_tag","embeddable":true,"href":"https:\/\/pc.sc.gov.br\/index.php?rest_route=%2Fwp%2Fv2%2Ftags&post=20322"}],"curies":[{"name":"wp","href":"https:\/\/api.w.org\/{rel}","templated":true}]}}