{"id":20331,"date":"2024-05-20T16:50:10","date_gmt":"2024-05-20T19:50:10","guid":{"rendered":"https:\/\/pc.sc.gov.br\/?p=20331"},"modified":"2024-05-20T16:59:08","modified_gmt":"2024-05-20T19:59:08","slug":"operacao-interestadual-resulta-na-prisao-em-flagrante-e-recuperacao-de-objeto-furtado-no-aeroporto-de-florianopolis","status":"publish","type":"post","link":"https:\/\/pc.sc.gov.br\/?p=20331","title":{"rendered":"Opera\u00e7\u00e3o interestadual resulta na pris\u00e3o em flagrante e recupera\u00e7\u00e3o de objeto furtado no Aeroporto de Florian\u00f3polis"},"content":{"rendered":"\t\t<div data-elementor-type=\"wp-post\" data-elementor-id=\"20331\" class=\"elementor elementor-20331\" data-elementor-post-type=\"post\">\n\t\t\t\t\t\t<section class=\"elementor-section elementor-top-section elementor-element elementor-element-5d32ecd elementor-section-boxed elementor-section-height-default elementor-section-height-default\" data-id=\"5d32ecd\" data-element_type=\"section\">\n\t\t\t\t\t\t<div class=\"elementor-container elementor-column-gap-default\">\n\t\t\t\t\t<div class=\"elementor-column elementor-col-100 elementor-top-column elementor-element elementor-element-97cb2bf\" data-id=\"97cb2bf\" data-element_type=\"column\">\n\t\t\t<div class=\"elementor-widget-wrap elementor-element-populated\">\n\t\t\t\t\t\t<div class=\"elementor-element elementor-element-5cd07e6 elementor-widget elementor-widget-heading\" data-id=\"5cd07e6\" data-element_type=\"widget\" data-widget_type=\"heading.default\">\n\t\t\t\t<div class=\"elementor-widget-container\">\n\t\t\t\t\t<h2 class=\"elementor-heading-title elementor-size-default\">Opera\u00e7\u00e3o interestadual resulta na pris\u00e3o em flagrante e recupera\u00e7\u00e3o de objeto furtado no Aeroporto de Florian\u00f3polis<\/h2>\t\t\t\t<\/div>\n\t\t\t\t<\/div>\n\t\t\t\t\t<\/div>\n\t\t<\/div>\n\t\t\t\t\t<\/div>\n\t\t<\/section>\n\t\t\t\t<section class=\"elementor-section elementor-top-section elementor-element elementor-element-036d697 elementor-section-boxed elementor-section-height-default elementor-section-height-default\" data-id=\"036d697\" data-element_type=\"section\">\n\t\t\t\t\t\t<div class=\"elementor-container elementor-column-gap-default\">\n\t\t\t\t\t<div class=\"elementor-column elementor-col-100 elementor-top-column elementor-element elementor-element-6e755d1\" data-id=\"6e755d1\" data-element_type=\"column\">\n\t\t\t<div class=\"elementor-widget-wrap elementor-element-populated\">\n\t\t\t\t\t\t<div class=\"elementor-element elementor-element-f58ebc9 elementor-widget elementor-widget-image\" data-id=\"f58ebc9\" data-element_type=\"widget\" data-widget_type=\"image.default\">\n\t\t\t\t<div class=\"elementor-widget-container\">\n\t\t\t\t\t\t\t\t\t\t\t\t\t\t\t<img fetchpriority=\"high\" decoding=\"async\" width=\"696\" height=\"583\" src=\"https:\/\/pc.sc.gov.br\/\/wp-content\/uploads\/2024\/05\/52798047036_d7bc95aaed_k-fotor-20231101135311-1.jpg\" class=\"attachment-large size-large wp-image-20333\" alt=\"\" srcset=\"https:\/\/pc.sc.gov.br\/\/wp-content\/uploads\/2024\/05\/52798047036_d7bc95aaed_k-fotor-20231101135311-1.jpg 961w, https:\/\/pc.sc.gov.br\/\/wp-content\/uploads\/2024\/05\/52798047036_d7bc95aaed_k-fotor-20231101135311-1-300x251.jpg 300w, https:\/\/pc.sc.gov.br\/\/wp-content\/uploads\/2024\/05\/52798047036_d7bc95aaed_k-fotor-20231101135311-1-768x643.jpg 768w\" sizes=\"(max-width: 696px) 100vw, 696px\" \/>\t\t\t\t\t\t\t\t\t\t\t\t\t\t\t<\/div>\n\t\t\t\t<\/div>\n\t\t\t\t\t<\/div>\n\t\t<\/div>\n\t\t\t\t\t<\/div>\n\t\t<\/section>\n\t\t\t\t<section class=\"elementor-section elementor-top-section elementor-element elementor-element-d091393 elementor-section-boxed elementor-section-height-default elementor-section-height-default\" data-id=\"d091393\" data-element_type=\"section\">\n\t\t\t\t\t\t<div class=\"elementor-container elementor-column-gap-default\">\n\t\t\t\t\t<div class=\"elementor-column elementor-col-100 elementor-top-column elementor-element elementor-element-ccbb9e0\" data-id=\"ccbb9e0\" data-element_type=\"column\">\n\t\t\t<div class=\"elementor-widget-wrap elementor-element-populated\">\n\t\t\t\t\t\t<div class=\"elementor-element elementor-element-f0d9dab elementor-widget elementor-widget-text-editor\" data-id=\"f0d9dab\" data-element_type=\"widget\" data-widget_type=\"text-editor.default\">\n\t\t\t\t<div class=\"elementor-widget-container\">\n\t\t\t\t\t\t\t\t\t<p>A Pol\u00edcia Civil de Santa Catarina, por meio da Delegacia de Prote\u00e7\u00e3o ao Turista (DPTUR), e a 3\u00aa DEATUR, da Pol\u00edcia Civil de S\u00e3o Paulo, procederam \u00e0 pris\u00e3o em flagrante e recupera\u00e7\u00e3o de um computador subtra\u00eddo no Aeroporto Internacional Herc\u00edlio Luz, na Capital. O fato ocorreu na noite de sexta-feira (17), na Capital.<\/p><p>A v\u00edtima buscou aux\u00edlio da Pol\u00edcia Civil logo ap\u00f3s ter notado a aus\u00eancia de seu computador, avaliado em cerca de R$ 13 mil. Prontamente, os policiais civis da DPTUR come\u00e7aram as dilig\u00eancias de investiga\u00e7\u00e3o, culminando na identifica\u00e7\u00e3o dos supostos autores. Contudo, ambos j\u00e1 haviam embarcado em voo com destino ao estado de S\u00e3o Paulo.<\/p><p>A DPTUR\/PCSC contatou imediatamente a Pol\u00edcia Civil de S\u00e3o Paulo, por meio da 3\u00aa DEATUR, localizada no Aeroporto Internacional de Guarulhos. Com a troca de informa\u00e7\u00f5es, os policiais civis do estado de S\u00e3o Paulo procederam ao acompanhamento do voo e \u00e0 identifica\u00e7\u00e3o pessoal dos passageiros suspeitos. Ap\u00f3s a confirma\u00e7\u00e3o de suas identidades, o objeto subtra\u00eddo foi localizado na posse de um deles, culminando na pris\u00e3o em flagrante de ambos por furto qualificado por concurso de pessoas.<\/p>\t\t\t\t\t\t\t\t<\/div>\n\t\t\t\t<\/div>\n\t\t\t\t\t<\/div>\n\t\t<\/div>\n\t\t\t\t\t<\/div>\n\t\t<\/section>\n\t\t\t\t<\/div>\n\t\t","protected":false},"excerpt":{"rendered":"<p>Opera\u00e7\u00e3o interestadual resulta na pris\u00e3o em flagrante e recupera\u00e7\u00e3o de objeto furtado no Aeroporto de Florian\u00f3polis A Pol\u00edcia Civil de Santa Catarina, por meio da Delegacia de Prote\u00e7\u00e3o ao Turista (DPTUR), e a 3\u00aa DEATUR, da Pol\u00edcia Civil de S\u00e3o Paulo, procederam \u00e0 pris\u00e3o em flagrante e recupera\u00e7\u00e3o de um computador subtra\u00eddo no Aeroporto Internacional [&hellip;]<\/p>\n","protected":false},"author":5,"featured_media":20337,"comment_status":"closed","ping_status":"open","sticky":false,"template":"","format":"standard","meta":{"_monsterinsights_skip_tracking":false,"_monsterinsights_sitenote_active":false,"_monsterinsights_sitenote_note":"","_monsterinsights_sitenote_category":0,"footnotes":""},"categories":[1],"tags":[],"class_list":["post-20331","post","type-post","status-publish","format-standard","has-post-thumbnail","hentry","category-sem-categoria"],"_links":{"self":[{"href":"https:\/\/pc.sc.gov.br\/index.php?rest_route=\/wp\/v2\/posts\/20331","targetHints":{"allow":["GET"]}}],"collection":[{"href":"https:\/\/pc.sc.gov.br\/index.php?rest_route=\/wp\/v2\/posts"}],"about":[{"href":"https:\/\/pc.sc.gov.br\/index.php?rest_route=\/wp\/v2\/types\/post"}],"author":[{"embeddable":true,"href":"https:\/\/pc.sc.gov.br\/index.php?rest_route=\/wp\/v2\/users\/5"}],"replies":[{"embeddable":true,"href":"https:\/\/pc.sc.gov.br\/index.php?rest_route=%2Fwp%2Fv2%2Fcomments&post=20331"}],"version-history":[{"count":3,"href":"https:\/\/pc.sc.gov.br\/index.php?rest_route=\/wp\/v2\/posts\/20331\/revisions"}],"predecessor-version":[{"id":20336,"href":"https:\/\/pc.sc.gov.br\/index.php?rest_route=\/wp\/v2\/posts\/20331\/revisions\/20336"}],"wp:featuredmedia":[{"embeddable":true,"href":"https:\/\/pc.sc.gov.br\/index.php?rest_route=\/wp\/v2\/media\/20337"}],"wp:attachment":[{"href":"https:\/\/pc.sc.gov.br\/index.php?rest_route=%2Fwp%2Fv2%2Fmedia&parent=20331"}],"wp:term":[{"taxonomy":"category","embeddable":true,"href":"https:\/\/pc.sc.gov.br\/index.php?rest_route=%2Fwp%2Fv2%2Fcategories&post=20331"},{"taxonomy":"post_tag","embeddable":true,"href":"https:\/\/pc.sc.gov.br\/index.php?rest_route=%2Fwp%2Fv2%2Ftags&post=20331"}],"curies":[{"name":"wp","href":"https:\/\/api.w.org\/{rel}","templated":true}]}}