{"id":20340,"date":"2024-05-21T14:05:38","date_gmt":"2024-05-21T17:05:38","guid":{"rendered":"https:\/\/pc.sc.gov.br\/?p=20340"},"modified":"2024-05-21T14:08:13","modified_gmt":"2024-05-21T17:08:13","slug":"pcsc-prende-tres-pessoas-apreende-armas-e-drogas-em-investigacao-contra-o-trafico-de-drogas-em-lages","status":"publish","type":"post","link":"https:\/\/pc.sc.gov.br\/?p=20340","title":{"rendered":"PCSC prende tr\u00eas pessoas, apreende armas e drogas em investiga\u00e7\u00e3o contra o tr\u00e1fico de drogas em Lages"},"content":{"rendered":"\t\t<div data-elementor-type=\"wp-post\" data-elementor-id=\"20340\" class=\"elementor elementor-20340\" data-elementor-post-type=\"post\">\n\t\t\t\t\t\t<section class=\"elementor-section elementor-top-section elementor-element elementor-element-aab1e7c elementor-section-boxed elementor-section-height-default elementor-section-height-default\" data-id=\"aab1e7c\" data-element_type=\"section\">\n\t\t\t\t\t\t<div class=\"elementor-container elementor-column-gap-default\">\n\t\t\t\t\t<div class=\"elementor-column elementor-col-100 elementor-top-column elementor-element elementor-element-8072a45\" data-id=\"8072a45\" data-element_type=\"column\">\n\t\t\t<div class=\"elementor-widget-wrap elementor-element-populated\">\n\t\t\t\t\t\t<div class=\"elementor-element elementor-element-6bee7cc elementor-widget elementor-widget-heading\" data-id=\"6bee7cc\" data-element_type=\"widget\" data-widget_type=\"heading.default\">\n\t\t\t\t<div class=\"elementor-widget-container\">\n\t\t\t\t\t<h2 class=\"elementor-heading-title elementor-size-default\">PCSC prende tr\u00eas pessoas, apreende armas e drogas em investiga\u00e7\u00e3o contra o tr\u00e1fico de drogas em Lages<\/h2>\t\t\t\t<\/div>\n\t\t\t\t<\/div>\n\t\t\t\t\t<\/div>\n\t\t<\/div>\n\t\t\t\t\t<\/div>\n\t\t<\/section>\n\t\t\t\t<section class=\"elementor-section elementor-top-section elementor-element elementor-element-1d26c5a elementor-section-boxed elementor-section-height-default elementor-section-height-default\" data-id=\"1d26c5a\" data-element_type=\"section\">\n\t\t\t\t\t\t<div class=\"elementor-container elementor-column-gap-default\">\n\t\t\t\t\t<div class=\"elementor-column elementor-col-100 elementor-top-column elementor-element elementor-element-fa88a48\" data-id=\"fa88a48\" data-element_type=\"column\">\n\t\t\t<div class=\"elementor-widget-wrap elementor-element-populated\">\n\t\t\t\t\t\t<div class=\"elementor-element elementor-element-c566763 elementor-widget elementor-widget-image\" data-id=\"c566763\" data-element_type=\"widget\" data-widget_type=\"image.default\">\n\t\t\t\t<div class=\"elementor-widget-container\">\n\t\t\t\t\t\t\t\t\t\t\t\t\t\t\t<img fetchpriority=\"high\" decoding=\"async\" width=\"696\" height=\"501\" src=\"https:\/\/pc.sc.gov.br\/\/wp-content\/uploads\/2024\/05\/DIC-DE-LAGES-CORTA-fotor-202401031851.png\" class=\"attachment-large size-large wp-image-20341\" alt=\"\" srcset=\"https:\/\/pc.sc.gov.br\/\/wp-content\/uploads\/2024\/05\/DIC-DE-LAGES-CORTA-fotor-202401031851.png 950w, https:\/\/pc.sc.gov.br\/\/wp-content\/uploads\/2024\/05\/DIC-DE-LAGES-CORTA-fotor-202401031851-300x216.png 300w, https:\/\/pc.sc.gov.br\/\/wp-content\/uploads\/2024\/05\/DIC-DE-LAGES-CORTA-fotor-202401031851-768x553.png 768w\" sizes=\"(max-width: 696px) 100vw, 696px\" \/>\t\t\t\t\t\t\t\t\t\t\t\t\t\t\t<\/div>\n\t\t\t\t<\/div>\n\t\t\t\t\t<\/div>\n\t\t<\/div>\n\t\t\t\t\t<\/div>\n\t\t<\/section>\n\t\t\t\t<section class=\"elementor-section elementor-top-section elementor-element elementor-element-8931e62 elementor-section-boxed elementor-section-height-default elementor-section-height-default\" data-id=\"8931e62\" data-element_type=\"section\">\n\t\t\t\t\t\t<div class=\"elementor-container elementor-column-gap-default\">\n\t\t\t\t\t<div class=\"elementor-column elementor-col-100 elementor-top-column elementor-element elementor-element-f2c23be\" data-id=\"f2c23be\" data-element_type=\"column\">\n\t\t\t<div class=\"elementor-widget-wrap elementor-element-populated\">\n\t\t\t\t\t\t<div class=\"elementor-element elementor-element-f33cedc elementor-widget elementor-widget-text-editor\" data-id=\"f33cedc\" data-element_type=\"widget\" data-widget_type=\"text-editor.default\">\n\t\t\t\t<div class=\"elementor-widget-container\">\n\t\t\t\t\t\t\t\t\t<p>A Pol\u00edcia Civil, por meio da Divis\u00e3o de Investiga\u00e7\u00e3o Criminal (DIC) de Lages, com apoio da DIC de S\u00e3o Jos\u00e9, NOC de Lages e demais delegacias da 8\u00aa DRP de Lages, deflagrou opera\u00e7\u00e3o policial na manh\u00e3 desta ter\u00e7a-feira (21), visando o cumprimento de seis mandados de buscas e apreens\u00f5es, culminando na pris\u00e3o, em flagrante, de tr\u00eas investigados pela pr\u00e1tica dos crimes de tr\u00e1fico de drogas e posse ilegal de muni\u00e7\u00f5es.&nbsp;<\/p>\n<p>A opera\u00e7\u00e3o policial foi iniciada na manh\u00e3 de segunda-feira, ocasi\u00e3o em que foi cumprido um mandado de busca em S\u00e3o Jos\u00e9 e lavrado um auto de pris\u00e3o em flagrante (APF) pela pr\u00e1tica do crime de posse ilegal de muni\u00e7\u00f5es.<\/p>\n<p>Dando continuidade a opera\u00e7\u00e3o policial, na manh\u00e3 desta ter\u00e7a-feira (21), foram cumpridos mais cinco mandados de buscas e realizada a pris\u00e3o de dois investigados pela pr\u00e1tica dos crimes de tr\u00e1fico de drogas. Nas resid\u00eancias dos investigados foram encontradas drogas, balan\u00e7a de precis\u00e3o, muni\u00e7\u00f5es e apetrechos utilizados no tr\u00e1fico de drogas.<\/p>\n<p>Ap\u00f3s a lavratura dos procedimentos, os conduzidos foram encaminhados para o Pres\u00eddio de Lages, local onde permanecer\u00e3o presos \u00e0 disposi\u00e7\u00e3o da justi\u00e7a.<\/p>\t\t\t\t\t\t\t\t<\/div>\n\t\t\t\t<\/div>\n\t\t\t\t\t<\/div>\n\t\t<\/div>\n\t\t\t\t\t<\/div>\n\t\t<\/section>\n\t\t\t\t<\/div>\n\t\t","protected":false},"excerpt":{"rendered":"<p>PCSC prende tr\u00eas pessoas, apreende armas e drogas em investiga\u00e7\u00e3o contra o tr\u00e1fico de drogas em Lages A Pol\u00edcia Civil, por meio da Divis\u00e3o de Investiga\u00e7\u00e3o Criminal (DIC) de Lages, com apoio da DIC de S\u00e3o Jos\u00e9, NOC de Lages e demais delegacias da 8\u00aa DRP de Lages, deflagrou opera\u00e7\u00e3o policial na manh\u00e3 desta ter\u00e7a-feira [&hellip;]<\/p>\n","protected":false},"author":5,"featured_media":20341,"comment_status":"closed","ping_status":"open","sticky":false,"template":"","format":"standard","meta":{"_monsterinsights_skip_tracking":false,"_monsterinsights_sitenote_active":false,"_monsterinsights_sitenote_note":"","_monsterinsights_sitenote_category":0,"footnotes":""},"categories":[1],"tags":[],"class_list":["post-20340","post","type-post","status-publish","format-standard","has-post-thumbnail","hentry","category-sem-categoria"],"_links":{"self":[{"href":"https:\/\/pc.sc.gov.br\/index.php?rest_route=\/wp\/v2\/posts\/20340","targetHints":{"allow":["GET"]}}],"collection":[{"href":"https:\/\/pc.sc.gov.br\/index.php?rest_route=\/wp\/v2\/posts"}],"about":[{"href":"https:\/\/pc.sc.gov.br\/index.php?rest_route=\/wp\/v2\/types\/post"}],"author":[{"embeddable":true,"href":"https:\/\/pc.sc.gov.br\/index.php?rest_route=\/wp\/v2\/users\/5"}],"replies":[{"embeddable":true,"href":"https:\/\/pc.sc.gov.br\/index.php?rest_route=%2Fwp%2Fv2%2Fcomments&post=20340"}],"version-history":[{"count":3,"href":"https:\/\/pc.sc.gov.br\/index.php?rest_route=\/wp\/v2\/posts\/20340\/revisions"}],"predecessor-version":[{"id":20344,"href":"https:\/\/pc.sc.gov.br\/index.php?rest_route=\/wp\/v2\/posts\/20340\/revisions\/20344"}],"wp:featuredmedia":[{"embeddable":true,"href":"https:\/\/pc.sc.gov.br\/index.php?rest_route=\/wp\/v2\/media\/20341"}],"wp:attachment":[{"href":"https:\/\/pc.sc.gov.br\/index.php?rest_route=%2Fwp%2Fv2%2Fmedia&parent=20340"}],"wp:term":[{"taxonomy":"category","embeddable":true,"href":"https:\/\/pc.sc.gov.br\/index.php?rest_route=%2Fwp%2Fv2%2Fcategories&post=20340"},{"taxonomy":"post_tag","embeddable":true,"href":"https:\/\/pc.sc.gov.br\/index.php?rest_route=%2Fwp%2Fv2%2Ftags&post=20340"}],"curies":[{"name":"wp","href":"https:\/\/api.w.org\/{rel}","templated":true}]}}