{"id":20346,"date":"2024-05-21T15:01:22","date_gmt":"2024-05-21T18:01:22","guid":{"rendered":"https:\/\/pc.sc.gov.br\/?p=20346"},"modified":"2024-05-21T15:16:01","modified_gmt":"2024-05-21T18:16:01","slug":"delegacia-de-homicidios-da-capital-cumpre-mandados-de-prisao-e-busca-e-apreensao","status":"publish","type":"post","link":"https:\/\/pc.sc.gov.br\/?p=20346","title":{"rendered":"Delegacia de Homic\u00eddios da Capital cumpre mandados de pris\u00e3o e busca e apreens\u00e3o"},"content":{"rendered":"\t\t<div data-elementor-type=\"wp-post\" data-elementor-id=\"20346\" class=\"elementor elementor-20346\" data-elementor-post-type=\"post\">\n\t\t\t\t\t\t<section class=\"elementor-section elementor-top-section elementor-element elementor-element-38f766b elementor-section-boxed elementor-section-height-default elementor-section-height-default\" data-id=\"38f766b\" data-element_type=\"section\">\n\t\t\t\t\t\t<div class=\"elementor-container elementor-column-gap-default\">\n\t\t\t\t\t<div class=\"elementor-column elementor-col-100 elementor-top-column elementor-element elementor-element-c2cd6c1\" data-id=\"c2cd6c1\" data-element_type=\"column\">\n\t\t\t<div class=\"elementor-widget-wrap elementor-element-populated\">\n\t\t\t\t\t\t<div class=\"elementor-element elementor-element-1ac293c elementor-widget elementor-widget-heading\" data-id=\"1ac293c\" data-element_type=\"widget\" data-widget_type=\"heading.default\">\n\t\t\t\t<div class=\"elementor-widget-container\">\n\t\t\t\t\t<h2 class=\"elementor-heading-title elementor-size-default\">Delegacia de Homic\u00eddios da Capital cumpre mandados de pris\u00e3o e busca e apreens\u00e3o <\/h2>\t\t\t\t<\/div>\n\t\t\t\t<\/div>\n\t\t\t\t\t<\/div>\n\t\t<\/div>\n\t\t\t\t\t<\/div>\n\t\t<\/section>\n\t\t\t\t<section class=\"elementor-section elementor-top-section elementor-element elementor-element-896128e elementor-section-boxed elementor-section-height-default elementor-section-height-default\" data-id=\"896128e\" data-element_type=\"section\">\n\t\t\t\t\t\t<div class=\"elementor-container elementor-column-gap-default\">\n\t\t\t\t\t<div class=\"elementor-column elementor-col-100 elementor-top-column elementor-element elementor-element-4c0d7e4\" data-id=\"4c0d7e4\" data-element_type=\"column\">\n\t\t\t<div class=\"elementor-widget-wrap elementor-element-populated\">\n\t\t\t\t\t\t<div class=\"elementor-element elementor-element-42722a3 elementor-widget elementor-widget-image\" data-id=\"42722a3\" data-element_type=\"widget\" data-widget_type=\"image.default\">\n\t\t\t\t<div class=\"elementor-widget-container\">\n\t\t\t\t\t\t\t\t\t\t\t\t\t\t\t<img fetchpriority=\"high\" decoding=\"async\" width=\"696\" height=\"353\" src=\"https:\/\/pc.sc.gov.br\/\/wp-content\/uploads\/2023\/12\/VIATURA_HOMICIDIOS_CAPITAL.jpg\" class=\"attachment-large size-large wp-image-15721\" alt=\"\" srcset=\"https:\/\/pc.sc.gov.br\/\/wp-content\/uploads\/2023\/12\/VIATURA_HOMICIDIOS_CAPITAL.jpg 704w, https:\/\/pc.sc.gov.br\/\/wp-content\/uploads\/2023\/12\/VIATURA_HOMICIDIOS_CAPITAL-300x152.jpg 300w\" sizes=\"(max-width: 696px) 100vw, 696px\" \/>\t\t\t\t\t\t\t\t\t\t\t\t\t\t\t<\/div>\n\t\t\t\t<\/div>\n\t\t\t\t\t<\/div>\n\t\t<\/div>\n\t\t\t\t\t<\/div>\n\t\t<\/section>\n\t\t\t\t<section class=\"elementor-section elementor-top-section elementor-element elementor-element-548e61c elementor-section-boxed elementor-section-height-default elementor-section-height-default\" data-id=\"548e61c\" data-element_type=\"section\">\n\t\t\t\t\t\t<div class=\"elementor-container elementor-column-gap-default\">\n\t\t\t\t\t<div class=\"elementor-column elementor-col-100 elementor-top-column elementor-element elementor-element-031eb5b\" data-id=\"031eb5b\" data-element_type=\"column\">\n\t\t\t<div class=\"elementor-widget-wrap elementor-element-populated\">\n\t\t\t\t\t\t<div class=\"elementor-element elementor-element-6fd4544 elementor-widget elementor-widget-text-editor\" data-id=\"6fd4544\" data-element_type=\"widget\" data-widget_type=\"text-editor.default\">\n\t\t\t\t<div class=\"elementor-widget-container\">\n\t\t\t\t\t\t\t\t\t<p>Na segunda-feira (20), a Pol\u00edcia Civil de Santa Catarina, por meio da Delegacia de Homic\u00eddios da Capital, cumpriu tr\u00eas mandados de pris\u00e3o tempor\u00e1ria expedidos pela Vara do Tribunal do J\u00fari da Comarca da Capital. Dois homens e uma mulher foram presos, nos bairros Ingleses, Campeche e Santa M\u00f4nica, na Capital.<\/p>\n<p>Os presos s\u00e3o investigados atrav\u00e9s de inqu\u00e9rito policial, que apura os crimes de homic\u00eddio e oculta\u00e7\u00e3o de cad\u00e1ver, fato ocorrido na regi\u00e3o norte da Ilha. Segundo apurado, a motiva\u00e7\u00e3o do crime seria uma d\u00edvida relacionada ao tr\u00e1fico de drogas, existente entre um dos autores e a v\u00edtima, que foi morta no dia 24 de janeiro do corrente ano. O corpo foi encontrado no dia 6 de fevereiro, em uma \u00e1rea de mata no bairro Vargem Grande.<\/p>\n<p>Al\u00e9m das pris\u00f5es, foram cumpridos mandados de busca e apreens\u00f5es que resultaram na apreens\u00e3o de aparelhos celulares e um ve\u00edculo que foi utilizado no crime. Os presos foram encaminhados para a Central de Pol\u00edcia da Capital e o material apreendido encaminhado para per\u00edcia.<\/p>\t\t\t\t\t\t\t\t<\/div>\n\t\t\t\t<\/div>\n\t\t\t\t\t<\/div>\n\t\t<\/div>\n\t\t\t\t\t<\/div>\n\t\t<\/section>\n\t\t\t\t<\/div>\n\t\t","protected":false},"excerpt":{"rendered":"<p>Delegacia de Homic\u00eddios da Capital cumpre mandados de pris\u00e3o e busca e apreens\u00e3o Na segunda-feira (20), a Pol\u00edcia Civil de Santa Catarina, por meio da Delegacia de Homic\u00eddios da Capital, cumpriu tr\u00eas mandados de pris\u00e3o tempor\u00e1ria expedidos pela Vara do Tribunal do J\u00fari da Comarca da Capital. Dois homens e uma mulher foram presos, nos [&hellip;]<\/p>\n","protected":false},"author":5,"featured_media":15721,"comment_status":"closed","ping_status":"open","sticky":false,"template":"","format":"standard","meta":{"_monsterinsights_skip_tracking":false,"_monsterinsights_sitenote_active":false,"_monsterinsights_sitenote_note":"","_monsterinsights_sitenote_category":0,"footnotes":""},"categories":[1],"tags":[],"class_list":["post-20346","post","type-post","status-publish","format-standard","has-post-thumbnail","hentry","category-sem-categoria"],"_links":{"self":[{"href":"https:\/\/pc.sc.gov.br\/index.php?rest_route=\/wp\/v2\/posts\/20346","targetHints":{"allow":["GET"]}}],"collection":[{"href":"https:\/\/pc.sc.gov.br\/index.php?rest_route=\/wp\/v2\/posts"}],"about":[{"href":"https:\/\/pc.sc.gov.br\/index.php?rest_route=\/wp\/v2\/types\/post"}],"author":[{"embeddable":true,"href":"https:\/\/pc.sc.gov.br\/index.php?rest_route=\/wp\/v2\/users\/5"}],"replies":[{"embeddable":true,"href":"https:\/\/pc.sc.gov.br\/index.php?rest_route=%2Fwp%2Fv2%2Fcomments&post=20346"}],"version-history":[{"count":7,"href":"https:\/\/pc.sc.gov.br\/index.php?rest_route=\/wp\/v2\/posts\/20346\/revisions"}],"predecessor-version":[{"id":20353,"href":"https:\/\/pc.sc.gov.br\/index.php?rest_route=\/wp\/v2\/posts\/20346\/revisions\/20353"}],"wp:featuredmedia":[{"embeddable":true,"href":"https:\/\/pc.sc.gov.br\/index.php?rest_route=\/wp\/v2\/media\/15721"}],"wp:attachment":[{"href":"https:\/\/pc.sc.gov.br\/index.php?rest_route=%2Fwp%2Fv2%2Fmedia&parent=20346"}],"wp:term":[{"taxonomy":"category","embeddable":true,"href":"https:\/\/pc.sc.gov.br\/index.php?rest_route=%2Fwp%2Fv2%2Fcategories&post=20346"},{"taxonomy":"post_tag","embeddable":true,"href":"https:\/\/pc.sc.gov.br\/index.php?rest_route=%2Fwp%2Fv2%2Ftags&post=20346"}],"curies":[{"name":"wp","href":"https:\/\/api.w.org\/{rel}","templated":true}]}}