{"id":20354,"date":"2024-05-21T15:33:28","date_gmt":"2024-05-21T18:33:28","guid":{"rendered":"https:\/\/pc.sc.gov.br\/?p=20354"},"modified":"2024-05-21T15:34:14","modified_gmt":"2024-05-21T18:34:14","slug":"policia-civil-deflagra-operacao-bad-vibes-iii-contra-exploracao-sexual-de-criancas-e-adolescentes","status":"publish","type":"post","link":"https:\/\/pc.sc.gov.br\/?p=20354","title":{"rendered":"Pol\u00edcia Civil deflagra opera\u00e7\u00e3o \u201cBad Vibes III\u201d contra explora\u00e7\u00e3o sexual de crian\u00e7as e adolescentes"},"content":{"rendered":"\t\t<div data-elementor-type=\"wp-post\" data-elementor-id=\"20354\" class=\"elementor elementor-20354\" data-elementor-post-type=\"post\">\n\t\t\t\t\t\t<section class=\"elementor-section elementor-top-section elementor-element elementor-element-fecaab6 elementor-section-boxed elementor-section-height-default elementor-section-height-default\" data-id=\"fecaab6\" data-element_type=\"section\">\n\t\t\t\t\t\t<div class=\"elementor-container elementor-column-gap-default\">\n\t\t\t\t\t<div class=\"elementor-column elementor-col-100 elementor-top-column elementor-element elementor-element-c5a854f\" data-id=\"c5a854f\" data-element_type=\"column\">\n\t\t\t<div class=\"elementor-widget-wrap elementor-element-populated\">\n\t\t\t\t\t\t<div class=\"elementor-element elementor-element-3b2cf0b elementor-widget elementor-widget-heading\" data-id=\"3b2cf0b\" data-element_type=\"widget\" data-widget_type=\"heading.default\">\n\t\t\t\t<div class=\"elementor-widget-container\">\n\t\t\t\t\t<h2 class=\"elementor-heading-title elementor-size-default\">Pol\u00edcia Civil deflagra opera\u00e7\u00e3o \u201cBad Vibes III\u201d contra explora\u00e7\u00e3o sexual de crian\u00e7as e adolescentes<\/h2>\t\t\t\t<\/div>\n\t\t\t\t<\/div>\n\t\t\t\t\t<\/div>\n\t\t<\/div>\n\t\t\t\t\t<\/div>\n\t\t<\/section>\n\t\t\t\t<section class=\"elementor-section elementor-top-section elementor-element elementor-element-000ce71 elementor-section-boxed elementor-section-height-default elementor-section-height-default\" data-id=\"000ce71\" data-element_type=\"section\">\n\t\t\t\t\t\t<div class=\"elementor-container elementor-column-gap-default\">\n\t\t\t\t\t<div class=\"elementor-column elementor-col-100 elementor-top-column elementor-element elementor-element-9915365\" data-id=\"9915365\" data-element_type=\"column\">\n\t\t\t<div class=\"elementor-widget-wrap elementor-element-populated\">\n\t\t\t\t\t\t<div class=\"elementor-element elementor-element-61acd50 elementor-widget elementor-widget-image\" data-id=\"61acd50\" data-element_type=\"widget\" data-widget_type=\"image.default\">\n\t\t\t\t<div class=\"elementor-widget-container\">\n\t\t\t\t\t\t\t\t\t\t\t\t\t\t\t<img fetchpriority=\"high\" decoding=\"async\" width=\"696\" height=\"1001\" src=\"https:\/\/pc.sc.gov.br\/\/wp-content\/uploads\/2024\/05\/WhatsApp-Image-2024-05-21-at-10.41.38-712x1024.jpeg\" class=\"attachment-large size-large wp-image-20355\" alt=\"\" srcset=\"https:\/\/pc.sc.gov.br\/\/wp-content\/uploads\/2024\/05\/WhatsApp-Image-2024-05-21-at-10.41.38-712x1024.jpeg 712w, https:\/\/pc.sc.gov.br\/\/wp-content\/uploads\/2024\/05\/WhatsApp-Image-2024-05-21-at-10.41.38-209x300.jpeg 209w, https:\/\/pc.sc.gov.br\/\/wp-content\/uploads\/2024\/05\/WhatsApp-Image-2024-05-21-at-10.41.38-768x1104.jpeg 768w, https:\/\/pc.sc.gov.br\/\/wp-content\/uploads\/2024\/05\/WhatsApp-Image-2024-05-21-at-10.41.38.jpeg 934w\" sizes=\"(max-width: 696px) 100vw, 696px\" \/>\t\t\t\t\t\t\t\t\t\t\t\t\t\t\t<\/div>\n\t\t\t\t<\/div>\n\t\t\t\t\t<\/div>\n\t\t<\/div>\n\t\t\t\t\t<\/div>\n\t\t<\/section>\n\t\t\t\t<section class=\"elementor-section elementor-top-section elementor-element elementor-element-aea9f37 elementor-section-boxed elementor-section-height-default elementor-section-height-default\" data-id=\"aea9f37\" data-element_type=\"section\">\n\t\t\t\t\t\t<div class=\"elementor-container elementor-column-gap-default\">\n\t\t\t\t\t<div class=\"elementor-column elementor-col-100 elementor-top-column elementor-element elementor-element-d17ff4e\" data-id=\"d17ff4e\" data-element_type=\"column\">\n\t\t\t<div class=\"elementor-widget-wrap elementor-element-populated\">\n\t\t\t\t\t\t<div class=\"elementor-element elementor-element-0653f43 elementor-widget elementor-widget-text-editor\" data-id=\"0653f43\" data-element_type=\"widget\" data-widget_type=\"text-editor.default\">\n\t\t\t\t<div class=\"elementor-widget-container\">\n\t\t\t\t\t\t\t\t\t<p>Nesta ter\u00e7a-feira (21\/05), a Pol\u00edcia Civil de Santa Catarina, por meio da Delegacia de Repress\u00e3o aos Crimes de Inform\u00e1tica da Diretoria Estadual de Investiga\u00e7\u00f5es Criminais, deflagrou a opera\u00e7\u00e3o \u201cBad Vibes III\u201d, voltada ao cumprimento de mandados de busca e apreens\u00e3o, com o objetivo de repress\u00e3o \u00e0 explora\u00e7\u00e3o sexual de crian\u00e7as e adolescentes na internet.<\/p><p>A a\u00e7\u00e3o faz parte de mobiliza\u00e7\u00e3o nacional coordenada pelo Minist\u00e9rio da Justi\u00e7a e Seguran\u00e7a P\u00fablica (Secretaria Nacional de Seguran\u00e7a P\u00fablica), pol\u00edcias civis do Brasil e ag\u00eancia norteamericana da Homeland Security Investigations.<\/p><p>Foram cumpridos tr\u00eas mandados de busca e apreens\u00e3o nos munic\u00edpios de Mafra, Jaragu\u00e1 do Sul e Palho\u00e7a, sendo que nos dois primeiros os investigados foram autuados em flagrante delito pelo armazenamento do conte\u00fado il\u00edcito.<\/p><p>A opera\u00e7\u00e3o contou com o apoio das equipes da Pol\u00edcia Cient\u00edfica, que acompanharam o trabalho das buscas. Durante o cumprimento dos mandados, foram apreendidos equipamentos computacionais que ser\u00e3o encaminhados \u00e0 per\u00edcia para an\u00e1lise.<\/p><p>A iniciativa foi coordenada pelo Laborat\u00f3rio de Opera\u00e7\u00f5es Cibern\u00e9ticas da Diretoria de Opera\u00e7\u00f5es Integradas e de Intelig\u00eancia da Secretaria Nacional de Seguran\u00e7a P\u00fablica (SENASP), cujas investiga\u00e7\u00f5es foram conduzidas pelas pol\u00edcias judici\u00e1rias de 13 estados (Amazonas, Santa Catarina, Par\u00e1, Mato Grosso, Rio de Janeiro, Piau\u00ed, Esp\u00edrito Santo, Bahia, Paran\u00e1, Mato Grosso do Sul, Goi\u00e1s, S\u00e3o Paulo e Rio Grande do Sul), resultando na expedi\u00e7\u00e3o de 26 mandados de busca e apreens\u00e3o e 1 mandado de pris\u00e3o preventiva, com o escopo de apurar a pr\u00e1tica dos delitos em um grupo de mensageria, onde eram comercializados e consumidos v\u00eddeos e fotografias com conte\u00fado de abuso sexual infantojuvenil, bem como em outras plataformas e dispositivos inform\u00e1ticos porventura encontrados.<\/p><p>A a\u00e7\u00e3o ocorre como desdobramento do Dia Nacional de Combate ao Abuso e \u00e0 Explora\u00e7\u00e3o Sexual de Crian\u00e7as e Adolescentes (18\/05), visando dar maior visibilidade a essa luta e promover conscientiza\u00e7\u00e3o dos perigos a que esse grupo vulner\u00e1vel pode estar exposto.<\/p>\t\t\t\t\t\t\t\t<\/div>\n\t\t\t\t<\/div>\n\t\t\t\t\t<\/div>\n\t\t<\/div>\n\t\t\t\t\t<\/div>\n\t\t<\/section>\n\t\t\t\t<\/div>\n\t\t","protected":false},"excerpt":{"rendered":"<p>Pol\u00edcia Civil deflagra opera\u00e7\u00e3o \u201cBad Vibes III\u201d contra explora\u00e7\u00e3o sexual de crian\u00e7as e adolescentes Nesta ter\u00e7a-feira (21\/05), a Pol\u00edcia Civil de Santa Catarina, por meio da Delegacia de Repress\u00e3o aos Crimes de Inform\u00e1tica da Diretoria Estadual de Investiga\u00e7\u00f5es Criminais, deflagrou a opera\u00e7\u00e3o \u201cBad Vibes III\u201d, voltada ao cumprimento de mandados de busca e apreens\u00e3o, com [&hellip;]<\/p>\n","protected":false},"author":5,"featured_media":20355,"comment_status":"closed","ping_status":"open","sticky":false,"template":"","format":"standard","meta":{"_monsterinsights_skip_tracking":false,"_monsterinsights_sitenote_active":false,"_monsterinsights_sitenote_note":"","_monsterinsights_sitenote_category":0,"footnotes":""},"categories":[1],"tags":[],"class_list":["post-20354","post","type-post","status-publish","format-standard","has-post-thumbnail","hentry","category-sem-categoria"],"_links":{"self":[{"href":"https:\/\/pc.sc.gov.br\/index.php?rest_route=\/wp\/v2\/posts\/20354","targetHints":{"allow":["GET"]}}],"collection":[{"href":"https:\/\/pc.sc.gov.br\/index.php?rest_route=\/wp\/v2\/posts"}],"about":[{"href":"https:\/\/pc.sc.gov.br\/index.php?rest_route=\/wp\/v2\/types\/post"}],"author":[{"embeddable":true,"href":"https:\/\/pc.sc.gov.br\/index.php?rest_route=\/wp\/v2\/users\/5"}],"replies":[{"embeddable":true,"href":"https:\/\/pc.sc.gov.br\/index.php?rest_route=%2Fwp%2Fv2%2Fcomments&post=20354"}],"version-history":[{"count":4,"href":"https:\/\/pc.sc.gov.br\/index.php?rest_route=\/wp\/v2\/posts\/20354\/revisions"}],"predecessor-version":[{"id":20359,"href":"https:\/\/pc.sc.gov.br\/index.php?rest_route=\/wp\/v2\/posts\/20354\/revisions\/20359"}],"wp:featuredmedia":[{"embeddable":true,"href":"https:\/\/pc.sc.gov.br\/index.php?rest_route=\/wp\/v2\/media\/20355"}],"wp:attachment":[{"href":"https:\/\/pc.sc.gov.br\/index.php?rest_route=%2Fwp%2Fv2%2Fmedia&parent=20354"}],"wp:term":[{"taxonomy":"category","embeddable":true,"href":"https:\/\/pc.sc.gov.br\/index.php?rest_route=%2Fwp%2Fv2%2Fcategories&post=20354"},{"taxonomy":"post_tag","embeddable":true,"href":"https:\/\/pc.sc.gov.br\/index.php?rest_route=%2Fwp%2Fv2%2Ftags&post=20354"}],"curies":[{"name":"wp","href":"https:\/\/api.w.org\/{rel}","templated":true}]}}