{"id":20360,"date":"2024-05-21T16:02:17","date_gmt":"2024-05-21T19:02:17","guid":{"rendered":"https:\/\/pc.sc.gov.br\/?p=20360"},"modified":"2024-05-21T16:04:01","modified_gmt":"2024-05-21T19:04:01","slug":"na-capital-policia-civil-prende-homem-condenado-por-homicidio-que-estava-foragido-do-mato-grosso-do-sul","status":"publish","type":"post","link":"https:\/\/pc.sc.gov.br\/?p=20360","title":{"rendered":"Na Capital, Pol\u00edcia Civil prende homem condenado por homic\u00eddio que estava foragido do Mato Grosso do Sul"},"content":{"rendered":"\t\t<div data-elementor-type=\"wp-post\" data-elementor-id=\"20360\" class=\"elementor elementor-20360\" data-elementor-post-type=\"post\">\n\t\t\t\t\t\t<section class=\"elementor-section elementor-top-section elementor-element elementor-element-01a1cc4 elementor-section-boxed elementor-section-height-default elementor-section-height-default\" data-id=\"01a1cc4\" data-element_type=\"section\">\n\t\t\t\t\t\t<div class=\"elementor-container elementor-column-gap-default\">\n\t\t\t\t\t<div class=\"elementor-column elementor-col-100 elementor-top-column elementor-element elementor-element-df4a4c2\" data-id=\"df4a4c2\" data-element_type=\"column\">\n\t\t\t<div class=\"elementor-widget-wrap elementor-element-populated\">\n\t\t\t\t\t\t<div class=\"elementor-element elementor-element-33df91a elementor-widget elementor-widget-heading\" data-id=\"33df91a\" data-element_type=\"widget\" data-widget_type=\"heading.default\">\n\t\t\t\t<div class=\"elementor-widget-container\">\n\t\t\t\t\t<h2 class=\"elementor-heading-title elementor-size-default\">Na Capital, Pol\u00edcia Civil prende homem condenado por homic\u00eddio que estava foragido do Mato Grosso do Sul<\/h2>\t\t\t\t<\/div>\n\t\t\t\t<\/div>\n\t\t\t\t\t<\/div>\n\t\t<\/div>\n\t\t\t\t\t<\/div>\n\t\t<\/section>\n\t\t\t\t<section class=\"elementor-section elementor-top-section elementor-element elementor-element-1a52b16 elementor-section-boxed elementor-section-height-default elementor-section-height-default\" data-id=\"1a52b16\" data-element_type=\"section\">\n\t\t\t\t\t\t<div class=\"elementor-container elementor-column-gap-default\">\n\t\t\t\t\t<div class=\"elementor-column elementor-col-100 elementor-top-column elementor-element elementor-element-47c3310\" data-id=\"47c3310\" data-element_type=\"column\">\n\t\t\t<div class=\"elementor-widget-wrap elementor-element-populated\">\n\t\t\t\t\t\t<div class=\"elementor-element elementor-element-46a77c5 elementor-widget elementor-widget-image\" data-id=\"46a77c5\" data-element_type=\"widget\" data-widget_type=\"image.default\">\n\t\t\t\t<div class=\"elementor-widget-container\">\n\t\t\t\t\t\t\t\t\t\t\t\t\t\t\t<img fetchpriority=\"high\" decoding=\"async\" width=\"576\" height=\"1024\" src=\"https:\/\/pc.sc.gov.br\/\/wp-content\/uploads\/2023\/06\/VIATURA_000000000028-576x1024.jpg\" class=\"attachment-large size-large wp-image-10112\" alt=\"\" srcset=\"https:\/\/pc.sc.gov.br\/\/wp-content\/uploads\/2023\/06\/VIATURA_000000000028-576x1024.jpg 576w, https:\/\/pc.sc.gov.br\/\/wp-content\/uploads\/2023\/06\/VIATURA_000000000028-169x300.jpg 169w, https:\/\/pc.sc.gov.br\/\/wp-content\/uploads\/2023\/06\/VIATURA_000000000028.jpg 720w\" sizes=\"(max-width: 576px) 100vw, 576px\" \/>\t\t\t\t\t\t\t\t\t\t\t\t\t\t\t<\/div>\n\t\t\t\t<\/div>\n\t\t\t\t\t<\/div>\n\t\t<\/div>\n\t\t\t\t\t<\/div>\n\t\t<\/section>\n\t\t\t\t<section class=\"elementor-section elementor-top-section elementor-element elementor-element-da59e83 elementor-section-boxed elementor-section-height-default elementor-section-height-default\" data-id=\"da59e83\" data-element_type=\"section\">\n\t\t\t\t\t\t<div class=\"elementor-container elementor-column-gap-default\">\n\t\t\t\t\t<div class=\"elementor-column elementor-col-100 elementor-top-column elementor-element elementor-element-5e2c6eb\" data-id=\"5e2c6eb\" data-element_type=\"column\">\n\t\t\t<div class=\"elementor-widget-wrap elementor-element-populated\">\n\t\t\t\t\t\t<div class=\"elementor-element elementor-element-659e600 elementor-widget elementor-widget-text-editor\" data-id=\"659e600\" data-element_type=\"widget\" data-widget_type=\"text-editor.default\">\n\t\t\t\t<div class=\"elementor-widget-container\">\n\t\t\t\t\t\t\t\t\t<p>A Pol\u00edcia Civil de Santa Catarina, por meio da 2\u00aa Delegacia de Pol\u00edcia da Capital, cumpriu mandado de pris\u00e3o contra um homem que estava foragido do estado do Mato Grosso do Sul pela pr\u00e1tica de homic\u00eddio qualificado, por motivo torpe, ocorrido no ano de 2024, na cidade de Campo Grande (MS). Na ocasi\u00e3o, atrav\u00e9s de emboscada, o autor deferiu disparos de arma de fogo na face da v\u00edtima. O mandado foi expedido pela 1\u00aa Vara do Tribunal do J\u00fari. O foragido encontrava-se em uma resid\u00eancia, situada no bairro do Santinho, no norte da Ilha da Capital.<\/p>\t\t\t\t\t\t\t\t<\/div>\n\t\t\t\t<\/div>\n\t\t\t\t\t<\/div>\n\t\t<\/div>\n\t\t\t\t\t<\/div>\n\t\t<\/section>\n\t\t\t\t<\/div>\n\t\t","protected":false},"excerpt":{"rendered":"<p>Na Capital, Pol\u00edcia Civil prende homem condenado por homic\u00eddio que estava foragido do Mato Grosso do Sul A Pol\u00edcia Civil de Santa Catarina, por meio da 2\u00aa Delegacia de Pol\u00edcia da Capital, cumpriu mandado de pris\u00e3o contra um homem que estava foragido do estado do Mato Grosso do Sul pela pr\u00e1tica de homic\u00eddio qualificado, por [&hellip;]<\/p>\n","protected":false},"author":5,"featured_media":10112,"comment_status":"closed","ping_status":"open","sticky":false,"template":"","format":"standard","meta":{"_monsterinsights_skip_tracking":false,"_monsterinsights_sitenote_active":false,"_monsterinsights_sitenote_note":"","_monsterinsights_sitenote_category":0,"footnotes":""},"categories":[1],"tags":[],"class_list":["post-20360","post","type-post","status-publish","format-standard","has-post-thumbnail","hentry","category-sem-categoria"],"_links":{"self":[{"href":"https:\/\/pc.sc.gov.br\/index.php?rest_route=\/wp\/v2\/posts\/20360","targetHints":{"allow":["GET"]}}],"collection":[{"href":"https:\/\/pc.sc.gov.br\/index.php?rest_route=\/wp\/v2\/posts"}],"about":[{"href":"https:\/\/pc.sc.gov.br\/index.php?rest_route=\/wp\/v2\/types\/post"}],"author":[{"embeddable":true,"href":"https:\/\/pc.sc.gov.br\/index.php?rest_route=\/wp\/v2\/users\/5"}],"replies":[{"embeddable":true,"href":"https:\/\/pc.sc.gov.br\/index.php?rest_route=%2Fwp%2Fv2%2Fcomments&post=20360"}],"version-history":[{"count":4,"href":"https:\/\/pc.sc.gov.br\/index.php?rest_route=\/wp\/v2\/posts\/20360\/revisions"}],"predecessor-version":[{"id":20364,"href":"https:\/\/pc.sc.gov.br\/index.php?rest_route=\/wp\/v2\/posts\/20360\/revisions\/20364"}],"wp:featuredmedia":[{"embeddable":true,"href":"https:\/\/pc.sc.gov.br\/index.php?rest_route=\/wp\/v2\/media\/10112"}],"wp:attachment":[{"href":"https:\/\/pc.sc.gov.br\/index.php?rest_route=%2Fwp%2Fv2%2Fmedia&parent=20360"}],"wp:term":[{"taxonomy":"category","embeddable":true,"href":"https:\/\/pc.sc.gov.br\/index.php?rest_route=%2Fwp%2Fv2%2Fcategories&post=20360"},{"taxonomy":"post_tag","embeddable":true,"href":"https:\/\/pc.sc.gov.br\/index.php?rest_route=%2Fwp%2Fv2%2Ftags&post=20360"}],"curies":[{"name":"wp","href":"https:\/\/api.w.org\/{rel}","templated":true}]}}