{"id":20369,"date":"2024-05-21T16:16:02","date_gmt":"2024-05-21T19:16:02","guid":{"rendered":"https:\/\/pc.sc.gov.br\/?p=20369"},"modified":"2024-05-21T16:17:40","modified_gmt":"2024-05-21T19:17:40","slug":"pcsc-mobiliza-mais-42-policiais-civis-para-atuar-na-missao-humanitaria-no-rio-grande-do-sul","status":"publish","type":"post","link":"https:\/\/pc.sc.gov.br\/?p=20369","title":{"rendered":"PCSC mobiliza mais 42 policiais civis para atuar na miss\u00e3o humanit\u00e1ria no Rio Grande do Sul"},"content":{"rendered":"\t\t<div data-elementor-type=\"wp-post\" data-elementor-id=\"20369\" class=\"elementor elementor-20369\" data-elementor-post-type=\"post\">\n\t\t\t\t\t\t<section class=\"elementor-section elementor-top-section elementor-element elementor-element-70ec8b9 elementor-section-boxed elementor-section-height-default elementor-section-height-default\" data-id=\"70ec8b9\" data-element_type=\"section\">\n\t\t\t\t\t\t<div class=\"elementor-container elementor-column-gap-default\">\n\t\t\t\t\t<div class=\"elementor-column elementor-col-100 elementor-top-column elementor-element elementor-element-0546a45\" data-id=\"0546a45\" data-element_type=\"column\">\n\t\t\t<div class=\"elementor-widget-wrap elementor-element-populated\">\n\t\t\t\t\t\t<div class=\"elementor-element elementor-element-55b541f elementor-widget elementor-widget-heading\" data-id=\"55b541f\" data-element_type=\"widget\" data-widget_type=\"heading.default\">\n\t\t\t\t<div class=\"elementor-widget-container\">\n\t\t\t\t\t<h2 class=\"elementor-heading-title elementor-size-default\">PCSC mobiliza mais 42 policiais civis para atuar na miss\u00e3o humanit\u00e1ria no Rio Grande do Sul<\/h2>\t\t\t\t<\/div>\n\t\t\t\t<\/div>\n\t\t\t\t\t<\/div>\n\t\t<\/div>\n\t\t\t\t\t<\/div>\n\t\t<\/section>\n\t\t\t\t<section class=\"elementor-section elementor-top-section elementor-element elementor-element-c4d639a elementor-section-boxed elementor-section-height-default elementor-section-height-default\" data-id=\"c4d639a\" data-element_type=\"section\">\n\t\t\t\t\t\t<div class=\"elementor-container elementor-column-gap-default\">\n\t\t\t\t\t<div class=\"elementor-column elementor-col-100 elementor-top-column elementor-element elementor-element-b101006\" data-id=\"b101006\" data-element_type=\"column\">\n\t\t\t<div class=\"elementor-widget-wrap elementor-element-populated\">\n\t\t\t\t\t\t<div class=\"elementor-element elementor-element-c0c11fa elementor-widget elementor-widget-image\" data-id=\"c0c11fa\" data-element_type=\"widget\" data-widget_type=\"image.default\">\n\t\t\t\t<div class=\"elementor-widget-container\">\n\t\t\t\t\t\t\t\t\t\t\t\t\t\t\t<img fetchpriority=\"high\" decoding=\"async\" width=\"696\" height=\"266\" src=\"https:\/\/pc.sc.gov.br\/\/wp-content\/uploads\/2024\/05\/e05c4eb8-579a-46db-a951-3bd462bce6c6-fotor-20240521161242-1024x391.jpg\" class=\"attachment-large size-large wp-image-20367\" alt=\"\" srcset=\"https:\/\/pc.sc.gov.br\/\/wp-content\/uploads\/2024\/05\/e05c4eb8-579a-46db-a951-3bd462bce6c6-fotor-20240521161242-1024x391.jpg 1024w, https:\/\/pc.sc.gov.br\/\/wp-content\/uploads\/2024\/05\/e05c4eb8-579a-46db-a951-3bd462bce6c6-fotor-20240521161242-300x115.jpg 300w, https:\/\/pc.sc.gov.br\/\/wp-content\/uploads\/2024\/05\/e05c4eb8-579a-46db-a951-3bd462bce6c6-fotor-20240521161242-768x293.jpg 768w, https:\/\/pc.sc.gov.br\/\/wp-content\/uploads\/2024\/05\/e05c4eb8-579a-46db-a951-3bd462bce6c6-fotor-20240521161242.jpg 1315w\" sizes=\"(max-width: 696px) 100vw, 696px\" \/>\t\t\t\t\t\t\t\t\t\t\t\t\t\t\t<\/div>\n\t\t\t\t<\/div>\n\t\t\t\t\t<\/div>\n\t\t<\/div>\n\t\t\t\t\t<\/div>\n\t\t<\/section>\n\t\t\t\t<section class=\"elementor-section elementor-top-section elementor-element elementor-element-52347f8 elementor-section-boxed elementor-section-height-default elementor-section-height-default\" data-id=\"52347f8\" data-element_type=\"section\">\n\t\t\t\t\t\t<div class=\"elementor-container elementor-column-gap-default\">\n\t\t\t\t\t<div class=\"elementor-column elementor-col-100 elementor-top-column elementor-element elementor-element-d196d66\" data-id=\"d196d66\" data-element_type=\"column\">\n\t\t\t<div class=\"elementor-widget-wrap elementor-element-populated\">\n\t\t\t\t\t\t<div class=\"elementor-element elementor-element-42918a5 elementor-widget elementor-widget-text-editor\" data-id=\"42918a5\" data-element_type=\"widget\" data-widget_type=\"text-editor.default\">\n\t\t\t\t<div class=\"elementor-widget-container\">\n\t\t\t\t\t\t\t\t\t<p>Mais 36 policiais civis da PCSC partiram na manh\u00e3 desta ter\u00e7a-feira (21) em miss\u00e3o humanit\u00e1ria para o Rio Grande do Sul. Eles ficar\u00e3o atuando na regi\u00e3o da Grande Porto Alegre nos pr\u00f3ximos seis dias, refor\u00e7ando a seguran\u00e7a tanto nas \u00e1reas alagadas, quanto nos locais onde a \u00e1gua come\u00e7ou a baixar e a popula\u00e7\u00e3o come\u00e7a os trabalhos de limpeza. Integrada com as demais for\u00e7as de seguran\u00e7a que atuam em diversas cidades do RS, a PCSC n\u00e3o medir\u00e1 esfor\u00e7os para garantir a maior tranquilidade poss\u00edvel aos ga\u00fachos. O SAER, que est\u00e1 desde o primeiro dia do desastre clim\u00e1tico, permanece atuando com equipe de seis policiais civis, nas \u00e1reas de maior impacto.<\/p>\n<p>O comboio \u00e9 formado por policiais civis que atuam nas delegacias de Balne\u00e1rio Cambori\u00fa, Navegantes, Penha, Florian\u00f3polis, S\u00e3o Louren\u00e7o do oeste, Chapec\u00f3, Itai\u00f3polis, Canoinhas, Joinville, Imbituba, Crici\u00fama, Armaz\u00e9m, Santa Rosa do Sul, Passo de Torres e Praia Grande. O delegado Daniel Dias, coordenador da CORE (Coordenadoria de Opera\u00e7\u00f5es e Recursos Especiais) est\u00e1 no comando das oito equipes.<\/p>\t\t\t\t\t\t\t\t<\/div>\n\t\t\t\t<\/div>\n\t\t\t\t\t<\/div>\n\t\t<\/div>\n\t\t\t\t\t<\/div>\n\t\t<\/section>\n\t\t\t\t<\/div>\n\t\t","protected":false},"excerpt":{"rendered":"<p>PCSC mobiliza mais 42 policiais civis para atuar na miss\u00e3o humanit\u00e1ria no Rio Grande do Sul Mais 36 policiais civis da PCSC partiram na manh\u00e3 desta ter\u00e7a-feira (21) em miss\u00e3o humanit\u00e1ria para o Rio Grande do Sul. Eles ficar\u00e3o atuando na regi\u00e3o da Grande Porto Alegre nos pr\u00f3ximos seis dias, refor\u00e7ando a seguran\u00e7a tanto nas [&hellip;]<\/p>\n","protected":false},"author":5,"featured_media":20367,"comment_status":"closed","ping_status":"open","sticky":false,"template":"","format":"standard","meta":{"_monsterinsights_skip_tracking":false,"_monsterinsights_sitenote_active":false,"_monsterinsights_sitenote_note":"","_monsterinsights_sitenote_category":0,"footnotes":""},"categories":[1],"tags":[],"class_list":["post-20369","post","type-post","status-publish","format-standard","has-post-thumbnail","hentry","category-sem-categoria"],"_links":{"self":[{"href":"https:\/\/pc.sc.gov.br\/index.php?rest_route=\/wp\/v2\/posts\/20369","targetHints":{"allow":["GET"]}}],"collection":[{"href":"https:\/\/pc.sc.gov.br\/index.php?rest_route=\/wp\/v2\/posts"}],"about":[{"href":"https:\/\/pc.sc.gov.br\/index.php?rest_route=\/wp\/v2\/types\/post"}],"author":[{"embeddable":true,"href":"https:\/\/pc.sc.gov.br\/index.php?rest_route=\/wp\/v2\/users\/5"}],"replies":[{"embeddable":true,"href":"https:\/\/pc.sc.gov.br\/index.php?rest_route=%2Fwp%2Fv2%2Fcomments&post=20369"}],"version-history":[{"count":4,"href":"https:\/\/pc.sc.gov.br\/index.php?rest_route=\/wp\/v2\/posts\/20369\/revisions"}],"predecessor-version":[{"id":20373,"href":"https:\/\/pc.sc.gov.br\/index.php?rest_route=\/wp\/v2\/posts\/20369\/revisions\/20373"}],"wp:featuredmedia":[{"embeddable":true,"href":"https:\/\/pc.sc.gov.br\/index.php?rest_route=\/wp\/v2\/media\/20367"}],"wp:attachment":[{"href":"https:\/\/pc.sc.gov.br\/index.php?rest_route=%2Fwp%2Fv2%2Fmedia&parent=20369"}],"wp:term":[{"taxonomy":"category","embeddable":true,"href":"https:\/\/pc.sc.gov.br\/index.php?rest_route=%2Fwp%2Fv2%2Fcategories&post=20369"},{"taxonomy":"post_tag","embeddable":true,"href":"https:\/\/pc.sc.gov.br\/index.php?rest_route=%2Fwp%2Fv2%2Ftags&post=20369"}],"curies":[{"name":"wp","href":"https:\/\/api.w.org\/{rel}","templated":true}]}}