{"id":20380,"date":"2024-05-22T16:51:29","date_gmt":"2024-05-22T19:51:29","guid":{"rendered":"https:\/\/pc.sc.gov.br\/?p=20380"},"modified":"2024-05-22T16:52:31","modified_gmt":"2024-05-22T19:52:31","slug":"policia-civil-prende-homem-em-flagrante-por-armazenar-conteudo-de-pornografia-infantojuvenil-em-joinville","status":"publish","type":"post","link":"https:\/\/pc.sc.gov.br\/?p=20380","title":{"rendered":"Pol\u00edcia Civil prende homem em flagrante por armazenar conte\u00fado de pornografia infantojuvenil em Joinville"},"content":{"rendered":"\t\t<div data-elementor-type=\"wp-post\" data-elementor-id=\"20380\" class=\"elementor elementor-20380\" data-elementor-post-type=\"post\">\n\t\t\t\t\t\t<section class=\"elementor-section elementor-top-section elementor-element elementor-element-b571c23 elementor-section-boxed elementor-section-height-default elementor-section-height-default\" data-id=\"b571c23\" data-element_type=\"section\">\n\t\t\t\t\t\t<div class=\"elementor-container elementor-column-gap-default\">\n\t\t\t\t\t<div class=\"elementor-column elementor-col-100 elementor-top-column elementor-element elementor-element-eca08ad\" data-id=\"eca08ad\" data-element_type=\"column\">\n\t\t\t<div class=\"elementor-widget-wrap elementor-element-populated\">\n\t\t\t\t\t\t<div class=\"elementor-element elementor-element-5c95ea8 elementor-widget elementor-widget-heading\" data-id=\"5c95ea8\" data-element_type=\"widget\" data-widget_type=\"heading.default\">\n\t\t\t\t<div class=\"elementor-widget-container\">\n\t\t\t\t\t<h2 class=\"elementor-heading-title elementor-size-default\">Pol\u00edcia Civil prende homem em flagrante por armazenar conte\u00fado de pornografia infantojuvenil em Joinville <\/h2>\t\t\t\t<\/div>\n\t\t\t\t<\/div>\n\t\t\t\t\t<\/div>\n\t\t<\/div>\n\t\t\t\t\t<\/div>\n\t\t<\/section>\n\t\t\t\t<section class=\"elementor-section elementor-top-section elementor-element elementor-element-39b8e76 elementor-section-boxed elementor-section-height-default elementor-section-height-default\" data-id=\"39b8e76\" data-element_type=\"section\">\n\t\t\t\t\t\t<div class=\"elementor-container elementor-column-gap-default\">\n\t\t\t\t\t<div class=\"elementor-column elementor-col-100 elementor-top-column elementor-element elementor-element-470bc15\" data-id=\"470bc15\" data-element_type=\"column\">\n\t\t\t<div class=\"elementor-widget-wrap elementor-element-populated\">\n\t\t\t\t\t\t<div class=\"elementor-element elementor-element-8703608 elementor-widget elementor-widget-image\" data-id=\"8703608\" data-element_type=\"widget\" data-widget_type=\"image.default\">\n\t\t\t\t<div class=\"elementor-widget-container\">\n\t\t\t\t\t\t\t\t\t\t\t\t\t\t\t<img fetchpriority=\"high\" decoding=\"async\" width=\"696\" height=\"583\" src=\"https:\/\/pc.sc.gov.br\/\/wp-content\/uploads\/2024\/05\/52798047036_d7bc95aaed_k-fotor-20231101135311-1.jpg\" class=\"attachment-large size-large wp-image-20333\" alt=\"\" srcset=\"https:\/\/pc.sc.gov.br\/\/wp-content\/uploads\/2024\/05\/52798047036_d7bc95aaed_k-fotor-20231101135311-1.jpg 961w, https:\/\/pc.sc.gov.br\/\/wp-content\/uploads\/2024\/05\/52798047036_d7bc95aaed_k-fotor-20231101135311-1-300x251.jpg 300w, https:\/\/pc.sc.gov.br\/\/wp-content\/uploads\/2024\/05\/52798047036_d7bc95aaed_k-fotor-20231101135311-1-768x643.jpg 768w\" sizes=\"(max-width: 696px) 100vw, 696px\" \/>\t\t\t\t\t\t\t\t\t\t\t\t\t\t\t<\/div>\n\t\t\t\t<\/div>\n\t\t\t\t\t<\/div>\n\t\t<\/div>\n\t\t\t\t\t<\/div>\n\t\t<\/section>\n\t\t\t\t<section class=\"elementor-section elementor-top-section elementor-element elementor-element-f2f5fb1 elementor-section-boxed elementor-section-height-default elementor-section-height-default\" data-id=\"f2f5fb1\" data-element_type=\"section\">\n\t\t\t\t\t\t<div class=\"elementor-container elementor-column-gap-default\">\n\t\t\t\t\t<div class=\"elementor-column elementor-col-100 elementor-top-column elementor-element elementor-element-6f76612\" data-id=\"6f76612\" data-element_type=\"column\">\n\t\t\t<div class=\"elementor-widget-wrap elementor-element-populated\">\n\t\t\t\t\t\t<div class=\"elementor-element elementor-element-3185fb2 elementor-widget elementor-widget-text-editor\" data-id=\"3185fb2\" data-element_type=\"widget\" data-widget_type=\"text-editor.default\">\n\t\t\t\t<div class=\"elementor-widget-container\">\n\t\t\t\t\t\t\t\t\t<p>Na ter\u00e7a-feira (21\/05), a Pol\u00edcia Civil de Santa Catarina, por meio da Delegacia de Prote\u00e7\u00e3o \u00e0 Crian\u00e7a, ao Adolescente, \u00e0 Mulher e ao Idoso de Joinville, prendeu em flagrante um homem pelo crime de armazenamento de conte\u00fado de pornografia infantojuvenil.<\/p><p>O homem j\u00e1 vinha sendo investigado pela equipe policial h\u00e1 dois meses. Ontem (21\/05), foi cumprido mandado de busca e apreens\u00e3o e afastamento de sigilo de dados. Na ocasi\u00e3o, foi poss\u00edvel constatar que o homem armazenava em seu computador diversos conte\u00fados pornogr\u00e1ficos, cerca de 400 v\u00eddeos, envolvendo crian\u00e7as e, at\u00e9 mesmo, beb\u00eas.<\/p>\t\t\t\t\t\t\t\t<\/div>\n\t\t\t\t<\/div>\n\t\t\t\t\t<\/div>\n\t\t<\/div>\n\t\t\t\t\t<\/div>\n\t\t<\/section>\n\t\t\t\t<\/div>\n\t\t","protected":false},"excerpt":{"rendered":"<p>Pol\u00edcia Civil prende homem em flagrante por armazenar conte\u00fado de pornografia infantojuvenil em Joinville Na ter\u00e7a-feira (21\/05), a Pol\u00edcia Civil de Santa Catarina, por meio da Delegacia de Prote\u00e7\u00e3o \u00e0 Crian\u00e7a, ao Adolescente, \u00e0 Mulher e ao Idoso de Joinville, prendeu em flagrante um homem pelo crime de armazenamento de conte\u00fado de pornografia infantojuvenil. O [&hellip;]<\/p>\n","protected":false},"author":5,"featured_media":20333,"comment_status":"closed","ping_status":"open","sticky":false,"template":"","format":"standard","meta":{"_monsterinsights_skip_tracking":false,"_monsterinsights_sitenote_active":false,"_monsterinsights_sitenote_note":"","_monsterinsights_sitenote_category":0,"footnotes":""},"categories":[1],"tags":[],"class_list":["post-20380","post","type-post","status-publish","format-standard","has-post-thumbnail","hentry","category-sem-categoria"],"_links":{"self":[{"href":"https:\/\/pc.sc.gov.br\/index.php?rest_route=\/wp\/v2\/posts\/20380","targetHints":{"allow":["GET"]}}],"collection":[{"href":"https:\/\/pc.sc.gov.br\/index.php?rest_route=\/wp\/v2\/posts"}],"about":[{"href":"https:\/\/pc.sc.gov.br\/index.php?rest_route=\/wp\/v2\/types\/post"}],"author":[{"embeddable":true,"href":"https:\/\/pc.sc.gov.br\/index.php?rest_route=\/wp\/v2\/users\/5"}],"replies":[{"embeddable":true,"href":"https:\/\/pc.sc.gov.br\/index.php?rest_route=%2Fwp%2Fv2%2Fcomments&post=20380"}],"version-history":[{"count":4,"href":"https:\/\/pc.sc.gov.br\/index.php?rest_route=\/wp\/v2\/posts\/20380\/revisions"}],"predecessor-version":[{"id":20384,"href":"https:\/\/pc.sc.gov.br\/index.php?rest_route=\/wp\/v2\/posts\/20380\/revisions\/20384"}],"wp:featuredmedia":[{"embeddable":true,"href":"https:\/\/pc.sc.gov.br\/index.php?rest_route=\/wp\/v2\/media\/20333"}],"wp:attachment":[{"href":"https:\/\/pc.sc.gov.br\/index.php?rest_route=%2Fwp%2Fv2%2Fmedia&parent=20380"}],"wp:term":[{"taxonomy":"category","embeddable":true,"href":"https:\/\/pc.sc.gov.br\/index.php?rest_route=%2Fwp%2Fv2%2Fcategories&post=20380"},{"taxonomy":"post_tag","embeddable":true,"href":"https:\/\/pc.sc.gov.br\/index.php?rest_route=%2Fwp%2Fv2%2Ftags&post=20380"}],"curies":[{"name":"wp","href":"https:\/\/api.w.org\/{rel}","templated":true}]}}