{"id":20385,"date":"2024-05-22T18:20:02","date_gmt":"2024-05-22T21:20:02","guid":{"rendered":"https:\/\/pc.sc.gov.br\/?p=20385"},"modified":"2024-05-22T18:32:27","modified_gmt":"2024-05-22T21:32:27","slug":"focada-no-combate-a-exploracao-sexual-de-criancas-e-adolescentes-operacao-caminhos-seguros-resulta-em-51-prisoes-em-sc","status":"publish","type":"post","link":"https:\/\/pc.sc.gov.br\/?p=20385","title":{"rendered":"Focada no combate \u00e0 explora\u00e7\u00e3o sexual de crian\u00e7as e adolescentes, opera\u00e7\u00e3o \u201cCaminhos Seguros\u201d resulta em 51 pris\u00f5es em SC"},"content":{"rendered":"\t\t<div data-elementor-type=\"wp-post\" data-elementor-id=\"20385\" class=\"elementor elementor-20385\" data-elementor-post-type=\"post\">\n\t\t\t\t\t\t<section class=\"elementor-section elementor-top-section elementor-element elementor-element-298f912 elementor-section-boxed elementor-section-height-default elementor-section-height-default\" data-id=\"298f912\" data-element_type=\"section\">\n\t\t\t\t\t\t<div class=\"elementor-container elementor-column-gap-default\">\n\t\t\t\t\t<div class=\"elementor-column elementor-col-100 elementor-top-column elementor-element elementor-element-08b9c65\" data-id=\"08b9c65\" data-element_type=\"column\">\n\t\t\t<div class=\"elementor-widget-wrap elementor-element-populated\">\n\t\t\t\t\t\t<div class=\"elementor-element elementor-element-fefce3f elementor-widget elementor-widget-heading\" data-id=\"fefce3f\" data-element_type=\"widget\" data-widget_type=\"heading.default\">\n\t\t\t\t<div class=\"elementor-widget-container\">\n\t\t\t\t\t<h2 class=\"elementor-heading-title elementor-size-default\">Focada no combate \u00e0 explora\u00e7\u00e3o sexual de crian\u00e7as e adolescentes, opera\u00e7\u00e3o \u201cCaminhos Seguros\u201d resulta em 51 pris\u00f5es em SC<\/h2>\t\t\t\t<\/div>\n\t\t\t\t<\/div>\n\t\t\t\t\t<\/div>\n\t\t<\/div>\n\t\t\t\t\t<\/div>\n\t\t<\/section>\n\t\t\t\t<section class=\"elementor-section elementor-top-section elementor-element elementor-element-e47d31a elementor-section-boxed elementor-section-height-default elementor-section-height-default\" data-id=\"e47d31a\" data-element_type=\"section\">\n\t\t\t\t\t\t<div class=\"elementor-container elementor-column-gap-default\">\n\t\t\t\t\t<div class=\"elementor-column elementor-col-100 elementor-top-column elementor-element elementor-element-593e3ee\" data-id=\"593e3ee\" data-element_type=\"column\">\n\t\t\t<div class=\"elementor-widget-wrap elementor-element-populated\">\n\t\t\t\t\t\t<div class=\"elementor-element elementor-element-68c2977 elementor-widget elementor-widget-image\" data-id=\"68c2977\" data-element_type=\"widget\" data-widget_type=\"image.default\">\n\t\t\t\t<div class=\"elementor-widget-container\">\n\t\t\t\t\t\t\t\t\t\t\t\t\t\t\t<img fetchpriority=\"high\" decoding=\"async\" width=\"696\" height=\"522\" src=\"https:\/\/pc.sc.gov.br\/\/wp-content\/uploads\/2024\/05\/CAMINHOS-SEGUROS.jpeg\" class=\"attachment-large size-large wp-image-20386\" alt=\"\" srcset=\"https:\/\/pc.sc.gov.br\/\/wp-content\/uploads\/2024\/05\/CAMINHOS-SEGUROS.jpeg 1024w, https:\/\/pc.sc.gov.br\/\/wp-content\/uploads\/2024\/05\/CAMINHOS-SEGUROS-300x225.jpeg 300w, https:\/\/pc.sc.gov.br\/\/wp-content\/uploads\/2024\/05\/CAMINHOS-SEGUROS-768x576.jpeg 768w\" sizes=\"(max-width: 696px) 100vw, 696px\" \/>\t\t\t\t\t\t\t\t\t\t\t\t\t\t\t<\/div>\n\t\t\t\t<\/div>\n\t\t\t\t\t<\/div>\n\t\t<\/div>\n\t\t\t\t\t<\/div>\n\t\t<\/section>\n\t\t\t\t<section class=\"elementor-section elementor-top-section elementor-element elementor-element-ccce220 elementor-section-boxed elementor-section-height-default elementor-section-height-default\" data-id=\"ccce220\" data-element_type=\"section\">\n\t\t\t\t\t\t<div class=\"elementor-container elementor-column-gap-default\">\n\t\t\t\t\t<div class=\"elementor-column elementor-col-100 elementor-top-column elementor-element elementor-element-7a54336\" data-id=\"7a54336\" data-element_type=\"column\">\n\t\t\t<div class=\"elementor-widget-wrap elementor-element-populated\">\n\t\t\t\t\t\t<div class=\"elementor-element elementor-element-cfee080 elementor-widget elementor-widget-text-editor\" data-id=\"cfee080\" data-element_type=\"widget\" data-widget_type=\"text-editor.default\">\n\t\t\t\t<div class=\"elementor-widget-container\">\n\t\t\t\t\t\t\t\t\t<p>A Opera\u00e7\u00e3o \u201cCaminhos Seguros\u201d, focada no combate \u00e0 explora\u00e7\u00e3o sexual de crian\u00e7as e adolescentes, resultou em 51 pris\u00f5es em Santa Catarina entre os dias 02 a 20 de maio. Tamb\u00e9m foram realizados trabalhos preventivos, educativos e apreendidas drogas e armas.<\/p>\n<p>Os dados finais foram apresentados na tarde desta quarta-feira (22) em uma reuni\u00e3o de balan\u00e7o realizada pela Secretaria de Estado da Seguran\u00e7a P\u00fablica de SC (SSP) e as for\u00e7as de Seguran\u00e7a de SC que atuaram na a\u00e7\u00e3o: a Pol\u00edcia Militar, a Pol\u00edcia Civil, o Corpo de Bombeiros Militar e a Pol\u00edcia Cient\u00edfica.<\/p>\n<p>O levantamento final no Estado aponta que, das 51 pris\u00f5es, foram 23 presos em flagrante delito e 28 presos por mandados de pris\u00e3o. Ainda, o efetivo empregado foi de 1.916 policiais e de 574 viaturas. As equipes desenvolveram 75 a\u00e7\u00f5es de panfletagem e realizaram 49 palestras. Foram apreendidas duas pistolas, fiscalizados 853 locais e 4.272 ve\u00edculos. Tamb\u00e9m foram realizados 462 pontos de bloqueio (blitz).<\/p>\n<p>A opera\u00e7\u00e3o cumpriu no per\u00edodo 26 mandados de busca e apreens\u00e3o e atendeu 11 v\u00edtimas. Foram realizados ainda 131 exames periciais de viol\u00eancia sexual e 8 de les\u00e3o corporal. Entre os dados consta ainda que dois menores foram apreendidos em flagrante e quatro menores foram apreendidos por mandado.<\/p>\n<p>\u201cMais uma vez o governo de Santa Catarina, atrav\u00e9s de suas for\u00e7as que comp\u00f5em a Seguran\u00e7a P\u00fablica, desencadeou a opera\u00e7\u00e3o Caminhos Seguros e os resultados s\u00e3o positivos. Foram cerca de dois mil integrantes para combater essa barb\u00e1rie que \u00e9 a explora\u00e7\u00e3o sexual de crian\u00e7as e adolescentes\u201d, ressaltou o secret\u00e1rio-adjunto que responde pela Secretaria de Estado da Seguran\u00e7a P\u00fablica (SSP-SC), coronel Fl\u00e1vio Graff, ao parabenizar as for\u00e7as de Seguran\u00e7a.<\/p>\n<p>Para a Coordenadora das Delegacias de Prote\u00e7\u00e3o \u00e0 Crian\u00e7a, Adolescente, Mulher e Idoso, (CDPCAMI) delegada Patr\u00edcia Zimmermann, a Pol\u00edcia Civil atua fortemente na repress\u00e3o a crimes sexuais, mas investe na preven\u00e7\u00e3o a este de crime. \u201cEstamos cada vez mais atuando dentro das escolas, levando informa\u00e7\u00f5es com atividades l\u00fadicas, com linguagem adequada \u00e0s faixas et\u00e1rias\u201d, observou a delegada Patr\u00edcia Zimmermann.&nbsp;&nbsp;<\/p>\n<p><span style=\"font-family: var( --e-global-typography-text-font-family ), Sans-serif; font-size: var( --e-global-typography-text-font-size );\">No balan\u00e7o, tamb\u00e9m foram destacadas a integra\u00e7\u00e3o e a troca de informa\u00e7\u00f5es entre as for\u00e7as de Seguran\u00e7a e a import\u00e2ncia dos trabalhos<\/span><span style=\"font-family: var( --e-global-typography-text-font-family ), Sans-serif; font-size: var( --e-global-typography-text-font-size ); font-weight: var( --e-global-typography-text-font-weight );\"> <\/span><span style=\"font-family: var( --e-global-typography-text-font-family ), Sans-serif; font-size: var( --e-global-typography-text-font-size );\">preventivos e educativos.&nbsp;<\/span><span style=\"font-family: var( --e-global-typography-text-font-family ), Sans-serif; font-size: var( --e-global-typography-text-font-size );\">Participaram da reuni\u00e3o de avalia\u00e7\u00e3o, al\u00e9m do secret\u00e1rio, a delegada da Pol\u00edcia Civil, Patr\u00edcia Zimmermann D\u2019\u00c1vila, coordenadora das Delegacias de Prote\u00e7\u00e3o \u00e0 Crian\u00e7a, ao Adolescente, \u00e0 Mulher e ao Idoso (DPCAMI) em SC; o chefe da Secretaria de Coordena\u00e7\u00e3o Operacional da Pol\u00edcia Militar de Santa Catarina, tenente-coronel Fernando Vanderlino Vidal; o perito da Pol\u00edcia Cient\u00edfica de SC, Luciano Henrique Barca de Oliveira e integrantes das \u00e1reas de intelig\u00eancia e opera\u00e7\u00f5es integradas da SSP.<\/span><\/p>\t\t\t\t\t\t\t\t<\/div>\n\t\t\t\t<\/div>\n\t\t\t\t\t<\/div>\n\t\t<\/div>\n\t\t\t\t\t<\/div>\n\t\t<\/section>\n\t\t\t\t<\/div>\n\t\t","protected":false},"excerpt":{"rendered":"<p>Focada no combate \u00e0 explora\u00e7\u00e3o sexual de crian\u00e7as e adolescentes, opera\u00e7\u00e3o \u201cCaminhos Seguros\u201d resulta em 51 pris\u00f5es em SC A Opera\u00e7\u00e3o \u201cCaminhos Seguros\u201d, focada no combate \u00e0 explora\u00e7\u00e3o sexual de crian\u00e7as e adolescentes, resultou em 51 pris\u00f5es em Santa Catarina entre os dias 02 a 20 de maio. Tamb\u00e9m foram realizados trabalhos preventivos, educativos e [&hellip;]<\/p>\n","protected":false},"author":5,"featured_media":20386,"comment_status":"closed","ping_status":"open","sticky":false,"template":"","format":"standard","meta":{"_monsterinsights_skip_tracking":false,"_monsterinsights_sitenote_active":false,"_monsterinsights_sitenote_note":"","_monsterinsights_sitenote_category":0,"footnotes":""},"categories":[1],"tags":[],"class_list":["post-20385","post","type-post","status-publish","format-standard","has-post-thumbnail","hentry","category-sem-categoria"],"_links":{"self":[{"href":"https:\/\/pc.sc.gov.br\/index.php?rest_route=\/wp\/v2\/posts\/20385","targetHints":{"allow":["GET"]}}],"collection":[{"href":"https:\/\/pc.sc.gov.br\/index.php?rest_route=\/wp\/v2\/posts"}],"about":[{"href":"https:\/\/pc.sc.gov.br\/index.php?rest_route=\/wp\/v2\/types\/post"}],"author":[{"embeddable":true,"href":"https:\/\/pc.sc.gov.br\/index.php?rest_route=\/wp\/v2\/users\/5"}],"replies":[{"embeddable":true,"href":"https:\/\/pc.sc.gov.br\/index.php?rest_route=%2Fwp%2Fv2%2Fcomments&post=20385"}],"version-history":[{"count":3,"href":"https:\/\/pc.sc.gov.br\/index.php?rest_route=\/wp\/v2\/posts\/20385\/revisions"}],"predecessor-version":[{"id":20389,"href":"https:\/\/pc.sc.gov.br\/index.php?rest_route=\/wp\/v2\/posts\/20385\/revisions\/20389"}],"wp:featuredmedia":[{"embeddable":true,"href":"https:\/\/pc.sc.gov.br\/index.php?rest_route=\/wp\/v2\/media\/20386"}],"wp:attachment":[{"href":"https:\/\/pc.sc.gov.br\/index.php?rest_route=%2Fwp%2Fv2%2Fmedia&parent=20385"}],"wp:term":[{"taxonomy":"category","embeddable":true,"href":"https:\/\/pc.sc.gov.br\/index.php?rest_route=%2Fwp%2Fv2%2Fcategories&post=20385"},{"taxonomy":"post_tag","embeddable":true,"href":"https:\/\/pc.sc.gov.br\/index.php?rest_route=%2Fwp%2Fv2%2Ftags&post=20385"}],"curies":[{"name":"wp","href":"https:\/\/api.w.org\/{rel}","templated":true}]}}