{"id":20412,"date":"2024-05-23T14:46:58","date_gmt":"2024-05-23T17:46:58","guid":{"rendered":"https:\/\/pc.sc.gov.br\/?p=20412"},"modified":"2024-05-23T14:47:44","modified_gmt":"2024-05-23T17:47:44","slug":"policia-civil-recupera-veiculo-roubado-de-advogado-em-lages","status":"publish","type":"post","link":"https:\/\/pc.sc.gov.br\/?p=20412","title":{"rendered":"Pol\u00edcia Civil recupera ve\u00edculo roubado de advogado em Lages"},"content":{"rendered":"\t\t<div data-elementor-type=\"wp-post\" data-elementor-id=\"20412\" class=\"elementor elementor-20412\" data-elementor-post-type=\"post\">\n\t\t\t\t\t\t<section class=\"elementor-section elementor-top-section elementor-element elementor-element-da648ec elementor-section-boxed elementor-section-height-default elementor-section-height-default\" data-id=\"da648ec\" data-element_type=\"section\">\n\t\t\t\t\t\t<div class=\"elementor-container elementor-column-gap-default\">\n\t\t\t\t\t<div class=\"elementor-column elementor-col-100 elementor-top-column elementor-element elementor-element-0e3e2ce\" data-id=\"0e3e2ce\" data-element_type=\"column\">\n\t\t\t<div class=\"elementor-widget-wrap elementor-element-populated\">\n\t\t\t\t\t\t<div class=\"elementor-element elementor-element-42400f7 elementor-widget elementor-widget-heading\" data-id=\"42400f7\" data-element_type=\"widget\" data-widget_type=\"heading.default\">\n\t\t\t\t<div class=\"elementor-widget-container\">\n\t\t\t\t\t<h2 class=\"elementor-heading-title elementor-size-default\">Pol\u00edcia Civil recupera ve\u00edculo roubado de advogado em Lages<\/h2>\t\t\t\t<\/div>\n\t\t\t\t<\/div>\n\t\t\t\t\t<\/div>\n\t\t<\/div>\n\t\t\t\t\t<\/div>\n\t\t<\/section>\n\t\t\t\t<section class=\"elementor-section elementor-top-section elementor-element elementor-element-5b96c97 elementor-section-boxed elementor-section-height-default elementor-section-height-default\" data-id=\"5b96c97\" data-element_type=\"section\">\n\t\t\t\t\t\t<div class=\"elementor-container elementor-column-gap-default\">\n\t\t\t\t\t<div class=\"elementor-column elementor-col-100 elementor-top-column elementor-element elementor-element-10f209d\" data-id=\"10f209d\" data-element_type=\"column\">\n\t\t\t<div class=\"elementor-widget-wrap elementor-element-populated\">\n\t\t\t\t\t\t<div class=\"elementor-element elementor-element-668b64e elementor-widget elementor-widget-image\" data-id=\"668b64e\" data-element_type=\"widget\" data-widget_type=\"image.default\">\n\t\t\t\t<div class=\"elementor-widget-container\">\n\t\t\t\t\t\t\t\t\t\t\t\t\t\t\t<img fetchpriority=\"high\" decoding=\"async\" width=\"696\" height=\"523\" src=\"https:\/\/pc.sc.gov.br\/\/wp-content\/uploads\/2024\/05\/WhatsApp-Image-2024-05-22-at-21.55.27-1024x770.jpeg\" class=\"attachment-large size-large wp-image-20413\" alt=\"\" srcset=\"https:\/\/pc.sc.gov.br\/\/wp-content\/uploads\/2024\/05\/WhatsApp-Image-2024-05-22-at-21.55.27-1024x770.jpeg 1024w, https:\/\/pc.sc.gov.br\/\/wp-content\/uploads\/2024\/05\/WhatsApp-Image-2024-05-22-at-21.55.27-300x226.jpeg 300w, https:\/\/pc.sc.gov.br\/\/wp-content\/uploads\/2024\/05\/WhatsApp-Image-2024-05-22-at-21.55.27-768x577.jpeg 768w, https:\/\/pc.sc.gov.br\/\/wp-content\/uploads\/2024\/05\/WhatsApp-Image-2024-05-22-at-21.55.27.jpeg 1080w\" sizes=\"(max-width: 696px) 100vw, 696px\" \/>\t\t\t\t\t\t\t\t\t\t\t\t\t\t\t<\/div>\n\t\t\t\t<\/div>\n\t\t\t\t\t<\/div>\n\t\t<\/div>\n\t\t\t\t\t<\/div>\n\t\t<\/section>\n\t\t\t\t<section class=\"elementor-section elementor-top-section elementor-element elementor-element-0aa64ec elementor-section-boxed elementor-section-height-default elementor-section-height-default\" data-id=\"0aa64ec\" data-element_type=\"section\">\n\t\t\t\t\t\t<div class=\"elementor-container elementor-column-gap-default\">\n\t\t\t\t\t<div class=\"elementor-column elementor-col-100 elementor-top-column elementor-element elementor-element-b0e00dd\" data-id=\"b0e00dd\" data-element_type=\"column\">\n\t\t\t<div class=\"elementor-widget-wrap elementor-element-populated\">\n\t\t\t\t\t\t<div class=\"elementor-element elementor-element-5e96c57 elementor-widget elementor-widget-text-editor\" data-id=\"5e96c57\" data-element_type=\"widget\" data-widget_type=\"text-editor.default\">\n\t\t\t\t<div class=\"elementor-widget-container\">\n\t\t\t\t\t\t\t\t\t<p>Na ter\u00e7a-feira (22), a Pol\u00edcia Civil de Santa Catarina, por meio da Delegacia de Pol\u00edcia de Anita Garibaldi, recuperou um ve\u00edculo que havia sido roubado de um advogado em Lages. A v\u00edtima procurou os policiais e relatou ter sido abordada por dois indiv\u00edduos, no bairro Habita\u00e7\u00e3o, em Lages e, ap\u00f3s ser agredido, teve seu ve\u00edculo, celular e documentos subtra\u00eddos.<\/p><p>Iniciados os trabalhos de investiga\u00e7\u00e3o, foi identificado que o ve\u00edculo estaria circulando em Lages e identificado os locais por onde havia passado. A equipe policial de Anita Garibaldi se deslocou at\u00e9 Lages e passou a realizar dilig\u00eancias visando localizar o carro objeto do crime.<\/p><p>Durante os trabalhos, os policiais encontraram o ve\u00edculo em uma rua do bairro Habita\u00e7\u00e3o e seus ocupantes. Realizada a abordagem, dois homens foram conduzidos \u00e0 Central de Plant\u00e3o Policial de Lages, onde foi feita a tomada de depoimentos e a apreens\u00e3o do ve\u00edculo.<\/p><p>As investiga\u00e7\u00f5es prosseguem para esclarecer os fatos e encaminhar os envolvidos para o Poder Judici\u00e1rio.<\/p>\t\t\t\t\t\t\t\t<\/div>\n\t\t\t\t<\/div>\n\t\t\t\t\t<\/div>\n\t\t<\/div>\n\t\t\t\t\t<\/div>\n\t\t<\/section>\n\t\t\t\t<\/div>\n\t\t","protected":false},"excerpt":{"rendered":"<p>Pol\u00edcia Civil recupera ve\u00edculo roubado de advogado em Lages Na ter\u00e7a-feira (22), a Pol\u00edcia Civil de Santa Catarina, por meio da Delegacia de Pol\u00edcia de Anita Garibaldi, recuperou um ve\u00edculo que havia sido roubado de um advogado em Lages. A v\u00edtima procurou os policiais e relatou ter sido abordada por dois indiv\u00edduos, no bairro Habita\u00e7\u00e3o, [&hellip;]<\/p>\n","protected":false},"author":5,"featured_media":20413,"comment_status":"closed","ping_status":"open","sticky":false,"template":"","format":"standard","meta":{"_monsterinsights_skip_tracking":false,"_monsterinsights_sitenote_active":false,"_monsterinsights_sitenote_note":"","_monsterinsights_sitenote_category":0,"footnotes":""},"categories":[1],"tags":[],"class_list":["post-20412","post","type-post","status-publish","format-standard","has-post-thumbnail","hentry","category-sem-categoria"],"_links":{"self":[{"href":"https:\/\/pc.sc.gov.br\/index.php?rest_route=\/wp\/v2\/posts\/20412","targetHints":{"allow":["GET"]}}],"collection":[{"href":"https:\/\/pc.sc.gov.br\/index.php?rest_route=\/wp\/v2\/posts"}],"about":[{"href":"https:\/\/pc.sc.gov.br\/index.php?rest_route=\/wp\/v2\/types\/post"}],"author":[{"embeddable":true,"href":"https:\/\/pc.sc.gov.br\/index.php?rest_route=\/wp\/v2\/users\/5"}],"replies":[{"embeddable":true,"href":"https:\/\/pc.sc.gov.br\/index.php?rest_route=%2Fwp%2Fv2%2Fcomments&post=20412"}],"version-history":[{"count":4,"href":"https:\/\/pc.sc.gov.br\/index.php?rest_route=\/wp\/v2\/posts\/20412\/revisions"}],"predecessor-version":[{"id":20417,"href":"https:\/\/pc.sc.gov.br\/index.php?rest_route=\/wp\/v2\/posts\/20412\/revisions\/20417"}],"wp:featuredmedia":[{"embeddable":true,"href":"https:\/\/pc.sc.gov.br\/index.php?rest_route=\/wp\/v2\/media\/20413"}],"wp:attachment":[{"href":"https:\/\/pc.sc.gov.br\/index.php?rest_route=%2Fwp%2Fv2%2Fmedia&parent=20412"}],"wp:term":[{"taxonomy":"category","embeddable":true,"href":"https:\/\/pc.sc.gov.br\/index.php?rest_route=%2Fwp%2Fv2%2Fcategories&post=20412"},{"taxonomy":"post_tag","embeddable":true,"href":"https:\/\/pc.sc.gov.br\/index.php?rest_route=%2Fwp%2Fv2%2Ftags&post=20412"}],"curies":[{"name":"wp","href":"https:\/\/api.w.org\/{rel}","templated":true}]}}